{"id":9997,"date":"2012-12-21T11:00:57","date_gmt":"2012-12-21T14:00:57","guid":{"rendered":"http:\/\/www.24baires.com\/?p=9997"},"modified":"2012-12-21T11:34:24","modified_gmt":"2012-12-21T14:34:24","slug":"autonomistas-vuelven-a-cortar-las-rutas-para-hacer-oir-sus-reclamos","status":"publish","type":"post","link":"https:\/\/www.24baires.com\/?p=9997","title":{"rendered":"Autonomistas vuelven a cortar las rutas para hacer o\u00edr sus reclamos"},"content":{"rendered":"<p><a href=\"http:\/\/www.24baires.com\/sociedad\/6383-autonomistas-volveran-a-cortar-rutas-durante-el-proximo-fin-de-semana-largo\/attachment\/autonomistas-quequen\/\" rel=\"attachment wp-att-6384\"><img data-recalc-dims=\"1\" loading=\"lazy\" decoding=\"async\" class=\"alignleft size-medium wp-image-6384\" alt=\"autonomistas quequ\u00e9n\" src=\"https:\/\/i0.wp.com\/www.24baires.com\/wp-content\/uploads\/2012\/11\/autonomistas-quequ%C3%A9n.jpg?resize=300%2C191\" width=\"300\" height=\"191\" srcset=\"https:\/\/i0.wp.com\/www.24baires.com\/wp-content\/uploads\/2012\/11\/autonomistas-quequ%C3%A9n.jpg?resize=300%2C191&amp;ssl=1 300w, https:\/\/i0.wp.com\/www.24baires.com\/wp-content\/uploads\/2012\/11\/autonomistas-quequ%C3%A9n.jpg?w=560&amp;ssl=1 560w\" sizes=\"auto, (max-width: 300px) 100vw, 300px\" \/><\/a>El s\u00e1bado 29 ocupar\u00e1n ruta 2 a la altura de Lezama, en el inicio de la temporada. Seguir\u00e1n todo el verano.<!--more--><\/p>\n<p>Los movimientos autonomistas de la Provincia resolvieron intensificar las protestas y anunciaron que realizar\u00e1n cortes de ruta durante todo el verano. La decisi\u00f3n fue adoptada este jueves luego de que la C\u00e1mara de Diputados dispusiera no tratar el proyecto de ley-marco que establece los par\u00e1metros que deben cumplir las localidades que desean transformarse en municipios.<\/p>\n<p>El anuncio lleg\u00f3 en el marco de una movilizaci\u00f3n que representantes de diversos pueblos realizaron a la Legislatura, donde reclamaron el avance del proyecto que tiene sanci\u00f3n del Senado. Pero frente a la negativa de los legisladores, los autonomistas se reunieron en las escalinatas del edificio y resolvieron volver a los cortes de ruta que en principio arrancar\u00e1n el s\u00e1bado 29 a la altura de Lezama.<\/p>\n<p>\u201cAc\u00e1 hubo una presi\u00f3n muy fuerte del Ejecutivo para que no haya ley\u201d, dispar\u00f3 el vocero de la Asociaci\u00f3n Nuevos Municipios, Hugo Iraizos. \u201cEs indudable que existi\u00f3 adem\u00e1s una presi\u00f3n de los intendentes para se aprobara el proyecto\u201d, acot\u00f3.<\/p>\n<p>De la movilizaci\u00f3n a Diputados participaron vecinos de Quequ\u00e9n, Huanguel\u00e9n, Altos del Tr\u00e1nsito, Lima y otras localidades que vienen pugnando por separarse de las ciudades cabeceras. El reclamo fue acompa\u00f1ado por el sonar de bombos y petardos, mientras el tramo de la avenida 53 entre 7 y 8 exhibi\u00f3 pancartas con los reclamos autonomistas.<\/p>\n<p>Una vez confirmado que la C\u00e1mara baja no avanzar\u00eda con la sanci\u00f3n del proyecto, un grupo de Quequ\u00e9n se dirigi\u00f3 al Senado para reclamar la aprobaci\u00f3n del proyecto para que se cree esa comuna escindida de Necochea. Y al no prosperar la exigencia, volaron algunos huevos que impactaron sobre el frente del edificio.<\/p>\n<p>Tras la negativa de los legisladores, los grupos autonomistas decidieron intensificar sus reclamos con cortes de ruta que arrancar\u00e1n el s\u00e1bado 29, a la altura de Lezama, en el inicio del movimiento tur\u00edstico. Pero un d\u00eda antes podr\u00edan iniciar las movidas con otro corte, tambi\u00e9n en ruta 2, pero en Alpargatas. \u201cSeguiremos todo el verano\u201d, anticiparon.<\/p>\n<p>&nbsp;<\/p>\n<p>&nbsp;<\/p>\n<p>&nbsp;<\/p>\n<p>&nbsp;<\/p>\n<p>&nbsp;<\/p>\n<p>&nbsp;<\/p>\n<p>&nbsp;<\/p>\n<p>&nbsp;<\/p>\n<p>&nbsp;<\/p>\n<p>&nbsp;<\/p>\n<p>&nbsp;<\/p>\n<p>&nbsp;<\/p>\n<p>&nbsp;<\/p>\n<p>&nbsp;<\/p>\n<p>&nbsp;<\/p>\n<p>&nbsp;<\/p>\n<p>&nbsp;<\/p>\n<p>&nbsp;<\/p>\n<p>&nbsp;<\/p>\n<p>&nbsp;<\/p>\n<p>&nbsp;<\/p>\n<p>&nbsp;<\/p>\n<p>&nbsp;<\/p>\n<p>&nbsp;<\/p>\n<p>&nbsp;<\/p>\n<p>&nbsp;<\/p>\n","protected":false},"excerpt":{"rendered":"<p>El s\u00e1bado 29 ocupar\u00e1n ruta 2 a la altura de Lezama, en el inicio de la temporada. Seguir\u00e1n todo el verano.<\/p>\n","protected":false},"author":4,"featured_media":0,"comment_status":"open","ping_status":"open","sticky":false,"template":"","format":"standard","meta":{"_jetpack_newsletter_access":"","_jetpack_dont_email_post_to_subs":false,"_jetpack_newsletter_tier_id":0,"_jetpack_memberships_contains_paywalled_content":false,"_jetpack_memberships_contains_paid_content":false,"footnotes":""},"categories":[1],"tags":[],"class_list":["post-9997","post","type-post","status-publish","format-standard","hentry","category-sociedad"],"jetpack_featured_media_url":"","jetpack_shortlink":"https:\/\/wp.me\/p2JWE0-2Bf","jetpack-related-posts":[{"id":10523,"url":"https:\/\/www.24baires.com\/?p=10523","url_meta":{"origin":9997,"position":0},"title":"Autonomistas volver\u00e1n a cortar la autopista 2 para intensificar sus reclamos","author":"AF","date":"27\/12\/2012","format":false,"excerpt":"Los movimientos autonomistas de la provincia de Buenos Aires realizar\u00e1n un corte de ruta el pr\u00f3ximo s\u00e1bado en la ruta 2 a 13 kil\u00f3metros del ingreso a Mar del Plata, a la altura del parque acu\u00e1tico, y prometen realizar manifestaciones a lo largo de todo el verano. La decisi\u00f3n adoptada\u2026","rel":"","context":"En \u00abSociedad\u00bb","block_context":{"text":"Sociedad","link":"https:\/\/www.24baires.com\/?cat=1"},"img":{"alt_text":"","src":"","width":0,"height":0},"classes":[]},{"id":4505,"url":"https:\/\/www.24baires.com\/?p=4505","url_meta":{"origin":9997,"position":1},"title":"El pr\u00f3ximo fin de semana largo los autonomistas volver\u00e1n a las rutas","author":"Grupo Sierra","date":"05\/11\/2012","format":false,"excerpt":"Aseguran que \u201cnadie\u201d los atiende en el Gobierno y que no avanzan los proyectos para crear nuevos distritos. La idea que se maneja por estas horas es producir un corte en la ruta 2 a la altura de Alpargatas, justo cuando se inicie el fin de semana largo de los\u2026","rel":"","context":"En \u00abPol\u00edtica\u00bb","block_context":{"text":"Pol\u00edtica","link":"https:\/\/www.24baires.com\/?cat=51"},"img":{"alt_text":"","src":"https:\/\/i0.wp.com\/www.24baires.com\/wp-content\/uploads\/2012\/11\/quequen-automistas-300x183.jpg?resize=350%2C200","width":350,"height":200},"classes":[]},{"id":6383,"url":"https:\/\/www.24baires.com\/?p=6383","url_meta":{"origin":9997,"position":2},"title":"Autonomistas volver\u00e1n a cortar rutas durante el pr\u00f3ximo fin de semana largo","author":"AF","date":"22\/11\/2012","format":false,"excerpt":"La Asociaci\u00f3n Nuevos Municipios, resolvi\u00f3 realizar un corte en Ruta N\u00ba 2, el pr\u00f3ximo viernes 23 a partir de las 18, a la altura de Alpargatas. La medida prevista para el fin de semana largo, es en reclamo por el avance de los proyectos para crear nuevas comunas y la\u2026","rel":"","context":"En \u00abSociedad\u00bb","block_context":{"text":"Sociedad","link":"https:\/\/www.24baires.com\/?cat=1"},"img":{"alt_text":"","src":"https:\/\/i0.wp.com\/www.24baires.com\/wp-content\/uploads\/2012\/11\/autonomistas-quequ%C3%A9n.jpg?resize=350%2C200","width":350,"height":200,"srcset":"https:\/\/i0.wp.com\/www.24baires.com\/wp-content\/uploads\/2012\/11\/autonomistas-quequ%C3%A9n.jpg?resize=350%2C200 1x, https:\/\/i0.wp.com\/www.24baires.com\/wp-content\/uploads\/2012\/11\/autonomistas-quequ%C3%A9n.jpg?resize=525%2C300 1.5x"},"classes":[]},{"id":6220,"url":"https:\/\/www.24baires.com\/?p=6220","url_meta":{"origin":9997,"position":3},"title":"Autonomistas vuelven a reclamar cortando rutas","author":"AF","date":"21\/11\/2012","format":false,"excerpt":"Un grupo de movimientos autonomistas de la Provincia decidi\u00f3 endurecer sus reclamos y realizar\u00e1 durante el fin de semana largo cortes en la ruta 2 y en distintas lugares del Conurbano. En medio del fuerte movimiento que se aguarda por el fin de semana largo, la Asociaci\u00f3n Nuevos Municipios resolvi\u00f3\u2026","rel":"","context":"En \u00abSociedad\u00bb","block_context":{"text":"Sociedad","link":"https:\/\/www.24baires.com\/?cat=1"},"img":{"alt_text":"","src":"https:\/\/i0.wp.com\/www.24baires.com\/wp-content\/uploads\/2012\/11\/autonomistasquequen1-300x198.jpg?resize=350%2C200","width":350,"height":200},"classes":[]},{"id":53773,"url":"https:\/\/www.24baires.com\/?p=53773","url_meta":{"origin":9997,"position":4},"title":"Piden nuevos municipios mediante cortes de ruta","author":"Grupo Sierra","date":"16\/09\/2014","format":false,"excerpt":"Movimientos autonomistas reclaman la sanci\u00f3n de una ley en la Legislatura. Y advierten que saldr\u00e1n a la Ruta 2 el pr\u00f3ximo fin de semana. Vecinos de distintos puntos de la Provincia enrolados en un movimiento que reclama la autonom\u00eda de sus pueblos anunciaron ayer que saldr\u00e1n a realizar una protesta\u2026","rel":"","context":"En \u00abProvincia\u00bb","block_context":{"text":"Provincia","link":"https:\/\/www.24baires.com\/?cat=40"},"img":{"alt_text":"corte ruta 2","src":"https:\/\/i0.wp.com\/www.24baires.com\/wp-content\/uploads\/2014\/09\/corte-ruta-2-300x168.jpg?resize=350%2C200","width":350,"height":200},"classes":[]},{"id":7815,"url":"https:\/\/www.24baires.com\/?p=7815","url_meta":{"origin":9997,"position":5},"title":"Autonomistas de Quequ\u00e9n advierten: \u201csin autonom\u00eda no hay verano\u201d","author":"AF","date":"04\/12\/2012","format":false,"excerpt":"El resurgimiento de los pedidos de autonom\u00eda, luego de que Lezama lograra transformarse en 2009 en el municipio n\u00famero 135 va en aumento. Vecinos de Quequ\u00e9n esperan tener novedades en la Legislatura antes de que finalice el a\u00f1o y amenazan con endurecer sus reclamos si no son escuchados. El caso\u2026","rel":"","context":"En \u00abSociedad\u00bb","block_context":{"text":"Sociedad","link":"https:\/\/www.24baires.com\/?cat=1"},"img":{"alt_text":"","src":"https:\/\/i0.wp.com\/www.24baires.com\/wp-content\/uploads\/2012\/11\/autonomistas-quequ%C3%A9n.jpg?resize=350%2C200","width":350,"height":200,"srcset":"https:\/\/i0.wp.com\/www.24baires.com\/wp-content\/uploads\/2012\/11\/autonomistas-quequ%C3%A9n.jpg?resize=350%2C200 1x, https:\/\/i0.wp.com\/www.24baires.com\/wp-content\/uploads\/2012\/11\/autonomistas-quequ%C3%A9n.jpg?resize=525%2C300 1.5x"},"classes":[]}],"jetpack_sharing_enabled":true,"jetpack_likes_enabled":true,"_links":{"self":[{"href":"https:\/\/www.24baires.com\/index.php?rest_route=\/wp\/v2\/posts\/9997","targetHints":{"allow":["GET"]}}],"collection":[{"href":"https:\/\/www.24baires.com\/index.php?rest_route=\/wp\/v2\/posts"}],"about":[{"href":"https:\/\/www.24baires.com\/index.php?rest_route=\/wp\/v2\/types\/post"}],"author":[{"embeddable":true,"href":"https:\/\/www.24baires.com\/index.php?rest_route=\/wp\/v2\/users\/4"}],"replies":[{"embeddable":true,"href":"https:\/\/www.24baires.com\/index.php?rest_route=%2Fwp%2Fv2%2Fcomments&post=9997"}],"version-history":[{"count":3,"href":"https:\/\/www.24baires.com\/index.php?rest_route=\/wp\/v2\/posts\/9997\/revisions"}],"predecessor-version":[{"id":10000,"href":"https:\/\/www.24baires.com\/index.php?rest_route=\/wp\/v2\/posts\/9997\/revisions\/10000"}],"wp:attachment":[{"href":"https:\/\/www.24baires.com\/index.php?rest_route=%2Fwp%2Fv2%2Fmedia&parent=9997"}],"wp:term":[{"taxonomy":"category","embeddable":true,"href":"https:\/\/www.24baires.com\/index.php?rest_route=%2Fwp%2Fv2%2Fcategories&post=9997"},{"taxonomy":"post_tag","embeddable":true,"href":"https:\/\/www.24baires.com\/index.php?rest_route=%2Fwp%2Fv2%2Ftags&post=9997"}],"curies":[{"name":"wp","href":"https:\/\/api.w.org\/{rel}","templated":true}]}}