{"id":9992,"date":"2012-12-21T11:16:35","date_gmt":"2012-12-21T14:16:35","guid":{"rendered":"http:\/\/www.24baires.com\/?p=9992"},"modified":"2012-12-21T11:16:40","modified_gmt":"2012-12-21T14:16:40","slug":"lanzan-el-clasico-operativo-sol-en-los-mayores-centros-turisticos-de-la-provincia","status":"publish","type":"post","link":"https:\/\/www.24baires.com\/?p=9992","title":{"rendered":"Lanzan el cl\u00e1sico Operativo Sol en los mayores centros tur\u00edsticos de la Provincia"},"content":{"rendered":"<p><a href=\"http:\/\/www.24baires.com\/sociedad\/9992-lanzan-el-clasico-operativo-sol-en-los-mayores-centros-turisticos-de-la-provincia\/attachment\/operativo-sol\/\" rel=\"attachment wp-att-9993\"><img data-recalc-dims=\"1\" loading=\"lazy\" decoding=\"async\" class=\"aligncenter size-full wp-image-9993\" alt=\"operativo sol\" src=\"https:\/\/i0.wp.com\/www.24baires.com\/wp-content\/uploads\/2012\/12\/operativo-sol.jpg?resize=560%2C392\" width=\"560\" height=\"392\" srcset=\"https:\/\/i0.wp.com\/www.24baires.com\/wp-content\/uploads\/2012\/12\/operativo-sol.jpg?w=560&amp;ssl=1 560w, https:\/\/i0.wp.com\/www.24baires.com\/wp-content\/uploads\/2012\/12\/operativo-sol.jpg?resize=300%2C210&amp;ssl=1 300w\" sizes=\"auto, (max-width: 560px) 100vw, 560px\" \/><\/a><\/p>\n<p>Involucra a 8.000 polic\u00edas, 600 patrulleros, m\u00e1s de 500 motocicletas, 2 helic\u00f3pteros, ambulancias y bomberos.<!--more--><br \/>\nEl Gobierno bonaerense lanza este viernes el Operativo Sol en el que estar\u00e1n involucrados 8.000 polic\u00edas dedicados a la prevenci\u00f3n de la seguridad, entre los cuales hay un millar que pertenece a agencias privadas. Se destinar\u00e1n, adem\u00e1s, 600 patrulleros, m\u00e1s de 500 motocicletas, 2 helic\u00f3pteros, ambulancias, personal de bomberos.<\/p>\n<p>Esta iniciativa tambi\u00e9n contempla un sistema de prevenci\u00f3n de las adicciones, el control de alcoholemia y el sistema de Seguridad Vial, siempre pol\u00e9mico por diversos casos que empa\u00f1an las temporadas de verano.<\/p>\n<p>\u201cLos agentes privados se van a ocupar de centros comerciales y los lugares adyacentes a los comercios, lo cual libera a los polic\u00edas para otras zonas, y luego habr\u00e1 7.000 polic\u00edas distribuidos en la Costa Atl\u00e1ntica\u201d, destac\u00f3 el ministro de Justicia y Seguridad, Ricardo Casal, quien dio adem\u00e1s detalles sobre la incorporaci\u00f3n de \u201cpatrulleros con monitoreo m\u00f3vil, para que en distintas horas del d\u00eda se ubiquen en lugares estrat\u00e9gicos, fundamentalmente a la noche, en la entrada y salida de boliches, para prevenir en la seguridad y salud de los chicos\u201d.<\/p>\n<p>&nbsp;<\/p>\n<p>&nbsp;<\/p>\n<p>&nbsp;<\/p>\n<p>&nbsp;<\/p>\n<p>&nbsp;<\/p>\n<p>&nbsp;<\/p>\n<p>&nbsp;<\/p>\n<p>&nbsp;<\/p>\n<p>&nbsp;<\/p>\n<p>&nbsp;<\/p>\n<p>&nbsp;<\/p>\n<p>&nbsp;<\/p>\n<p>&nbsp;<\/p>\n<p>&nbsp;<\/p>\n<p>&nbsp;<\/p>\n<p>&nbsp;<\/p>\n","protected":false},"excerpt":{"rendered":"<p>Involucra a 8.000 polic\u00edas, 600 patrulleros, m\u00e1s de 500 motocicletas, 2 helic\u00f3pteros, ambulancias y bomberos.<\/p>\n","protected":false},"author":4,"featured_media":0,"comment_status":"open","ping_status":"open","sticky":false,"template":"","format":"standard","meta":{"_jetpack_newsletter_access":"","_jetpack_dont_email_post_to_subs":false,"_jetpack_newsletter_tier_id":0,"_jetpack_memberships_contains_paywalled_content":false,"_jetpack_memberships_contains_paid_content":false,"footnotes":""},"categories":[1],"tags":[],"class_list":["post-9992","post","type-post","status-publish","format-standard","hentry","category-sociedad"],"jetpack_featured_media_url":"","jetpack_shortlink":"https:\/\/wp.me\/p2JWE0-2Ba","jetpack-related-posts":[{"id":118356,"url":"https:\/\/www.24baires.com\/?p=118356","url_meta":{"origin":9992,"position":0},"title":"Axel Kicillof lanza el Operativo Sol 2022 en Mar del Plata","author":"GB","date":"20\/12\/2021","format":false,"excerpt":"El gobernador de la Provincia de Buenos Aires, Axel Kicillof, presenta el Operativo Sol 2022 en la Ciudad de Mar del Plata tras lanzar la temporada de verano. Luego de lanzar la temporada de verano al inaugurar la finalizaci\u00f3n de las obras en las autov\u00edas y rutas N\u00ba 11 y\u2026","rel":"","context":"En \u00abProvincia\u00bb","block_context":{"text":"Provincia","link":"https:\/\/www.24baires.com\/?cat=40"},"img":{"alt_text":"","src":"https:\/\/i0.wp.com\/www.24baires.com\/wp-content\/uploads\/2021\/12\/axel-kicillof-mar-del-platajpg-300x200.jpg?resize=350%2C200","width":350,"height":200},"classes":[]},{"id":91223,"url":"https:\/\/www.24baires.com\/?p=91223","url_meta":{"origin":9992,"position":1},"title":"El Operativo Sol tendr\u00e1 4 mil efectivos m\u00e1s que en 2015","author":"GB","date":"30\/12\/2016","format":false,"excerpt":"Se lanz\u00f3 formalmente el plan de seguridad para toda la costa. La gobernadora Mar\u00eda Eugenia Vidal y el ministro Ritondo encabezaron el acto Este viernes se present\u00f3 el Operativo Sol que contar\u00e1 con 16 mil efectivos, 9 helic\u00f3pteros y m\u00e1s de 300 veh\u00edculos nuevos distribuidos en la costa. Para esta\u2026","rel":"","context":"En \u00abPol\u00edtica\u00bb","block_context":{"text":"Pol\u00edtica","link":"https:\/\/www.24baires.com\/?cat=51"},"img":{"alt_text":"","src":"https:\/\/i0.wp.com\/www.24baires.com\/wp-content\/uploads\/2016\/12\/vidal-mdp-1.jpg?resize=350%2C200","width":350,"height":200,"srcset":"https:\/\/i0.wp.com\/www.24baires.com\/wp-content\/uploads\/2016\/12\/vidal-mdp-1.jpg?resize=350%2C200 1x, https:\/\/i0.wp.com\/www.24baires.com\/wp-content\/uploads\/2016\/12\/vidal-mdp-1.jpg?resize=525%2C300 1.5x"},"classes":[]},{"id":122467,"url":"https:\/\/www.24baires.com\/?p=122467","url_meta":{"origin":9992,"position":2},"title":"Kicillof volvi\u00f3 a pedir el voto anti motosierra: \u00bb El 7 de septiembre hay que ponerle un freno en las urna\u00bb","author":"GB","date":"18\/08\/2025","format":false,"excerpt":"Acompa\u00f1ado del intendente Pablo Zurro, el gobernador inaugur\u00f3 un centro de salud que beneficiar\u00e1 a 45.000 vecinos y entreg\u00f3 patrulleros, oponiendo gesti\u00f3n al ajuste del presidente Javier Milei. El gobernador bonaerense, Axel Kicillof, encabez\u00f3 este viernes en Pehuaj\u00f3 la inauguraci\u00f3n del Centro de Atenci\u00f3n Primaria de la Salud (CAPS) \u201cJorge\u2026","rel":"","context":"En \u00abProvincia\u00bb","block_context":{"text":"Provincia","link":"https:\/\/www.24baires.com\/?cat=40"},"img":{"alt_text":"","src":"https:\/\/i0.wp.com\/www.24baires.com\/wp-content\/uploads\/2025\/08\/axel-vecinos.webp?resize=350%2C200","width":350,"height":200,"srcset":"https:\/\/i0.wp.com\/www.24baires.com\/wp-content\/uploads\/2025\/08\/axel-vecinos.webp?resize=350%2C200 1x, https:\/\/i0.wp.com\/www.24baires.com\/wp-content\/uploads\/2025\/08\/axel-vecinos.webp?resize=525%2C300 1.5x, https:\/\/i0.wp.com\/www.24baires.com\/wp-content\/uploads\/2025\/08\/axel-vecinos.webp?resize=700%2C400 2x"},"classes":[]},{"id":93037,"url":"https:\/\/www.24baires.com\/?p=93037","url_meta":{"origin":9992,"position":3},"title":"Quinientos polic\u00edas retomaron los rastrillajes en Olavarr\u00eda tras el recital del Indio Solari","author":"AF","date":"14\/03\/2017","format":false,"excerpt":"Unos 500 efectivos de la Polic\u00eda de la provincia de Buenos Aires, con refuerzos de Gendarmer\u00eda y Polic\u00eda Federal, participan este martes de un operativo de rastrillaje en Olavarr\u00eda en b\u00fasqueda de las personas que no fueron localizadas tras el recital del Indio Solari el \u00faltimo s\u00e1bado, que dej\u00f3 un\u2026","rel":"","context":"En \u00abSociedad\u00bb","block_context":{"text":"Sociedad","link":"https:\/\/www.24baires.com\/?cat=1"},"img":{"alt_text":"","src":"https:\/\/i0.wp.com\/www.24baires.com\/wp-content\/uploads\/2017\/03\/rastrillaje-olavarr%C3%ADa.png?resize=350%2C200","width":350,"height":200,"srcset":"https:\/\/i0.wp.com\/www.24baires.com\/wp-content\/uploads\/2017\/03\/rastrillaje-olavarr%C3%ADa.png?resize=350%2C200 1x, https:\/\/i0.wp.com\/www.24baires.com\/wp-content\/uploads\/2017\/03\/rastrillaje-olavarr%C3%ADa.png?resize=525%2C300 1.5x"},"classes":[]},{"id":119865,"url":"https:\/\/www.24baires.com\/?p=119865","url_meta":{"origin":9992,"position":4},"title":"Alerta m\u00e1xima por otro incendio a pocos kil\u00f3metros de Atucha","author":"GB","date":"07\/03\/2023","format":false,"excerpt":"Ocurre en la localidad de Lima. 4 dotaciones de Bomberos, 3 helic\u00f3pteros y un avi\u00f3n hidrante trabajan en el lugar. \"Estamos en alerta. Todos los recursos a\u00e9reos fueron destinados a esa zona, pr\u00f3xima a la central Atucha\", advirtieron a LaNoticia1.com desde Defensa Civil. En la Central conf\u00edan en que los\u2026","rel":"","context":"En \u00abSociedad\u00bb","block_context":{"text":"Sociedad","link":"https:\/\/www.24baires.com\/?cat=1"},"img":{"alt_text":"","src":"https:\/\/i0.wp.com\/www.24baires.com\/wp-content\/uploads\/2023\/03\/incendio-fuego-lima-zaratejpg.jpg?resize=350%2C200","width":350,"height":200,"srcset":"https:\/\/i0.wp.com\/www.24baires.com\/wp-content\/uploads\/2023\/03\/incendio-fuego-lima-zaratejpg.jpg?resize=350%2C200 1x, https:\/\/i0.wp.com\/www.24baires.com\/wp-content\/uploads\/2023\/03\/incendio-fuego-lima-zaratejpg.jpg?resize=525%2C300 1.5x, https:\/\/i0.wp.com\/www.24baires.com\/wp-content\/uploads\/2023\/03\/incendio-fuego-lima-zaratejpg.jpg?resize=700%2C400 2x"},"classes":[]},{"id":43539,"url":"https:\/\/www.24baires.com\/?p=43539","url_meta":{"origin":9992,"position":5},"title":"Triple choque en Mataderos, con un patrullero involucrado","author":"Grupo Sierra","date":"09\/04\/2014","format":false,"excerpt":"El accidente ocurri\u00f3 alrededor de la 1, cuando un veh\u00edculo policial, un Gol y un Peugeot 207 colisionaron en la intersecci\u00f3n de las calles Guardia Nacional y Rod\u00f3. Cuatro personas resultaron heridas esta madrugada en el triple choque entre un patrullero y dos autom\u00f3viles particulares, en el barrio porte\u00f1o de\u2026","rel":"","context":"En \u00abPoliciales\u00bb","block_context":{"text":"Policiales","link":"https:\/\/www.24baires.com\/?cat=49"},"img":{"alt_text":"choque","src":"https:\/\/i0.wp.com\/www.24baires.com\/wp-content\/uploads\/2014\/04\/choque-300x199.jpg?resize=350%2C200","width":350,"height":200},"classes":[]}],"jetpack_sharing_enabled":true,"jetpack_likes_enabled":true,"_links":{"self":[{"href":"https:\/\/www.24baires.com\/index.php?rest_route=\/wp\/v2\/posts\/9992","targetHints":{"allow":["GET"]}}],"collection":[{"href":"https:\/\/www.24baires.com\/index.php?rest_route=\/wp\/v2\/posts"}],"about":[{"href":"https:\/\/www.24baires.com\/index.php?rest_route=\/wp\/v2\/types\/post"}],"author":[{"embeddable":true,"href":"https:\/\/www.24baires.com\/index.php?rest_route=\/wp\/v2\/users\/4"}],"replies":[{"embeddable":true,"href":"https:\/\/www.24baires.com\/index.php?rest_route=%2Fwp%2Fv2%2Fcomments&post=9992"}],"version-history":[{"count":3,"href":"https:\/\/www.24baires.com\/index.php?rest_route=\/wp\/v2\/posts\/9992\/revisions"}],"predecessor-version":[{"id":9996,"href":"https:\/\/www.24baires.com\/index.php?rest_route=\/wp\/v2\/posts\/9992\/revisions\/9996"}],"wp:attachment":[{"href":"https:\/\/www.24baires.com\/index.php?rest_route=%2Fwp%2Fv2%2Fmedia&parent=9992"}],"wp:term":[{"taxonomy":"category","embeddable":true,"href":"https:\/\/www.24baires.com\/index.php?rest_route=%2Fwp%2Fv2%2Fcategories&post=9992"},{"taxonomy":"post_tag","embeddable":true,"href":"https:\/\/www.24baires.com\/index.php?rest_route=%2Fwp%2Fv2%2Ftags&post=9992"}],"curies":[{"name":"wp","href":"https:\/\/api.w.org\/{rel}","templated":true}]}}