{"id":9988,"date":"2012-12-21T10:41:28","date_gmt":"2012-12-21T13:41:28","guid":{"rendered":"http:\/\/www.24baires.com\/?p=9988"},"modified":"2012-12-21T10:41:28","modified_gmt":"2012-12-21T13:41:28","slug":"ate-moviliza-reclamando-la-regularizacion-de-deudas-estatales-con-jardines","status":"publish","type":"post","link":"https:\/\/www.24baires.com\/?p=9988","title":{"rendered":"ATE moviliza reclamando la regularizaci\u00f3n de deudas estatales con jardines"},"content":{"rendered":"<p><strong>LA PLATA &#8211;<\/strong> El gremio que nuclea a los trabajadores del Estado se concentra frente a la Tesorer\u00eda del Ministerio de Econom\u00eda para exigir el pago de partidas adeudadas por parte del gobierno provincial a jardines maternales y de infantes.<!--more--><\/p>\n<p>La Asociaci\u00f3n de Trabajadores del Estado (ATE) expres\u00f3 mediante un comunicado que \u201cnuestros hijos e hijas no tienen garantizado la continuidad del proceso educativo en el ciclo 2013. Esto pone en situaci\u00f3n de vulnerabilidad a los chicos en proceso de aprendizaje\u201d.<\/p>\n<p>Adem\u00e1s explicaron que \u201cesto se da por las trabas en los pagos que las distintas jurisdicciones emitieron. Hoy los pagos de los jardines est\u00e1n parados en la Tesorer\u00eda de la Provincia\u201d<\/p>\n<p>En ese sentido, el gremio reafirm\u00f3 su \u201crepudio a esta situaci\u00f3n\u201d exigiendo la pronta regularizaci\u00f3n de las partidas adeudadas a los jardines maternales y de infantes.<\/p>\n<p>Por su parte, los trabajadores dependientes la Secretar\u00eda de Derechos Humanos, de ARBA, Ministerio de Salud, de Ni\u00f1ez y Adolescencia y Desarrollo Social, realizan una conferencia de prensa este viernes frente a la Tesorer\u00eda provincial.<\/p>\n<p>&nbsp;<\/p>\n<p>&nbsp;<\/p>\n<p>&nbsp;<\/p>\n<p>&nbsp;<\/p>\n<p>&nbsp;<\/p>\n<p>&nbsp;<\/p>\n<p>&nbsp;<\/p>\n<p>&nbsp;<\/p>\n<p>&nbsp;<\/p>\n<p>&nbsp;<\/p>\n<p>&nbsp;<\/p>\n<p>&nbsp;<\/p>\n<p>&nbsp;<\/p>\n<p>&nbsp;<\/p>\n<p>&nbsp;<\/p>\n<p>&nbsp;<\/p>\n<p>&nbsp;<\/p>\n<p>&nbsp;<\/p>\n<p>&nbsp;<\/p>\n<p>&nbsp;<\/p>\n<p>&nbsp;<\/p>\n<p>&nbsp;<\/p>\n<p>&nbsp;<\/p>\n<p>&nbsp;<\/p>\n<p>&nbsp;<\/p>\n<p>&nbsp;<\/p>\n<p>&nbsp;<\/p>\n<p>&nbsp;<\/p>\n<p>&nbsp;<\/p>\n","protected":false},"excerpt":{"rendered":"<p>LA PLATA &#8211; El gremio que nuclea a los trabajadores del Estado se concentra frente a la Tesorer\u00eda del Ministerio de Econom\u00eda para exigir el pago de partidas adeudadas por parte del gobierno provincial a jardines maternales y de infantes.<\/p>\n","protected":false},"author":4,"featured_media":0,"comment_status":"open","ping_status":"open","sticky":false,"template":"","format":"standard","meta":{"_jetpack_newsletter_access":"","_jetpack_dont_email_post_to_subs":false,"_jetpack_newsletter_tier_id":0,"_jetpack_memberships_contains_paywalled_content":false,"_jetpack_memberships_contains_paid_content":false,"footnotes":""},"categories":[1],"tags":[],"class_list":["post-9988","post","type-post","status-publish","format-standard","hentry","category-sociedad"],"jetpack_featured_media_url":"","jetpack_shortlink":"https:\/\/wp.me\/p2JWE0-2B6","jetpack-related-posts":[{"id":5244,"url":"https:\/\/www.24baires.com\/?p=5244","url_meta":{"origin":9988,"position":0},"title":"Los docentes que no paran se re\u00fanen con De Luc\u00eda","author":"AF","date":"13\/11\/2012","format":false,"excerpt":"Los nucleados en Udocba est\u00e1n de paro por 48 horas, mientras que el resto se re\u00fane con la directora de Educaci\u00f3n bonaerense. El ministro de Trabajo, Oscar Cuartango manifest\u00f3 que \"se sabe de la situaci\u00f3n de la Provincia y no hay posibilidad de un aumento de los sueldos\". En concordancia\u2026","rel":"","context":"En \u00abSociedad\u00bb","block_context":{"text":"Sociedad","link":"https:\/\/www.24baires.com\/?cat=1"},"img":{"alt_text":"","src":"https:\/\/i0.wp.com\/www.24baires.com\/wp-content\/uploads\/2012\/11\/de-luc%C3%ADa-y-docentes-300x196.jpg?resize=350%2C200","width":350,"height":200},"classes":[]},{"id":111888,"url":"https:\/\/www.24baires.com\/?p=111888","url_meta":{"origin":9988,"position":1},"title":"Arba lanza nuevos planes de pago para cancelar deudas de todos los impuestos","author":"GB","date":"02\/09\/2019","format":false,"excerpt":"La Agencia de Recaudaci\u00f3n de la provincia de Buenos Aires (ARBA) pondr\u00e1 en marcha este lunes un nuevo programa de regularizaci\u00f3n con facilidades para cancelar deudas tributarias de todos los impuestos que se encuentren en instancia judicial como prejudicial. Esta medida, seg\u00fan estimaciones del fisco, constituir\u00e1 un paliativo para casi\u2026","rel":"","context":"En \u00abProvincia\u00bb","block_context":{"text":"Provincia","link":"https:\/\/www.24baires.com\/?cat=40"},"img":{"alt_text":"","src":"https:\/\/i0.wp.com\/www.24baires.com\/wp-content\/uploads\/2013\/02\/arba-elite.jpg?resize=350%2C200","width":350,"height":200,"srcset":"https:\/\/i0.wp.com\/www.24baires.com\/wp-content\/uploads\/2013\/02\/arba-elite.jpg?resize=350%2C200 1x, https:\/\/i0.wp.com\/www.24baires.com\/wp-content\/uploads\/2013\/02\/arba-elite.jpg?resize=525%2C300 1.5x"},"classes":[]},{"id":106813,"url":"https:\/\/www.24baires.com\/?p=106813","url_meta":{"origin":9988,"position":2},"title":"De Isasi llam\u00f3 a los gremios estatales a realizar un paro","author":"GB","date":"13\/02\/2019","format":false,"excerpt":"El secretario general de ATE y la CTA Aut\u00f3noma breg\u00f3 la \u201cunidad y masividad para derrotar el ajuste\u201d en el marco de una protesta a Educaci\u00f3n bonaerense por sueldos adeudados y despidos. Mientras este mi\u00e9rcoles comienza la paritaria salarial entre el gobierno de la provincia de Buenos Aires y el\u2026","rel":"","context":"En \u00abProvincia\u00bb","block_context":{"text":"Provincia","link":"https:\/\/www.24baires.com\/?cat=40"},"img":{"alt_text":"","src":"https:\/\/i0.wp.com\/www.24baires.com\/wp-content\/uploads\/2018\/11\/estatales.jpg?resize=350%2C200","width":350,"height":200,"srcset":"https:\/\/i0.wp.com\/www.24baires.com\/wp-content\/uploads\/2018\/11\/estatales.jpg?resize=350%2C200 1x, https:\/\/i0.wp.com\/www.24baires.com\/wp-content\/uploads\/2018\/11\/estatales.jpg?resize=525%2C300 1.5x"},"classes":[]},{"id":106797,"url":"https:\/\/www.24baires.com\/?p=106797","url_meta":{"origin":9988,"position":3},"title":"Movilizaci\u00f3n de ATE contra los despidos y recortes en educaci\u00f3n","author":"GB","date":"12\/02\/2019","format":false,"excerpt":"Ser\u00e1 en el marco de una Jornada Provincial de Lucha en reclamo de sueldos adeudados a trabajadores auxiliares suplentes, contra los despidos en la DGCyE, por mayor infraestructura escolar, pase a planta permanente, condiciones dignas de trabajo, apertura de mesas t\u00e9cnicas y cobertura de cargos. Los trabajadores nucleados en la\u2026","rel":"","context":"En \u00abProvincia\u00bb","block_context":{"text":"Provincia","link":"https:\/\/www.24baires.com\/?cat=40"},"img":{"alt_text":"","src":"https:\/\/i0.wp.com\/www.24baires.com\/wp-content\/uploads\/2016\/01\/detenido-ate.jpg?resize=350%2C200","width":350,"height":200,"srcset":"https:\/\/i0.wp.com\/www.24baires.com\/wp-content\/uploads\/2016\/01\/detenido-ate.jpg?resize=350%2C200 1x, https:\/\/i0.wp.com\/www.24baires.com\/wp-content\/uploads\/2016\/01\/detenido-ate.jpg?resize=525%2C300 1.5x"},"classes":[]},{"id":53825,"url":"https:\/\/www.24baires.com\/?p=53825","url_meta":{"origin":9988,"position":4},"title":"Nuevo paro de trabajadores del Estado con movilizaci\u00f3n en La Plata","author":"Grupo Sierra","date":"17\/09\/2014","format":false,"excerpt":"La Asociaci\u00f3n Trabajadores del Estado realizar\u00e1 ma\u00f1ana una medida de fuerza con manifestaci\u00f3n en la Direcci\u00f3n General de Escuelas bonaerense, con sede en La Plata. La protesta es en continuidad del plan de acci\u00f3n del gremio, e incluir\u00e1 acciones regionales y caravanas. Los trabajadores entregar\u00e1n al organismo un documento acompa\u00f1ado\u2026","rel":"","context":"En \u00abProvincia\u00bb","block_context":{"text":"Provincia","link":"https:\/\/www.24baires.com\/?cat=40"},"img":{"alt_text":"ate","src":"https:\/\/i0.wp.com\/www.24baires.com\/wp-content\/uploads\/2014\/04\/ate.jpg?resize=350%2C200","width":350,"height":200,"srcset":"https:\/\/i0.wp.com\/www.24baires.com\/wp-content\/uploads\/2014\/04\/ate.jpg?resize=350%2C200 1x, https:\/\/i0.wp.com\/www.24baires.com\/wp-content\/uploads\/2014\/04\/ate.jpg?resize=525%2C300 1.5x"},"classes":[]},{"id":108106,"url":"https:\/\/www.24baires.com\/?p=108106","url_meta":{"origin":9988,"position":5},"title":"Coca Cola no paga salarios y los trabajadores bloquean el ingreso a la planta","author":"GB","date":"11\/05\/2019","format":false,"excerpt":"Se trata de sueldos adeudados de 64 empleados repartidores de la firma que en el mes de febrero pidi\u00f3 el Preventivo de Crisis ante la deceleraci\u00f3n del consumo y la acumulaci\u00f3n de stock. Empleados de Coca Cola bloquearon las puertas de la f\u00e1brica ubicada en la localidad de Bah\u00eda Blanca.\u2026","rel":"","context":"En \u00abSociedad\u00bb","block_context":{"text":"Sociedad","link":"https:\/\/www.24baires.com\/?cat=1"},"img":{"alt_text":"","src":"https:\/\/i0.wp.com\/www.24baires.com\/wp-content\/uploads\/2019\/05\/planta-coca-cola.jpg?resize=350%2C200","width":350,"height":200,"srcset":"https:\/\/i0.wp.com\/www.24baires.com\/wp-content\/uploads\/2019\/05\/planta-coca-cola.jpg?resize=350%2C200 1x, https:\/\/i0.wp.com\/www.24baires.com\/wp-content\/uploads\/2019\/05\/planta-coca-cola.jpg?resize=525%2C300 1.5x"},"classes":[]}],"jetpack_sharing_enabled":true,"jetpack_likes_enabled":true,"_links":{"self":[{"href":"https:\/\/www.24baires.com\/index.php?rest_route=\/wp\/v2\/posts\/9988","targetHints":{"allow":["GET"]}}],"collection":[{"href":"https:\/\/www.24baires.com\/index.php?rest_route=\/wp\/v2\/posts"}],"about":[{"href":"https:\/\/www.24baires.com\/index.php?rest_route=\/wp\/v2\/types\/post"}],"author":[{"embeddable":true,"href":"https:\/\/www.24baires.com\/index.php?rest_route=\/wp\/v2\/users\/4"}],"replies":[{"embeddable":true,"href":"https:\/\/www.24baires.com\/index.php?rest_route=%2Fwp%2Fv2%2Fcomments&post=9988"}],"version-history":[{"count":1,"href":"https:\/\/www.24baires.com\/index.php?rest_route=\/wp\/v2\/posts\/9988\/revisions"}],"predecessor-version":[{"id":9989,"href":"https:\/\/www.24baires.com\/index.php?rest_route=\/wp\/v2\/posts\/9988\/revisions\/9989"}],"wp:attachment":[{"href":"https:\/\/www.24baires.com\/index.php?rest_route=%2Fwp%2Fv2%2Fmedia&parent=9988"}],"wp:term":[{"taxonomy":"category","embeddable":true,"href":"https:\/\/www.24baires.com\/index.php?rest_route=%2Fwp%2Fv2%2Fcategories&post=9988"},{"taxonomy":"post_tag","embeddable":true,"href":"https:\/\/www.24baires.com\/index.php?rest_route=%2Fwp%2Fv2%2Ftags&post=9988"}],"curies":[{"name":"wp","href":"https:\/\/api.w.org\/{rel}","templated":true}]}}