{"id":9977,"date":"2012-12-21T10:20:20","date_gmt":"2012-12-21T13:20:20","guid":{"rendered":"http:\/\/www.24baires.com\/?p=9977"},"modified":"2012-12-21T10:20:25","modified_gmt":"2012-12-21T13:20:25","slug":"de-lucia-cerro-el-ciclo-lectivo-de-las-escuelas-que-funcionan-en-el-servicio-penitenciario","status":"publish","type":"post","link":"https:\/\/www.24baires.com\/?p=9977","title":{"rendered":"De Luc\u00eda cerr\u00f3 el ciclo lectivo de las escuelas que funcionan en el Servicio Penitenciario"},"content":{"rendered":"<p><a href=\"http:\/\/www.24baires.com\/sociedad\/9977-de-lucia-cerro-el-ciclo-lectivo-de-las-escuelas-que-funcionan-en-el-servicio-penitenciario\/attachment\/de-lucia-olmos\/\" rel=\"attachment wp-att-9978\"><img data-recalc-dims=\"1\" loading=\"lazy\" decoding=\"async\" class=\"alignleft size-medium wp-image-9978\" alt=\"de luc\u00eda olmos\" src=\"https:\/\/i0.wp.com\/www.24baires.com\/wp-content\/uploads\/2012\/12\/de-luc%C3%ADa-olmos.jpg?resize=300%2C199\" width=\"300\" height=\"199\" srcset=\"https:\/\/i0.wp.com\/www.24baires.com\/wp-content\/uploads\/2012\/12\/de-luc%C3%ADa-olmos.jpg?resize=300%2C199&amp;ssl=1 300w, https:\/\/i0.wp.com\/www.24baires.com\/wp-content\/uploads\/2012\/12\/de-luc%C3%ADa-olmos.jpg?w=560&amp;ssl=1 560w\" sizes=\"auto, (max-width: 300px) 100vw, 300px\" \/><\/a><strong>LA PLATA &#8211; <\/strong>La directora general de Cultura y Educaci\u00f3n, Nora De Lucia, cerr\u00f3 junto a la jefa del Servicio Penitenciario, Florencia Piermarini, el ciclo lectivo 2012 de las escuelas en contexto de encierro en la Unidad Penitenciaria N\u00famero 1 de Olmos.<!--more--><br \/>\nDurante el acto de clausura, la titular de la cartera educativa provincial remarc\u00f3 que \u201cestamos en un gobierno que cree que los cambios se hacen de la mano de los conocimientos\u201d.<\/p>\n<p>Acompa\u00f1ada por la titular de la Modalidad de Educaci\u00f3n en Contextos de Encierro del ministerio de Educaci\u00f3n de la Naci\u00f3n, Mar\u00eda Isabel Giacchino de Ribet, y por el director de la c\u00e1rcel de Olmos, Marcelo Marizcurrena, De Lucia entreg\u00f3 un juego de banderas de ceremonia para seis escuelas que funcionan en unidades penitenciarias y diplomas a los mejores promedios de la Escuela de Adolescentes y Adultos N\u00ba 701 y la EEM N\u00b0 23.<\/p>\n<p>Por otro lado, De Lucia anuncio que en el 2013 se inaugurar\u00e1 la escuela secundaria dentro de la unidad 54. En este sentido, la ministra se\u00f1al\u00f3 que \u201cla reinserci\u00f3n dej\u00f3 de ser un discurso y as\u00ed se refleja en 75 por ciento de los internos que decidieron continuar sus estudios\u201d.<\/p>\n<p>Cierre de actividades del Copret<\/p>\n<p>La directora general de Cultura y Educaci\u00f3n de la provincia de Buenos Aires, Nora De Lucia, tambi\u00e9n encabez\u00f3 el acto de cierre de actividades 2012 del Consejo Provincial de Educaci\u00f3n y Trabajo (COPRET), que se realiz\u00f3 en el Sindicato de Empleados de Comercio de la ciudad de La Plata.<\/p>\n<p>En el encuentro, en el que tambi\u00e9n estuvieron presentes la Secretaria Ejecutiva del COPRET, Zulma Albanese; el director provincial de Formaci\u00f3n T\u00e9cnica, Gustavo Torres; el director provincial de Educaci\u00f3n T\u00e9cnico Profesional, Juan Esteves; y la directora provincial de Educaci\u00f3n Secundaria, Claudia Bracchi; se expusieron los lineamientos de gesti\u00f3n que llevar\u00e1 adelante el \u00f3rgano asesor del \u00e1rea educativa durante el pr\u00f3ximo a\u00f1o.<\/p>\n<p>En este sentido, frente a miembros del Consejo Consultivo Provincial y el Consejo General de Educaci\u00f3n, De Lucia expres\u00f3 que de acuerdo a los ejes tem\u00e1ticos que se presentaron en la jornada el gobernador Daniel Scioli le pidi\u00f3 \u201cinsertar y eslabonar la educaci\u00f3n con el mercado laboral y la producci\u00f3n\u201d porque \u201ceducar para el trabajo es educar para la sociedad\u201d.<\/p>\n","protected":false},"excerpt":{"rendered":"<p>LA PLATA &#8211; La directora general de Cultura y Educaci\u00f3n, Nora De Lucia, cerr\u00f3 junto a la jefa del Servicio Penitenciario, Florencia Piermarini, el ciclo lectivo 2012 de las escuelas en contexto de encierro en la Unidad Penitenciaria N\u00famero 1 de Olmos.<\/p>\n","protected":false},"author":4,"featured_media":0,"comment_status":"open","ping_status":"open","sticky":false,"template":"","format":"standard","meta":{"_jetpack_newsletter_access":"","_jetpack_dont_email_post_to_subs":false,"_jetpack_newsletter_tier_id":0,"_jetpack_memberships_contains_paywalled_content":false,"_jetpack_memberships_contains_paid_content":false,"footnotes":""},"categories":[1],"tags":[],"class_list":["post-9977","post","type-post","status-publish","format-standard","hentry","category-sociedad"],"jetpack_featured_media_url":"","jetpack_shortlink":"https:\/\/wp.me\/p2JWE0-2AV","jetpack-related-posts":[{"id":46719,"url":"https:\/\/www.24baires.com\/?p=46719","url_meta":{"origin":9977,"position":0},"title":"Cada vez m\u00e1s j\u00f3venes se inscriben en las escuelas t\u00e9cnicas bonaerenses","author":"AF","date":"25\/05\/2014","format":false,"excerpt":"La matr\u00edcula aument\u00f3 un 6 por ciento en los \u00faltimos tres a\u00f1os. Seg\u00fan indic\u00f3 la Direccci\u00f3n General de Cultura y Educaci\u00f3n, en 2013 egresaron m\u00e1s de 8.000 t\u00e9cnicos, de los cuales entre el 60 y el 70 por ciento ingres\u00f3 inmediatamente al mercado laboral. Al hacer un balance de la\u2026","rel":"","context":"En \u00abSociedad\u00bb","block_context":{"text":"Sociedad","link":"https:\/\/www.24baires.com\/?cat=1"},"img":{"alt_text":"ascuela t\u00e9cnica","src":"https:\/\/i0.wp.com\/www.24baires.com\/wp-content\/uploads\/2014\/05\/ascuela-t%C3%A9cnica.jpg?resize=350%2C200","width":350,"height":200,"srcset":"https:\/\/i0.wp.com\/www.24baires.com\/wp-content\/uploads\/2014\/05\/ascuela-t%C3%A9cnica.jpg?resize=350%2C200 1x, https:\/\/i0.wp.com\/www.24baires.com\/wp-content\/uploads\/2014\/05\/ascuela-t%C3%A9cnica.jpg?resize=525%2C300 1.5x"},"classes":[]},{"id":59872,"url":"https:\/\/www.24baires.com\/?p=59872","url_meta":{"origin":9977,"position":1},"title":"\u201cEn Educaci\u00f3n no nos tomamos vacaciones\u201d asegur\u00f3 Nora De Luc\u00eda","author":"Grupo Sierra","date":"10\/01\/2015","format":false,"excerpt":"La directora general de Cultura y Educaci\u00f3n de la Provincia, Nora De Lucia, manifest\u00f3 su optimismo sobre el normal inicio del ciclo lectivo que tendr\u00e1 lugar el pr\u00f3ximo 2 de marzo. La titular de la cartera educativa bonaerense manifest\u00f3 por Radio Provincia su satisfacci\u00f3n por los avances en la negociaci\u00f3n\u2026","rel":"","context":"En \u00abProvincia\u00bb","block_context":{"text":"Provincia","link":"https:\/\/www.24baires.com\/?cat=40"},"img":{"alt_text":"de lucia","src":"https:\/\/i0.wp.com\/www.24baires.com\/wp-content\/uploads\/2015\/01\/de-lucia.jpg?resize=350%2C200","width":350,"height":200,"srcset":"https:\/\/i0.wp.com\/www.24baires.com\/wp-content\/uploads\/2015\/01\/de-lucia.jpg?resize=350%2C200 1x, https:\/\/i0.wp.com\/www.24baires.com\/wp-content\/uploads\/2015\/01\/de-lucia.jpg?resize=525%2C300 1.5x"},"classes":[]},{"id":7073,"url":"https:\/\/www.24baires.com\/?p=7073","url_meta":{"origin":9977,"position":2},"title":"\u00abEl debate que necesita este pa\u00eds es con las aulas llenas\u00bb, asegur\u00f3 Nora de Luc\u00eda","author":"AF","date":"28\/11\/2012","format":false,"excerpt":"CHIVILCOY -\u00a0La directora general de Cultura y Educaci\u00f3n bonaerense, Nora de Luc\u00eda, dijo que es \"poco auspicioso\" que los gremios docentes \"anuncien que est\u00e1 en peligro el comienzo del ciclo lectivo 2013 porque pone mal a los chicos que est\u00e1n apostando a la educaci\u00f3n\". En el marco de la inauguraci\u00f3n\u2026","rel":"","context":"En \u00abSociedad\u00bb","block_context":{"text":"Sociedad","link":"https:\/\/www.24baires.com\/?cat=1"},"img":{"alt_text":"","src":"https:\/\/i0.wp.com\/www.24baires.com\/wp-content\/uploads\/2012\/11\/de-luc%C3%ADa-300x200.jpg?resize=350%2C200","width":350,"height":200},"classes":[]},{"id":7386,"url":"https:\/\/www.24baires.com\/?p=7386","url_meta":{"origin":9977,"position":3},"title":"Sigue el culebr\u00f3n: Ahora De Luc\u00eda le pide a Baradel \u00abque deje de extorsionar\u00bb","author":"Grupo Sierra","date":"30\/11\/2012","format":false,"excerpt":"El secretario general del SUTEBA hab\u00eda anticipado que en las actuales condiciones de di\u00e1logo con el Gobierno bonaerense \"no comenzar\u00e1 el ciclo lectivo\". Tras reiterar que este a\u00f1o \"no habr\u00e1n negociaciones salariales\", la ministra consider\u00f3 que el sindicalista \"quiere intimidarnos\", y destac\u00f3 \"la disposici\u00f3n constante al di\u00e1logo del gobernador y\u2026","rel":"","context":"En \u00abProvincia\u00bb","block_context":{"text":"Provincia","link":"https:\/\/www.24baires.com\/?cat=40"},"img":{"alt_text":"","src":"https:\/\/i0.wp.com\/www.24baires.com\/wp-content\/uploads\/2012\/11\/de-luc%C3%ADa-300x200.jpg?resize=350%2C200","width":350,"height":200},"classes":[]},{"id":59773,"url":"https:\/\/www.24baires.com\/?p=59773","url_meta":{"origin":9977,"position":4},"title":"De Luc\u00eda conf\u00eda que el 2 de marzo comenzar\u00e1n las clases en Provincia","author":"GB","date":"08\/01\/2015","format":false,"excerpt":"Despu\u00e9s que los docentes aceptaran la oferta salarial para los primeros dos meses, la titular de la cartera educativa bonaerense dijo ser \"muy optimista\" de que el ciclo lectivo inicie a tiempo. La directora general de Cultura y Educaci\u00f3n de la provincia de Buenos Aires, Nora de Luc\u00eda, expres\u00f3 su\u2026","rel":"","context":"En \u00abProvincia\u00bb","block_context":{"text":"Provincia","link":"https:\/\/www.24baires.com\/?cat=40"},"img":{"alt_text":"Nora-de-Lucia","src":"https:\/\/i0.wp.com\/www.24baires.com\/wp-content\/uploads\/2014\/01\/Nora-de-Lucia.jpg?resize=350%2C200","width":350,"height":200,"srcset":"https:\/\/i0.wp.com\/www.24baires.com\/wp-content\/uploads\/2014\/01\/Nora-de-Lucia.jpg?resize=350%2C200 1x, https:\/\/i0.wp.com\/www.24baires.com\/wp-content\/uploads\/2014\/01\/Nora-de-Lucia.jpg?resize=525%2C300 1.5x"},"classes":[]},{"id":57210,"url":"https:\/\/www.24baires.com\/?p=57210","url_meta":{"origin":9977,"position":5},"title":"Guamin\u00ed tendr\u00e1 la primera escuela t\u00e9cnica de su historia","author":"GB","date":"16\/11\/2014","format":false,"excerpt":"Era un viejo anhelo del distrito que se concret\u00f3 con la firma de la resoluci\u00f3n. Comenzar\u00e1 a funcionar en el pr\u00f3ximo ciclo lectivo en dos sedes. La educaci\u00f3n t\u00e9cnica completa un proceso educativo de quince a\u00f1os consecutivos que tenemos en la provincia de Buenos Aires porque va desde la sala\u2026","rel":"","context":"En \u00abLocales\u00bb","block_context":{"text":"Locales","link":"https:\/\/www.24baires.com\/?cat=38"},"img":{"alt_text":"","src":"","width":0,"height":0},"classes":[]}],"jetpack_sharing_enabled":true,"jetpack_likes_enabled":true,"_links":{"self":[{"href":"https:\/\/www.24baires.com\/index.php?rest_route=\/wp\/v2\/posts\/9977","targetHints":{"allow":["GET"]}}],"collection":[{"href":"https:\/\/www.24baires.com\/index.php?rest_route=\/wp\/v2\/posts"}],"about":[{"href":"https:\/\/www.24baires.com\/index.php?rest_route=\/wp\/v2\/types\/post"}],"author":[{"embeddable":true,"href":"https:\/\/www.24baires.com\/index.php?rest_route=\/wp\/v2\/users\/4"}],"replies":[{"embeddable":true,"href":"https:\/\/www.24baires.com\/index.php?rest_route=%2Fwp%2Fv2%2Fcomments&post=9977"}],"version-history":[{"count":2,"href":"https:\/\/www.24baires.com\/index.php?rest_route=\/wp\/v2\/posts\/9977\/revisions"}],"predecessor-version":[{"id":9980,"href":"https:\/\/www.24baires.com\/index.php?rest_route=\/wp\/v2\/posts\/9977\/revisions\/9980"}],"wp:attachment":[{"href":"https:\/\/www.24baires.com\/index.php?rest_route=%2Fwp%2Fv2%2Fmedia&parent=9977"}],"wp:term":[{"taxonomy":"category","embeddable":true,"href":"https:\/\/www.24baires.com\/index.php?rest_route=%2Fwp%2Fv2%2Fcategories&post=9977"},{"taxonomy":"post_tag","embeddable":true,"href":"https:\/\/www.24baires.com\/index.php?rest_route=%2Fwp%2Fv2%2Ftags&post=9977"}],"curies":[{"name":"wp","href":"https:\/\/api.w.org\/{rel}","templated":true}]}}