{"id":9961,"date":"2012-12-20T23:58:21","date_gmt":"2012-12-21T02:58:21","guid":{"rendered":"http:\/\/www.24baires.com\/?p=9961"},"modified":"2012-12-21T12:08:04","modified_gmt":"2012-12-21T15:08:04","slug":"es-ley-la-expropiacion-de-la-fabrica-siam-que-queda-en-manos-de-sus-trabajadores","status":"publish","type":"post","link":"https:\/\/www.24baires.com\/?p=9961","title":{"rendered":"Es ley la expropiaci\u00f3n de la f\u00e1brica Siam que queda en manos de sus trabajadores"},"content":{"rendered":"<p><a href=\"http:\/\/www.24baires.com\/provincia\/9961-es-ley-la-expropiacion-de-la-fabrica-siam-que-queda-en-manos-de-sus-trabajadores\/attachment\/ultima-sesion-2012-2\/\" rel=\"attachment wp-att-9967\"><img data-recalc-dims=\"1\" loading=\"lazy\" decoding=\"async\" class=\"aligncenter size-full wp-image-9967\" alt=\"ultima sesion 2012 2\" src=\"https:\/\/i0.wp.com\/www.24baires.com\/wp-content\/uploads\/2012\/12\/ultima-sesion-2012-2.jpg?resize=560%2C289\" width=\"560\" height=\"289\" srcset=\"https:\/\/i0.wp.com\/www.24baires.com\/wp-content\/uploads\/2012\/12\/ultima-sesion-2012-2.jpg?w=560&amp;ssl=1 560w, https:\/\/i0.wp.com\/www.24baires.com\/wp-content\/uploads\/2012\/12\/ultima-sesion-2012-2.jpg?resize=300%2C154&amp;ssl=1 300w\" sizes=\"auto, (max-width: 560px) 100vw, 560px\" \/><\/a><\/p>\n<p><strong>LA PLATA &#8211;<\/strong> La C\u00e1mara de Diputados de la Provincia de Buenos Aires, presidida por Horacio Gonz\u00e1lez, sancion\u00f3 hoy un total de diez leyes, entre las cuales se encuentra la que expropia la antigua f\u00e1brica Siam, situada en Avellaneda, con el fin de preservar la producci\u00f3n en manos de una cooperativa de trabajadores.<!--more--><\/p>\n<p>Tambi\u00e9n tuvo el mismo tr\u00e1mite la iniciativa que regula el derecho a la admisi\u00f3n de alumnos que concurren a colegios privados. De esta forma, los establecimientos educativos de gesti\u00f3n privada est\u00e1n obligados a fundamentar la decisi\u00f3n de rechazar la incorporaci\u00f3n o reinscripci\u00f3n de un estudiante en su matr\u00edcula. Las autoridades de cada escuela deben explicar por nota, y en un plazo de hasta cinco d\u00edas, su decisi\u00f3n a los padres o tutores de los estudiantes.<\/p>\n<p>Adem\u00e1s, se transform\u00f3 en ley la creaci\u00f3n del Bolet\u00edn Oficial en los municipios, al igual que la norma que incorpora al patrimonio cultural bonaerense al espacio del cementerio de Avellaneda conocido como \u201cTumba Viejobueno\u201d.<\/p>\n<p>Como sucedi\u00f3 con los operarios de Siam, un grupo de trabajadores desde los palcos tambi\u00e9n rubric\u00f3 con aplausos la sanci\u00f3n de la norma que expropia inmuebles ubicados en estaci\u00f3n Villa Olga, de Bah\u00eda Blanca, para ser adjudicados a la cooperativa Fort\u00edn Cuatreros Limitada. Se aprob\u00f3 tambi\u00e9n, aunque con destino al Senado, la expropiaci\u00f3n de terrenos en Lomas de Zamora, destinados a la asociaci\u00f3n civil \u201cCentro de An\u00e1lisis y elaboraci\u00f3n de pol\u00edticas p\u00fablicas\u201d, impulsada por Fernando Navarro, del FPV-PJ.<\/p>\n<p>Entre otras propuestas que resultaron aprobadas y pasaron a la C\u00e1mara Alta est\u00e1 la que establece el programa de prevenci\u00f3n y lucha contra el uso indebido de la telefon\u00eda celular; otra que permite a los concejales municipales acogerse a la jubilaci\u00f3n bonaerense; la que proh\u00edbe la comercializaci\u00f3n, uso y almacenamiento de punteros con l\u00e1ser con amplicador por encima de cinco milivatios; y la que instituye al 2013 como el a\u00f1o del bicentenario de la creaci\u00f3n del Escudo Nacional Argentino.<\/p>\n<p>Al inicio de la sesi\u00f3n, se acept\u00f3 la renuncia presentada por Abel Eduardo Buil, del bloque Frente Amplio Progresista, a la vicepresidencia tercera de la C\u00e1mara de Diputados y, con el voto un\u00e1nime, jur\u00f3 y asumi\u00f3 ese cargo Juan Carlos Ju\u00e1rez, tambi\u00e9n de la misma fuerza pol\u00edtica.<\/p>\n","protected":false},"excerpt":{"rendered":"<p>LA PLATA &#8211; La C\u00e1mara de Diputados de la Provincia de Buenos Aires, presidida por Horacio Gonz\u00e1lez, sancion\u00f3 hoy un total de diez leyes, entre las cuales se encuentra la que expropia la antigua f\u00e1brica Siam, situada en Avellaneda, con el fin de preservar la producci\u00f3n en manos de una cooperativa de trabajadores.<\/p>\n","protected":false},"author":11,"featured_media":0,"comment_status":"open","ping_status":"open","sticky":false,"template":"","format":"standard","meta":{"_jetpack_newsletter_access":"","_jetpack_dont_email_post_to_subs":false,"_jetpack_newsletter_tier_id":0,"_jetpack_memberships_contains_paywalled_content":false,"_jetpack_memberships_contains_paid_content":false,"footnotes":""},"categories":[40],"tags":[],"class_list":["post-9961","post","type-post","status-publish","format-standard","hentry","category-provincia"],"jetpack_featured_media_url":"","jetpack_shortlink":"https:\/\/wp.me\/p2JWE0-2AF","jetpack-related-posts":[{"id":105836,"url":"https:\/\/www.24baires.com\/?p=105836","url_meta":{"origin":9961,"position":0},"title":"Trabajadores despedidos de SIAM marchan al Ministerio de Trabajo","author":"GB","date":"10\/12\/2018","format":false,"excerpt":"Los operarios echados de la metal\u00fargica ubicada en Avellaneda protestar\u00e1n a las 11.30 en las puertas del organismo en el marco de una nueva audiencia con la empresa. Ma\u00f1ana vence el plazo de la conciliaci\u00f3n obligatoria y la firma se niega a reincorporar a sus empleados. El conflicto desatado en\u2026","rel":"","context":"En \u00abSociedad\u00bb","block_context":{"text":"Sociedad","link":"https:\/\/www.24baires.com\/?cat=1"},"img":{"alt_text":"","src":"https:\/\/i0.wp.com\/www.24baires.com\/wp-content\/uploads\/2018\/12\/siam.jpg?resize=350%2C200","width":350,"height":200,"srcset":"https:\/\/i0.wp.com\/www.24baires.com\/wp-content\/uploads\/2018\/12\/siam.jpg?resize=350%2C200 1x, https:\/\/i0.wp.com\/www.24baires.com\/wp-content\/uploads\/2018\/12\/siam.jpg?resize=525%2C300 1.5x"},"classes":[]},{"id":78408,"url":"https:\/\/www.24baires.com\/?p=78408","url_meta":{"origin":9961,"position":1},"title":"Siam ech\u00f3 a 80 trabajadores de su planta de Avellaneda","author":"GB","date":"01\/02\/2016","format":false,"excerpt":"El ajuste no s\u00f3lo se multiplica por los sectores estatales sino tambi\u00e9n en el \u00e1mbito privado. En abril de 2014, la entonces presidenta Cristina Kirchner junto con quien era el gobernador bonaerense Daniel Scioli anunciaban la reapertura de la hist\u00f3rica f\u00e1brica de heladeras Siam, en el partido de Avellaneda. El\u2026","rel":"","context":"En \u00abLocales\u00bb","block_context":{"text":"Locales","link":"https:\/\/www.24baires.com\/?cat=38"},"img":{"alt_text":"siam despidos","src":"https:\/\/i0.wp.com\/www.24baires.com\/wp-content\/uploads\/2016\/02\/siam-despidos.jpg?resize=350%2C200","width":350,"height":200,"srcset":"https:\/\/i0.wp.com\/www.24baires.com\/wp-content\/uploads\/2016\/02\/siam-despidos.jpg?resize=350%2C200 1x, https:\/\/i0.wp.com\/www.24baires.com\/wp-content\/uploads\/2016\/02\/siam-despidos.jpg?resize=525%2C300 1.5x"},"classes":[]},{"id":105778,"url":"https:\/\/www.24baires.com\/?p=105778","url_meta":{"origin":9961,"position":2},"title":"Trabajadores despedidos de SIAM marchan para exigir su reincorporaci\u00f3n","author":"GB","date":"06\/12\/2018","format":false,"excerpt":"Los y las operarias de la metal\u00fargica mantienen la protesta para solicitar que el gobierno bonaerense \u201cno ampare ninguna estafa contra el Estado y que la empresa cumpla con los compromisos asumidos\u201d. Una nueva medida de fuerza llevan adelante las y los trabajadores despedidos de SIAM en Avellaneda para exigir\u2026","rel":"","context":"En \u00abSociedad\u00bb","block_context":{"text":"Sociedad","link":"https:\/\/www.24baires.com\/?cat=1"},"img":{"alt_text":"","src":"https:\/\/i0.wp.com\/www.24baires.com\/wp-content\/uploads\/2018\/12\/siam.jpg?resize=350%2C200","width":350,"height":200,"srcset":"https:\/\/i0.wp.com\/www.24baires.com\/wp-content\/uploads\/2018\/12\/siam.jpg?resize=350%2C200 1x, https:\/\/i0.wp.com\/www.24baires.com\/wp-content\/uploads\/2018\/12\/siam.jpg?resize=525%2C300 1.5x"},"classes":[]},{"id":6297,"url":"https:\/\/www.24baires.com\/?p=6297","url_meta":{"origin":9961,"position":3},"title":"El Senado buscar\u00e1 garantizar las fuentes de trabajo en la cooperativa que regenta la Siam","author":"Grupo Sierra","date":"21\/11\/2012","format":false,"excerpt":"El vicegobernador Gabriel Mariotto se comprometi\u00f3 ante el intendente de Avellaneda, Jorge Ferraresi a promover una iniciativa parlamentaria que permita recomponer la situaci\u00f3n financiera y mantener los puestos laborales de la hist\u00f3rica empresa nacional. La f\u00e1brica est\u00e1 en manos de una cooperativa.\u00a0 El intendente Jorge Ferraresi agradeci\u00f3 al vicegobernador su\u2026","rel":"","context":"En \u00abSociedad\u00bb","block_context":{"text":"Sociedad","link":"https:\/\/www.24baires.com\/?cat=1"},"img":{"alt_text":"","src":"","width":0,"height":0},"classes":[]},{"id":45035,"url":"https:\/\/www.24baires.com\/?p=45035","url_meta":{"origin":9961,"position":4},"title":"Cristina destac\u00f3 la recuperaci\u00f3n de Siam: \u00abEstaba en ruinas\u00bb","author":"AF","date":"30\/04\/2014","format":false,"excerpt":"La Presidenta recorri\u00f3 antes las instalaciones de la nueva planta, que demand\u00f3 una inversi\u00f3n superior a los 35 millones de d\u00f3lares. La m\u00edtica f\u00e1brica hab\u00eda tenido que cerrar sus puertas en los '90. \"A escasas horas del D\u00eda del Trabajador, es una alegr\u00eda estar aqu\u00ed en Avellaneda, que supo ser\u2026","rel":"","context":"En \u00abLocales\u00bb","block_context":{"text":"Locales","link":"https:\/\/www.24baires.com\/?cat=38"},"img":{"alt_text":"Cristina san juan","src":"https:\/\/i0.wp.com\/www.24baires.com\/wp-content\/uploads\/2013\/10\/Cristina-san-juan.jpg?resize=350%2C200","width":350,"height":200,"srcset":"https:\/\/i0.wp.com\/www.24baires.com\/wp-content\/uploads\/2013\/10\/Cristina-san-juan.jpg?resize=350%2C200 1x, https:\/\/i0.wp.com\/www.24baires.com\/wp-content\/uploads\/2013\/10\/Cristina-san-juan.jpg?resize=525%2C300 1.5x"},"classes":[]},{"id":105406,"url":"https:\/\/www.24baires.com\/?p=105406","url_meta":{"origin":9961,"position":5},"title":"Despidos en SIAM: denuncian que la empresa incumple con la conciliaci\u00f3n obligatoria","author":"GB","date":"13\/11\/2018","format":false,"excerpt":"Los 20 trabajadores de SIAM despedidos ayer denunciaron este martes que la empresa incumpli\u00f3 con la conciliaci\u00f3n obligatoria dictada por el Ministerio de Trabajo y que contin\u00faan sin poder ingresar a sus puestos de trabajo. Cabe se\u00f1alar que ayer, los operarios fueron notificados de las desvinculaciones por el personal de\u2026","rel":"","context":"En \u00abProvincia\u00bb","block_context":{"text":"Provincia","link":"https:\/\/www.24baires.com\/?cat=40"},"img":{"alt_text":"","src":"https:\/\/i0.wp.com\/www.24baires.com\/wp-content\/uploads\/2018\/08\/siam.jpg?resize=350%2C200","width":350,"height":200,"srcset":"https:\/\/i0.wp.com\/www.24baires.com\/wp-content\/uploads\/2018\/08\/siam.jpg?resize=350%2C200 1x, https:\/\/i0.wp.com\/www.24baires.com\/wp-content\/uploads\/2018\/08\/siam.jpg?resize=525%2C300 1.5x"},"classes":[]}],"jetpack_sharing_enabled":true,"jetpack_likes_enabled":true,"_links":{"self":[{"href":"https:\/\/www.24baires.com\/index.php?rest_route=\/wp\/v2\/posts\/9961","targetHints":{"allow":["GET"]}}],"collection":[{"href":"https:\/\/www.24baires.com\/index.php?rest_route=\/wp\/v2\/posts"}],"about":[{"href":"https:\/\/www.24baires.com\/index.php?rest_route=\/wp\/v2\/types\/post"}],"author":[{"embeddable":true,"href":"https:\/\/www.24baires.com\/index.php?rest_route=\/wp\/v2\/users\/11"}],"replies":[{"embeddable":true,"href":"https:\/\/www.24baires.com\/index.php?rest_route=%2Fwp%2Fv2%2Fcomments&post=9961"}],"version-history":[{"count":3,"href":"https:\/\/www.24baires.com\/index.php?rest_route=\/wp\/v2\/posts\/9961\/revisions"}],"predecessor-version":[{"id":9966,"href":"https:\/\/www.24baires.com\/index.php?rest_route=\/wp\/v2\/posts\/9961\/revisions\/9966"}],"wp:attachment":[{"href":"https:\/\/www.24baires.com\/index.php?rest_route=%2Fwp%2Fv2%2Fmedia&parent=9961"}],"wp:term":[{"taxonomy":"category","embeddable":true,"href":"https:\/\/www.24baires.com\/index.php?rest_route=%2Fwp%2Fv2%2Fcategories&post=9961"},{"taxonomy":"post_tag","embeddable":true,"href":"https:\/\/www.24baires.com\/index.php?rest_route=%2Fwp%2Fv2%2Ftags&post=9961"}],"curies":[{"name":"wp","href":"https:\/\/api.w.org\/{rel}","templated":true}]}}