{"id":996,"date":"2012-10-04T16:51:12","date_gmt":"2012-10-04T19:51:12","guid":{"rendered":"http:\/\/www.24baires.com\/?p=996"},"modified":"2012-10-05T11:25:14","modified_gmt":"2012-10-05T14:25:14","slug":"diputados-bonaerenses-piden-cumplir-con-la-ley-y-el-respeto-a-las-instituciones","status":"publish","type":"post","link":"https:\/\/www.24baires.com\/?p=996","title":{"rendered":"Diputados bonaerenses piden cumplir con la ley y el respeto a las instituciones"},"content":{"rendered":"<p>La C\u00e1mara de Diputados de la provincia de Buenos Aires emiti\u00f3 hoy un comunicado con la firma de todos los bloques pol\u00edticos que la integran para plantear una fuerte defensa a la Constituci\u00f3n Nacional. La declaraci\u00f3n se emiti\u00f3 antes de la sesi\u00f3n de este jueves.<!--more--><\/p>\n<p>Los diputados bonaerenses dieron a conocer hoy una declaraci\u00f3n en conjunto sobre la protesta de los efectivos de Prefectura y Gendarmer\u00eda.<\/p>\n<p>En el documento, firmado por el presidente de la C\u00e1mara baja, Horacio Gonz\u00e1lez, y todos los bloques, exhorta a los integrantes de Gendarmer\u00eda Nacional y Prefectura Naval Argentina a \u00abcumplir con la ley y el respeto a las instituciones\u00bb.<\/p>\n<p>El comunicado exige \u00abrespetar las instituciones de la Rep\u00fablica, subordin\u00e1ndose y adecuando su funcionamiento al sistema legal que contempla la Constituci\u00f3n Nacional\u00bb.<\/p>\n<p>El personal subalterno de Prefectura decidi\u00f3 continuar hoy con la protesta a la espera de una respuesta del Ministerio de Seguridad, pero garantiz\u00f3 que no dejar\u00e1 a la sociedad \u00absin seguridad\u00bb.<\/p>\n","protected":false},"excerpt":{"rendered":"<p>La C\u00e1mara de Diputados de la provincia de Buenos Aires emiti\u00f3 hoy un comunicado con la firma de todos los bloques pol\u00edticos que la integran para plantear una fuerte defensa a la Constituci\u00f3n Nacional. La declaraci\u00f3n se emiti\u00f3 antes de la sesi\u00f3n de este jueves.<\/p>\n","protected":false},"author":11,"featured_media":0,"comment_status":"open","ping_status":"open","sticky":false,"template":"","format":"standard","meta":{"_jetpack_newsletter_access":"","_jetpack_dont_email_post_to_subs":false,"_jetpack_newsletter_tier_id":0,"_jetpack_memberships_contains_paywalled_content":false,"_jetpack_memberships_contains_paid_content":false,"footnotes":""},"categories":[51],"tags":[],"class_list":["post-996","post","type-post","status-publish","format-standard","hentry","category-politica"],"jetpack_featured_media_url":"","jetpack_shortlink":"https:\/\/wp.me\/p2JWE0-g4","jetpack-related-posts":[{"id":117477,"url":"https:\/\/www.24baires.com\/?p=117477","url_meta":{"origin":996,"position":0},"title":"El macrismo acompa\u00f1ar\u00e1 la postergaci\u00f3n de las PASO y las elecciones generales","author":"AF","date":"22\/04\/2021","format":false,"excerpt":"Los legisladores de Juntos por el Cambio pidieron adem\u00e1s que se analice la posibilidad de introducir la Boleta \u00danica para las PASO y las Generales. El interbloque en DIputados de Juntos por el Cambio (JxC) dio este jueves su respaldo a la propuesta del oficialismo de postergar hasta septiembre las\u2026","rel":"","context":"En \u00abPol\u00edtica\u00bb","block_context":{"text":"Pol\u00edtica","link":"https:\/\/www.24baires.com\/?cat=51"},"img":{"alt_text":"","src":"https:\/\/i0.wp.com\/www.24baires.com\/wp-content\/uploads\/2013\/08\/urna3.jpg?resize=350%2C200","width":350,"height":200,"srcset":"https:\/\/i0.wp.com\/www.24baires.com\/wp-content\/uploads\/2013\/08\/urna3.jpg?resize=350%2C200 1x, https:\/\/i0.wp.com\/www.24baires.com\/wp-content\/uploads\/2013\/08\/urna3.jpg?resize=525%2C300 1.5x"},"classes":[]},{"id":121104,"url":"https:\/\/www.24baires.com\/?p=121104","url_meta":{"origin":996,"position":1},"title":"la UCR le pide a sus legisladores que voten en contra del DNU de Milei","author":"GB","date":"12\/03\/2024","format":false,"excerpt":"La UCR lanz\u00f3 un comunicado que pone en peligro el Mega DNU de Javier Milei. Instan a sus legisladores a votar iniciativas totalmente opuestas a las del decreto. Mediante un comunicado publicado este lunes por la tarde, la Uni\u00f3n C\u00edvica Radical (UCR) le dio un mandato a sus legisladores para\u2026","rel":"","context":"En \u00abPol\u00edtica\u00bb","block_context":{"text":"Pol\u00edtica","link":"https:\/\/www.24baires.com\/?cat=51"},"img":{"alt_text":"","src":"https:\/\/i0.wp.com\/www.24baires.com\/wp-content\/uploads\/2024\/03\/ucr.webp?resize=350%2C200","width":350,"height":200,"srcset":"https:\/\/i0.wp.com\/www.24baires.com\/wp-content\/uploads\/2024\/03\/ucr.webp?resize=350%2C200 1x, https:\/\/i0.wp.com\/www.24baires.com\/wp-content\/uploads\/2024\/03\/ucr.webp?resize=525%2C300 1.5x, https:\/\/i0.wp.com\/www.24baires.com\/wp-content\/uploads\/2024\/03\/ucr.webp?resize=700%2C400 2x"},"classes":[]},{"id":120891,"url":"https:\/\/www.24baires.com\/?p=120891","url_meta":{"origin":996,"position":2},"title":"El Gobierno prorrog\u00f3 las sesiones extraordinarias hasta febrero","author":"GB","date":"22\/01\/2024","format":false,"excerpt":"El gobierno de Javier Milei prorrog\u00f3 el per\u00edodo de sesiones extraordinarias del Congreso hasta febrero para tener tiempo suficiente para que ambas C\u00e1maras aprueben la Ley \u00d3mnibus. El Gobierno de Javier Milei prorrog\u00f3 las sesiones extraordinarias del Congreso hasta el 15 de febrero, en momentos en que el oficialismo de\u2026","rel":"","context":"En \u00abPol\u00edtica\u00bb","block_context":{"text":"Pol\u00edtica","link":"https:\/\/www.24baires.com\/?cat=51"},"img":{"alt_text":"","src":"https:\/\/i0.wp.com\/www.24baires.com\/wp-content\/uploads\/2023\/11\/milei.webp?resize=350%2C200","width":350,"height":200,"srcset":"https:\/\/i0.wp.com\/www.24baires.com\/wp-content\/uploads\/2023\/11\/milei.webp?resize=350%2C200 1x, https:\/\/i0.wp.com\/www.24baires.com\/wp-content\/uploads\/2023\/11\/milei.webp?resize=525%2C300 1.5x, https:\/\/i0.wp.com\/www.24baires.com\/wp-content\/uploads\/2023\/11\/milei.webp?resize=700%2C400 2x"},"classes":[]},{"id":118412,"url":"https:\/\/www.24baires.com\/?p=118412","url_meta":{"origin":996,"position":3},"title":"Legisladores bonaerenses pidieron el juicio pol\u00edtico a Conte Grand","author":"AF","date":"04\/01\/2022","format":false,"excerpt":"Es por la presunta participacion del Procurador provincial en la mesa judicial integrada por exfuncionarios del gobierno de Mar\u00eda Eugenia Vidal con el fin de espiar y armar causas judiciales contra sindicalistas. Los diputados y diputadas bonaerenses del Frente de Todos pidieron este martes el juicio pol\u00edtico del Procurador Julio\u2026","rel":"","context":"En \u00abPol\u00edtica\u00bb","block_context":{"text":"Pol\u00edtica","link":"https:\/\/www.24baires.com\/?cat=51"},"img":{"alt_text":"","src":"https:\/\/i0.wp.com\/www.24baires.com\/wp-content\/uploads\/2022\/01\/61c9cd1d7c835_900.jpg?resize=350%2C200","width":350,"height":200,"srcset":"https:\/\/i0.wp.com\/www.24baires.com\/wp-content\/uploads\/2022\/01\/61c9cd1d7c835_900.jpg?resize=350%2C200 1x, https:\/\/i0.wp.com\/www.24baires.com\/wp-content\/uploads\/2022\/01\/61c9cd1d7c835_900.jpg?resize=525%2C300 1.5x"},"classes":[]},{"id":77240,"url":"https:\/\/www.24baires.com\/?p=77240","url_meta":{"origin":996,"position":4},"title":"Diputados del FpV reclamaron que se convoque a sesiones extraordinarias","author":"GB","date":"06\/01\/2016","format":false,"excerpt":"El bloque le reclam\u00f3 a Macri que convoque al Congreso \"tal como establece Constituci\u00f3n\", al tiempo que cuestionaron la firma de decretos a trav\u00e9s de los cuales el Ejecutivo defini\u00f3 medidas. A trav\u00e9s de un comunicado de prensa, los diputados del FpV consideraron \"necesario y urgente que el Congreso se\u2026","rel":"","context":"En \u00abPol\u00edtica\u00bb","block_context":{"text":"Pol\u00edtica","link":"https:\/\/www.24baires.com\/?cat=51"},"img":{"alt_text":"","src":"","width":0,"height":0},"classes":[]},{"id":120845,"url":"https:\/\/www.24baires.com\/?p=120845","url_meta":{"origin":996,"position":5},"title":"\u00abSi hay crisis econ\u00f3mica, no va a haber Constituci\u00f3n vigente\u00bb","author":"AF","date":"09\/01\/2024","format":false,"excerpt":"En sinton\u00eda con lo escrito en el Decreto de Necesidad y Urgencia y tambi\u00e9n en la Ley \u00d3mnibus, Rodolfo Barra justific\u00f3 una posible eliminaci\u00f3n de los tres poderes del Estado en caso de \"crisis econ\u00f3mica\". El repudio de los legisladores presentes en la comisi\u00f3n. El procurador del Tesoro, Rodolfo Barra,\u2026","rel":"","context":"En \u00abSociedad\u00bb","block_context":{"text":"Sociedad","link":"https:\/\/www.24baires.com\/?cat=1"},"img":{"alt_text":"","src":"https:\/\/i0.wp.com\/www.24baires.com\/wp-content\/uploads\/2024\/01\/WhatsApp-Image-2024-01-09-at-21.38.40.jpeg?resize=350%2C200","width":350,"height":200,"srcset":"https:\/\/i0.wp.com\/www.24baires.com\/wp-content\/uploads\/2024\/01\/WhatsApp-Image-2024-01-09-at-21.38.40.jpeg?resize=350%2C200 1x, https:\/\/i0.wp.com\/www.24baires.com\/wp-content\/uploads\/2024\/01\/WhatsApp-Image-2024-01-09-at-21.38.40.jpeg?resize=525%2C300 1.5x, https:\/\/i0.wp.com\/www.24baires.com\/wp-content\/uploads\/2024\/01\/WhatsApp-Image-2024-01-09-at-21.38.40.jpeg?resize=700%2C400 2x"},"classes":[]}],"jetpack_sharing_enabled":true,"jetpack_likes_enabled":true,"_links":{"self":[{"href":"https:\/\/www.24baires.com\/index.php?rest_route=\/wp\/v2\/posts\/996","targetHints":{"allow":["GET"]}}],"collection":[{"href":"https:\/\/www.24baires.com\/index.php?rest_route=\/wp\/v2\/posts"}],"about":[{"href":"https:\/\/www.24baires.com\/index.php?rest_route=\/wp\/v2\/types\/post"}],"author":[{"embeddable":true,"href":"https:\/\/www.24baires.com\/index.php?rest_route=\/wp\/v2\/users\/11"}],"replies":[{"embeddable":true,"href":"https:\/\/www.24baires.com\/index.php?rest_route=%2Fwp%2Fv2%2Fcomments&post=996"}],"version-history":[{"count":0,"href":"https:\/\/www.24baires.com\/index.php?rest_route=\/wp\/v2\/posts\/996\/revisions"}],"wp:attachment":[{"href":"https:\/\/www.24baires.com\/index.php?rest_route=%2Fwp%2Fv2%2Fmedia&parent=996"}],"wp:term":[{"taxonomy":"category","embeddable":true,"href":"https:\/\/www.24baires.com\/index.php?rest_route=%2Fwp%2Fv2%2Fcategories&post=996"},{"taxonomy":"post_tag","embeddable":true,"href":"https:\/\/www.24baires.com\/index.php?rest_route=%2Fwp%2Fv2%2Ftags&post=996"}],"curies":[{"name":"wp","href":"https:\/\/api.w.org\/{rel}","templated":true}]}}