{"id":99362,"date":"2017-12-13T10:32:34","date_gmt":"2017-12-13T13:32:34","guid":{"rendered":"http:\/\/www.24baires.com\/?p=99362"},"modified":"2017-12-13T10:32:34","modified_gmt":"2017-12-13T13:32:34","slug":"mar-del-plata-lanzo-la-temporada-de-verano-2018-con-una-gala-repleta-de-famosos","status":"publish","type":"post","link":"https:\/\/www.24baires.com\/?p=99362","title":{"rendered":"Mar del plata lanz\u00f3 la temporada de verano 2018 con una gala repleta de famosos"},"content":{"rendered":"<p><img data-recalc-dims=\"1\" loading=\"lazy\" decoding=\"async\" src=\"https:\/\/i0.wp.com\/www.24baires.com\/wp-content\/uploads\/2017\/12\/temporada-2018.jpg?resize=560%2C373\" alt=\"\" width=\"560\" height=\"373\" class=\"aligncenter size-full wp-image-99363\" srcset=\"https:\/\/i0.wp.com\/www.24baires.com\/wp-content\/uploads\/2017\/12\/temporada-2018.jpg?w=560&amp;ssl=1 560w, https:\/\/i0.wp.com\/www.24baires.com\/wp-content\/uploads\/2017\/12\/temporada-2018.jpg?resize=300%2C200&amp;ssl=1 300w\" sizes=\"auto, (max-width: 560px) 100vw, 560px\" \/>M\u00e1s de 1.500 actores, m\u00fasicos, dirigentes pol\u00edticos, deportistas y periodistas asistieron al evento conducido por F\u00e1tima Flores y Dady Brieva en el hotel Meli\u00e1 para celebrar la llegada del turismo a La Feliz.<!--more--><\/p>\n<p>El hotel Meli\u00e1 de Buenos Aires se llen\u00f3 de celebridades durante la jornada de ayer, en lo que fue la gala de lanzamiento de la temporada de verano 2018 de Mar del Plata.<\/p>\n<p>Del evento conducido por F\u00e1tima Flores y Dady Brieva participaron m\u00e1s de 1.500 invitados, entre los que se destacaron Mirtha Legrand y Moria Cas\u00e1n. Tambi\u00e9n asistieron la gobernadora Mar\u00eda Eugenia Vidal y el presidente de la Corte Suprema de Justicia Ricardo Lorenzetti.<\/p>\n<p>Dijeron presente adem\u00e1s Axel, Los Nocheros, Sandra Mihanovich, Adriana Varela, Coti, Peter Lanzani, Valentina Bassi, Tini Stoessel, Iv\u00e1n Noble, Maximiliano Guerra, Jos\u00e9 Mar\u00eda Muscari, Cristian Sancho, Luciano C\u00e1ceres, Carmen Barbieri, el Chaque\u00f1o Palavecino y Manuel Wirtz.<\/p>\n","protected":false},"excerpt":{"rendered":"<p>M\u00e1s de 1.500 actores, m\u00fasicos, dirigentes pol\u00edticos, deportistas y periodistas asistieron al evento conducido por F\u00e1tima Flores y Dady Brieva en el hotel Meli\u00e1 para celebrar la llegada del turismo a La Feliz.<\/p>\n","protected":false},"author":8,"featured_media":0,"comment_status":"open","ping_status":"open","sticky":false,"template":"","format":"standard","meta":{"_jetpack_newsletter_access":"","_jetpack_dont_email_post_to_subs":false,"_jetpack_newsletter_tier_id":0,"_jetpack_memberships_contains_paywalled_content":false,"_jetpack_memberships_contains_paid_content":false,"footnotes":""},"categories":[41],"tags":[],"class_list":["post-99362","post","type-post","status-publish","format-standard","hentry","category-espectaculos"],"jetpack_featured_media_url":"","jetpack_shortlink":"https:\/\/wp.me\/p2JWE0-pQC","jetpack-related-posts":[{"id":26,"url":"https:\/\/www.24baires.com\/?p=26","url_meta":{"origin":99362,"position":0},"title":"Se va conformando la cartelera teatral del verano","author":"Grupo Sierra","date":"17\/09\/2012","format":false,"excerpt":"Las obras \u201cLa dama de negro\u201d, con Fabi\u00e1n Gianola y Nicol\u00e1s Scarpino; \u201cEscandalosas\u201d, con Carmen Barbieri y Moria Cas\u00e1n; \u201cEn el aire\u201d, con Facundo Arana; \u201cDivine\u201d, con An\u00edbal Pachano; y \u201cConversaciones con mam\u00e1\u201d, con Pepe Soriano y Luis Brandoni son algunos de los espect\u00e1culos confirmados para la temporada teatral veraniega\u2026","rel":"","context":"En \u00abEspectaculos\u00bb","block_context":{"text":"Espectaculos","link":"https:\/\/www.24baires.com\/?cat=41"},"img":{"alt_text":"","src":"https:\/\/i0.wp.com\/static.0223.com.ar\/2012\/09\/pe1.jpg?resize=350%2C200","width":350,"height":200},"classes":[]},{"id":28983,"url":"https:\/\/www.24baires.com\/?p=28983","url_meta":{"origin":99362,"position":1},"title":"\u00abDe ser necesario, se jugar\u00e1 sin p\u00fablico\u00bb, asegur\u00f3 Berni","author":"AF","date":"26\/07\/2013","format":false,"excerpt":"El secretario de Seguridad de la Naci\u00f3n, Sergio Berni, asegur\u00f3 que si es necesario, los partidos de f\u00fatbol \u201cse jugar\u00e1n sin p\u00fablico y que los dirigentes deber\u00e1n abosrver las consecuencias econ\u00f3micas\u201d. \u201cSeguramente la AFA le est\u00e1 comunicando a los clubes que van a jugar sin visitantes. Seremos muy cr\u00edticos y\u2026","rel":"","context":"En \u00abSociedad\u00bb","block_context":{"text":"Sociedad","link":"https:\/\/www.24baires.com\/?cat=1"},"img":{"alt_text":"berni","src":"https:\/\/i0.wp.com\/www.24baires.com\/wp-content\/uploads\/2013\/02\/berni-300x200.jpg?resize=350%2C200","width":350,"height":200},"classes":[]},{"id":44745,"url":"https:\/\/www.24baires.com\/?p=44745","url_meta":{"origin":99362,"position":2},"title":"\u00bfQu\u00e9 pas\u00f3 ayer? La foto de apertura de Showmatch","author":"GB","date":"26\/04\/2014","format":false,"excerpt":"As\u00ed como hace algunos d\u00edas adelantaron im\u00e1genes de lo que ser\u00e1 el sketch de apertura, desde Ideas del Sur dieron a conocer la foto de \u00bfQu\u00e9 pas\u00f3 ayer? y la expectativa crece. El programa desembarca en la pantalla chica el pr\u00f3ximo lunes de 28 de abril y la apertura ser\u00e1\u2026","rel":"","context":"En \u00abEspectaculos\u00bb","block_context":{"text":"Espectaculos","link":"https:\/\/www.24baires.com\/?cat=41"},"img":{"alt_text":"foto de tinelli","src":"https:\/\/i0.wp.com\/www.24baires.com\/wp-content\/uploads\/2014\/04\/foto-de-tinelli.jpg?resize=350%2C200","width":350,"height":200,"srcset":"https:\/\/i0.wp.com\/www.24baires.com\/wp-content\/uploads\/2014\/04\/foto-de-tinelli.jpg?resize=350%2C200 1x, https:\/\/i0.wp.com\/www.24baires.com\/wp-content\/uploads\/2014\/04\/foto-de-tinelli.jpg?resize=525%2C300 1.5x"},"classes":[]},{"id":65977,"url":"https:\/\/www.24baires.com\/?p=65977","url_meta":{"origin":99362,"position":3},"title":"Chiche Duhalde: \u00abLas chicas se embarazan para tener un plan social\u00bb","author":"AF","date":"15\/05\/2015","format":false,"excerpt":"\"En las unidades sanitarias, algunas obstetras me cuentan que las chicas dicen: 'Estamos haciendo salario', porque le van a dar 400 pesos'\", agreg\u00f3 la ex senadora. La ex senadora Chiche Duhalde asegur\u00f3 anoche en di\u00e1logo con Dady Brieva por CN23 que \"aunque parezca mentira\" las chicas de 12 o 13\u2026","rel":"","context":"En \u00abPol\u00edtica\u00bb","block_context":{"text":"Pol\u00edtica","link":"https:\/\/www.24baires.com\/?cat=51"},"img":{"alt_text":"Hilda Chiche Duhalde2","src":"https:\/\/i0.wp.com\/www.24baires.com\/wp-content\/uploads\/2014\/09\/Hilda-Chiche-Duhalde2.jpg?resize=350%2C200","width":350,"height":200,"srcset":"https:\/\/i0.wp.com\/www.24baires.com\/wp-content\/uploads\/2014\/09\/Hilda-Chiche-Duhalde2.jpg?resize=350%2C200 1x, https:\/\/i0.wp.com\/www.24baires.com\/wp-content\/uploads\/2014\/09\/Hilda-Chiche-Duhalde2.jpg?resize=525%2C300 1.5x"},"classes":[]},{"id":29340,"url":"https:\/\/www.24baires.com\/?p=29340","url_meta":{"origin":99362,"position":4},"title":"Facundo Moyano: \u00abNo se puede defender a un laburante que se queda dormido\u00bb","author":"AF","date":"01\/08\/2013","format":false,"excerpt":"El diputado nacional Facundo Moyano se refiri\u00f3 a las im\u00e1genes de los maquinistas que divulg\u00f3 el Ministerio del Interior y Transporte en di\u00e1logo con Radio Am\u00e9rica. \"Los conductores de trenes son irresponsables\", indic\u00f3. Randazzo ayer mostr\u00f3 un video con infracciones de los motorman. El diputado del Frente para la Victoria,\u2026","rel":"","context":"En \u00abSociedad\u00bb","block_context":{"text":"Sociedad","link":"https:\/\/www.24baires.com\/?cat=1"},"img":{"alt_text":"motorman dormido","src":"https:\/\/i0.wp.com\/www.24baires.com\/wp-content\/uploads\/2013\/08\/motorman-dormido.jpg?resize=350%2C200","width":350,"height":200,"srcset":"https:\/\/i0.wp.com\/www.24baires.com\/wp-content\/uploads\/2013\/08\/motorman-dormido.jpg?resize=350%2C200 1x, https:\/\/i0.wp.com\/www.24baires.com\/wp-content\/uploads\/2013\/08\/motorman-dormido.jpg?resize=525%2C300 1.5x"},"classes":[]},{"id":23668,"url":"https:\/\/www.24baires.com\/?p=23668","url_meta":{"origin":99362,"position":5},"title":"Ahora el padr\u00f3n electoral tambi\u00e9n publica las fotos de los votantes","author":"AF","date":"16\/05\/2013","format":false,"excerpt":"La digitalizaci\u00f3n de los DNI llev\u00f3 a que para las pr\u00f3ximas elecciones legislativas en el padr\u00f3n de los electores se publiquen las fotos de los votantes. Busc\u00e1 tu foto. La digitalizaci\u00f3n de los DNI llev\u00f3 a que para las pr\u00f3ximas elecciones legislativas en el padr\u00f3n de los electores se publiquen\u2026","rel":"","context":"En \u00abSociedad\u00bb","block_context":{"text":"Sociedad","link":"https:\/\/www.24baires.com\/?cat=1"},"img":{"alt_text":"","src":"","width":0,"height":0},"classes":[]}],"jetpack_sharing_enabled":true,"jetpack_likes_enabled":true,"_links":{"self":[{"href":"https:\/\/www.24baires.com\/index.php?rest_route=\/wp\/v2\/posts\/99362","targetHints":{"allow":["GET"]}}],"collection":[{"href":"https:\/\/www.24baires.com\/index.php?rest_route=\/wp\/v2\/posts"}],"about":[{"href":"https:\/\/www.24baires.com\/index.php?rest_route=\/wp\/v2\/types\/post"}],"author":[{"embeddable":true,"href":"https:\/\/www.24baires.com\/index.php?rest_route=\/wp\/v2\/users\/8"}],"replies":[{"embeddable":true,"href":"https:\/\/www.24baires.com\/index.php?rest_route=%2Fwp%2Fv2%2Fcomments&post=99362"}],"version-history":[{"count":1,"href":"https:\/\/www.24baires.com\/index.php?rest_route=\/wp\/v2\/posts\/99362\/revisions"}],"predecessor-version":[{"id":99364,"href":"https:\/\/www.24baires.com\/index.php?rest_route=\/wp\/v2\/posts\/99362\/revisions\/99364"}],"wp:attachment":[{"href":"https:\/\/www.24baires.com\/index.php?rest_route=%2Fwp%2Fv2%2Fmedia&parent=99362"}],"wp:term":[{"taxonomy":"category","embeddable":true,"href":"https:\/\/www.24baires.com\/index.php?rest_route=%2Fwp%2Fv2%2Fcategories&post=99362"},{"taxonomy":"post_tag","embeddable":true,"href":"https:\/\/www.24baires.com\/index.php?rest_route=%2Fwp%2Fv2%2Ftags&post=99362"}],"curies":[{"name":"wp","href":"https:\/\/api.w.org\/{rel}","templated":true}]}}