{"id":9914,"date":"2012-12-20T16:55:59","date_gmt":"2012-12-20T19:55:59","guid":{"rendered":"http:\/\/www.24baires.com\/?p=9914"},"modified":"2012-12-20T16:55:59","modified_gmt":"2012-12-20T19:55:59","slug":"ley-de-medios-el-jueves-proximo-la-corte-tratara-el-per-saltum-pedido-por-el-gobierno","status":"publish","type":"post","link":"https:\/\/www.24baires.com\/?p=9914","title":{"rendered":"Ley de Medios: El jueves pr\u00f3ximo la Corte tratar\u00e1 el &#8216;per saltum&#8217; pedido por el Gobierno"},"content":{"rendered":"<p>El M\u00e1ximo Tribunal anunci\u00f3 que se reunir\u00e1 la semana que viene luego del an\u00e1lisis individual que har\u00e1 cada uno de los ministros. \u201cEl expediente est\u00e1 circulando desde que entr\u00f3 por todas las vocal\u00edas. Los jueces lo est\u00e1n analizando\u00bb, se\u00f1alaron fuentes de la Justicia.<!--more--><\/p>\n<p>Luego del pedido que hizo el Gobierno, fuentes cercanas a la Corte Suprema de Justicia adelantaron que el M\u00e1ximo Tribunal se reunir\u00e1 el jueves pr\u00f3ximo para tratar el per saltum, en el marco de la causa por la Ley de Medios.<\/p>\n<p>En el acuerdo del jueves est\u00e1 previsto comenzar el an\u00e1lisis y de ser posible llegar a una decisi\u00f3n sobre la aceptaci\u00f3n o el rechazo del recurso donde se plantea la intervenci\u00f3n directa del m\u00e1ximo tribunal ante la \u00abgravedad institucional\u00bb en la decisi\u00f3n de fondo sobre la constitucionalidad de los art\u00edculos 161 y 45 de la Ley de Medios, explicaron fuentes judiciales.<\/p>\n<p>\u201cEl expediente est\u00e1 circulando desde que entr\u00f3 por todas las vocal\u00edas. Los jueces lo est\u00e1n analizando\u00bb y se intentar\u00e1 resolverlo en el acuerdo del jueves, indicaron las fuentes.<\/p>\n<p>Ante la presentaci\u00f3n del per saltum, en primer lugar la Corte tiene que resolver si es o no admisible y, en caso positivo, adentrarse en la cuesti\u00f3n de fondo, previa vista a la Procuraci\u00f3n General de la Naci\u00f3n.<\/p>\n<p>La semana pasada el juez en lo civil y comercial federal Horacio Alfonso fall\u00f3 a favor de la constitucionalidad de las llamadas \u00abcl\u00e1usulas de desinversi\u00f3n\u00bb de la ley, en un fallo que fue apelado por el Grupo Clar\u00edn ante la C\u00e1mara del fuero, luego de lo cual el Estado Nacional present\u00f3 el per saltum.<\/p>\n<p>&nbsp;<\/p>\n<p>&nbsp;<\/p>\n<p>&nbsp;<\/p>\n<p>&nbsp;<\/p>\n<p>&nbsp;<\/p>\n<p>&nbsp;<\/p>\n<p>&nbsp;<\/p>\n<p>&nbsp;<\/p>\n<p>&nbsp;<\/p>\n<p>&nbsp;<\/p>\n<p>&nbsp;<\/p>\n<p>&nbsp;<\/p>\n","protected":false},"excerpt":{"rendered":"<p>El M\u00e1ximo Tribunal anunci\u00f3 que se reunir\u00e1 la semana que viene luego del an\u00e1lisis individual que har\u00e1 cada uno de los ministros. \u201cEl expediente est\u00e1 circulando desde que entr\u00f3 por todas las vocal\u00edas. Los jueces lo est\u00e1n analizando\u00bb, se\u00f1alaron fuentes de la Justicia.<\/p>\n","protected":false},"author":11,"featured_media":0,"comment_status":"open","ping_status":"open","sticky":false,"template":"","format":"standard","meta":{"_jetpack_newsletter_access":"","_jetpack_dont_email_post_to_subs":false,"_jetpack_newsletter_tier_id":0,"_jetpack_memberships_contains_paywalled_content":false,"_jetpack_memberships_contains_paid_content":false,"footnotes":""},"categories":[54],"tags":[],"class_list":["post-9914","post","type-post","status-publish","format-standard","hentry","category-medios"],"jetpack_featured_media_url":"","jetpack_shortlink":"https:\/\/wp.me\/p2JWE0-2zU","jetpack-related-posts":[{"id":59349,"url":"https:\/\/www.24baires.com\/?p=59349","url_meta":{"origin":9914,"position":0},"title":"La Justicia rechaz\u00f3 el per saltum de la AFSCA para que Clar\u00edn se adec\u00fae","author":"GB","date":"30\/12\/2014","format":false,"excerpt":"El M\u00e1ximo Tribunal declar\u00f3 inadmisible el pedido presentado por la AFSCA en la causa por la adecuaci\u00f3n de oficio del Grupo Clar\u00edn, tal como lo inform\u00f3 la vocera de la Corte. La Corte Suprema rechaz\u00f3 este martes el pedido de per saltum formulado por la Administraci\u00f3n Federal de Servicios de\u2026","rel":"","context":"En \u00abMedios\u00bb","block_context":{"text":"Medios","link":"https:\/\/www.24baires.com\/?cat=54"},"img":{"alt_text":"corte","src":"https:\/\/i0.wp.com\/www.24baires.com\/wp-content\/uploads\/2014\/12\/corte.jpg?resize=350%2C200","width":350,"height":200,"srcset":"https:\/\/i0.wp.com\/www.24baires.com\/wp-content\/uploads\/2014\/12\/corte.jpg?resize=350%2C200 1x, https:\/\/i0.wp.com\/www.24baires.com\/wp-content\/uploads\/2014\/12\/corte.jpg?resize=525%2C300 1.5x"},"classes":[]},{"id":9790,"url":"https:\/\/www.24baires.com\/?p=9790","url_meta":{"origin":9914,"position":1},"title":"La Corte Suprema ya tiene en sus manos el pedido de &#8216;per saltum&#8217; y debe resolver tratarlo","author":"Grupo Sierra","date":"19\/12\/2012","format":false,"excerpt":"La Corte Suprema de Justicia recibi\u00f3 el pedido del Gobierno de avocarse a la causa sobre la constitucionalidad de la ley de medios, sancionada hace tres a\u00f1os y bloqueada desde entonces por una medida cautelar. Ahora deber\u00e1 resolver si lo acepta. La presentaci\u00f3n ante el m\u00e1ximo tribunal se realiz\u00f3 este\u2026","rel":"","context":"En \u00abMedios\u00bb","block_context":{"text":"Medios","link":"https:\/\/www.24baires.com\/?cat=54"},"img":{"alt_text":"corte suprema","src":"https:\/\/i0.wp.com\/www.24baires.com\/wp-content\/uploads\/2012\/12\/corte-suprema.jpg?resize=350%2C200","width":350,"height":200,"srcset":"https:\/\/i0.wp.com\/www.24baires.com\/wp-content\/uploads\/2012\/12\/corte-suprema.jpg?resize=350%2C200 1x, https:\/\/i0.wp.com\/www.24baires.com\/wp-content\/uploads\/2012\/12\/corte-suprema.jpg?resize=525%2C300 1.5x"},"classes":[]},{"id":10973,"url":"https:\/\/www.24baires.com\/?p=10973","url_meta":{"origin":9914,"position":2},"title":"Madres marchan a Tribunales para que se trate la Ley de Medios a pesar de la feria","author":"AF","date":"02\/01\/2013","format":false,"excerpt":"En el marco de la presentaci\u00f3n de la jefatura de Gabinete y el Afsca para que se habilite la feria judicial para tratar la Ley de Medios, luego de que la Corte Suprema de Justicia de la Naci\u00f3n rechazara el per saltum y confirmara la extensi\u00f3n de la medida cautelar\u2026","rel":"","context":"En \u00abMedios\u00bb","block_context":{"text":"Medios","link":"https:\/\/www.24baires.com\/?cat=54"},"img":{"alt_text":"MADRES PLAZA DE MAYO","src":"https:\/\/i0.wp.com\/www.24baires.com\/wp-content\/uploads\/2013\/01\/MADRES-PLAZA-DE-MAYO.jpg?resize=350%2C200","width":350,"height":200,"srcset":"https:\/\/i0.wp.com\/www.24baires.com\/wp-content\/uploads\/2013\/01\/MADRES-PLAZA-DE-MAYO.jpg?resize=350%2C200 1x, https:\/\/i0.wp.com\/www.24baires.com\/wp-content\/uploads\/2013\/01\/MADRES-PLAZA-DE-MAYO.jpg?resize=525%2C300 1.5x"},"classes":[]},{"id":25632,"url":"https:\/\/www.24baires.com\/?p=25632","url_meta":{"origin":9914,"position":3},"title":"\u00abPer Saltum\u00bb del Colegio de Abogados de Dolores contra la democratizaci\u00f3n judicial","author":"Grupo Sierra","date":"11\/06\/2013","format":false,"excerpt":"El Colegio de Abogados de Dolores presentar\u00e1 un \"per saltum\" ante la Corte Suprema de Justicia de la Naci\u00f3n contra la reforma al Consejo de la Magistratura de la Naci\u00f3n que estableci\u00f3 la elecci\u00f3n popular de sus miembros y una nueva integraci\u00f3n de 19 personas. Ser\u00e1 el primer \"per saltum\"\u2026","rel":"","context":"En \u00abPol\u00edtica\u00bb","block_context":{"text":"Pol\u00edtica","link":"https:\/\/www.24baires.com\/?cat=51"},"img":{"alt_text":"consejo magistratura","src":"https:\/\/i0.wp.com\/www.24baires.com\/wp-content\/uploads\/2012\/10\/consejo-magistratura.jpg?resize=350%2C200","width":350,"height":200,"srcset":"https:\/\/i0.wp.com\/www.24baires.com\/wp-content\/uploads\/2012\/10\/consejo-magistratura.jpg?resize=350%2C200 1x, https:\/\/i0.wp.com\/www.24baires.com\/wp-content\/uploads\/2012\/10\/consejo-magistratura.jpg?resize=525%2C300 1.5x"},"classes":[]},{"id":10904,"url":"https:\/\/www.24baires.com\/?p=10904","url_meta":{"origin":9914,"position":4},"title":"El Gobierno solicitar\u00e1 la habilitaci\u00f3n de la feria judicial para tratar la Ley de Medios","author":"AF","date":"01\/01\/2013","format":false,"excerpt":"El gobierno pedir\u00e1 este mi\u00e9rcoles, en el primer d\u00eda h\u00e1bil del a\u00f1o, que la C\u00e1mara Federal Civil y Comercial Federal habilite la feria judicial de enero para resolver con \u201cceleridad\u201d la causa planteada por el grupo Clar\u00edn contra la Ley de Medios. La presentaci\u00f3n la har\u00e1 a primera hora la\u2026","rel":"","context":"En \u00abMedios\u00bb","block_context":{"text":"Medios","link":"https:\/\/www.24baires.com\/?cat=54"},"img":{"alt_text":"","src":"","width":0,"height":0},"classes":[]},{"id":11158,"url":"https:\/\/www.24baires.com\/?p=11158","url_meta":{"origin":9914,"position":5},"title":"\u201cVamos a venir todos los jueves hasta la puerta de Tribunales hasta que nos hartemos\u00bb","author":"Grupo Sierra","date":"03\/01\/2013","format":false,"excerpt":"La titular de Madres de Plaza de Mayo, Hebe de Bonafini, critic\u00f3 a la Justicia por el rechazo al pedido de per saltum pedido por el Gobierno en la causa por la Ley de Medios y por la confirmaci\u00f3n de la extensi\u00f3n de la cautelar que beneficia al Grupo Clar\u00edn.\u2026","rel":"","context":"En \u00abMedios\u00bb","block_context":{"text":"Medios","link":"https:\/\/www.24baires.com\/?cat=54"},"img":{"alt_text":"","src":"","width":0,"height":0},"classes":[]}],"jetpack_sharing_enabled":true,"jetpack_likes_enabled":true,"_links":{"self":[{"href":"https:\/\/www.24baires.com\/index.php?rest_route=\/wp\/v2\/posts\/9914","targetHints":{"allow":["GET"]}}],"collection":[{"href":"https:\/\/www.24baires.com\/index.php?rest_route=\/wp\/v2\/posts"}],"about":[{"href":"https:\/\/www.24baires.com\/index.php?rest_route=\/wp\/v2\/types\/post"}],"author":[{"embeddable":true,"href":"https:\/\/www.24baires.com\/index.php?rest_route=\/wp\/v2\/users\/11"}],"replies":[{"embeddable":true,"href":"https:\/\/www.24baires.com\/index.php?rest_route=%2Fwp%2Fv2%2Fcomments&post=9914"}],"version-history":[{"count":3,"href":"https:\/\/www.24baires.com\/index.php?rest_route=\/wp\/v2\/posts\/9914\/revisions"}],"predecessor-version":[{"id":9917,"href":"https:\/\/www.24baires.com\/index.php?rest_route=\/wp\/v2\/posts\/9914\/revisions\/9917"}],"wp:attachment":[{"href":"https:\/\/www.24baires.com\/index.php?rest_route=%2Fwp%2Fv2%2Fmedia&parent=9914"}],"wp:term":[{"taxonomy":"category","embeddable":true,"href":"https:\/\/www.24baires.com\/index.php?rest_route=%2Fwp%2Fv2%2Fcategories&post=9914"},{"taxonomy":"post_tag","embeddable":true,"href":"https:\/\/www.24baires.com\/index.php?rest_route=%2Fwp%2Fv2%2Ftags&post=9914"}],"curies":[{"name":"wp","href":"https:\/\/api.w.org\/{rel}","templated":true}]}}