{"id":9909,"date":"2012-12-20T16:47:44","date_gmt":"2012-12-20T19:47:44","guid":{"rendered":"http:\/\/www.24baires.com\/?p=9909"},"modified":"2012-12-20T16:47:44","modified_gmt":"2012-12-20T19:47:44","slug":"el-diputado-farias-pide-informes-sobre-la-instalacion-indebida-de-carteles-en-la-ruta-2","status":"publish","type":"post","link":"https:\/\/www.24baires.com\/?p=9909","title":{"rendered":"El diputado Farias pide informes sobre la instalaci\u00f3n indebida de carteles en la Ruta 2"},"content":{"rendered":"<p><a href=\"http:\/\/www.24baires.com\/politica\/4522-legislador-provincial-del-fap-sera-veedor-en-las-elecciones-estadounidenses\/attachment\/farias-pablo\/\" rel=\"attachment wp-att-4523\"><img data-recalc-dims=\"1\" loading=\"lazy\" decoding=\"async\" class=\"alignleft size-medium wp-image-4523\" alt=\"farias pablo\" src=\"https:\/\/i0.wp.com\/www.24baires.com\/wp-content\/uploads\/2012\/11\/farias-pablo.jpg?resize=278%2C300\" width=\"278\" height=\"300\" srcset=\"https:\/\/i0.wp.com\/www.24baires.com\/wp-content\/uploads\/2012\/11\/farias-pablo.jpg?resize=278%2C300&amp;ssl=1 278w, https:\/\/i0.wp.com\/www.24baires.com\/wp-content\/uploads\/2012\/11\/farias-pablo.jpg?w=520&amp;ssl=1 520w\" sizes=\"auto, (max-width: 278px) 100vw, 278px\" \/><\/a>La Ruta Provincial N\u00b0 2 es una de las rutas m\u00e1s transitadas del pa\u00eds, sobre todo ante la proximidad de las vacaciones, y en consecuencia, es una de aquellas en las que m\u00e1s obras de mantenimiento deben realizarse. Es por eso que el diputado provincial del GEN-FAP, Pablo Far\u00edas, present\u00f3 un proyecto de Solicitud de Informes donde le exige al Poder Ejecutivo Provincial indicar sobre distintos aspectos en relaci\u00f3n a los carteles de obra ubicados a la vera de la Ruta 2.<!--more--><\/p>\n<p>El legislador Pablo Farias explic\u00f3 que \u201crecientemente se han colocado a lo largo de la ruta una gran cantidad de carteles indicadores de obras que se est\u00e1n realizando o que se realizar\u00e1n durante el a\u00f1o 2013 sobre su trazado. Lo que no surge en la carteler\u00eda es si qui\u00e9n est\u00e1 haciendo la obra es el concesionario o la propia provincia de Buenos Aires, aunque la gr\u00e1fica y los colores se asemejan a la se\u00f1al\u00e9tica de obras provinciales\u201d.<\/p>\n<p>Dichos carteles fueron colocados en la denominada \u201czona de seguridad\u201d de la Ruta Provincial N\u00b0 2, a metros de la banquina de asfalto, pero a\u00fan en el sector en el que la legislaci\u00f3n vigente proh\u00edbe la instalaci\u00f3n de se\u00f1alizaciones.<\/p>\n<p>\u201cLa colocaci\u00f3n de los carteles en esa \u201czona de seguridad\u201d implica un grave riesgo para los miles de veh\u00edculos que cotidianamente transitan por la ruta, y cuyo n\u00famero aumentar\u00e1 considerablemente en la temporada estival, incrementando tambi\u00e9n los riesgos, ya que all\u00ed es donde indefectiblemente se detendr\u00e1n los veh\u00edculos que sufran cualquier tipo de accidente o se despisten de la v\u00eda\u201d, argument\u00f3 el legislador del GEN.<\/p>\n<p>Por dichos motivos, el diputado provincial Pablo Far\u00edas insisti\u00f3 en que \u201crequiero que el Ejecutivo provincial responda sobre diferentes cuestiones acerca de la instalaci\u00f3n indebida de los carteles de obra que se encuentran al borde de la ruta en pos de reforzar la seguridad vial en la misma\u201d.<\/p>\n","protected":false},"excerpt":{"rendered":"<p>La Ruta Provincial N\u00b0 2 es una de las rutas m\u00e1s transitadas del pa\u00eds, sobre todo ante la proximidad de las vacaciones, y en consecuencia, es una de aquellas en las que m\u00e1s obras de mantenimiento deben realizarse. Es por eso que el diputado provincial del GEN-FAP, Pablo Far\u00edas, present\u00f3 un proyecto de Solicitud de Informes donde le exige al [&#8230;]<\/p>\n","protected":false},"author":11,"featured_media":0,"comment_status":"open","ping_status":"open","sticky":false,"template":"","format":"standard","meta":{"_jetpack_newsletter_access":"","_jetpack_dont_email_post_to_subs":false,"_jetpack_newsletter_tier_id":0,"_jetpack_memberships_contains_paywalled_content":false,"_jetpack_memberships_contains_paid_content":false,"footnotes":""},"categories":[40],"tags":[],"class_list":["post-9909","post","type-post","status-publish","format-standard","hentry","category-provincia"],"jetpack_featured_media_url":"","jetpack_shortlink":"https:\/\/wp.me\/p2JWE0-2zP","jetpack-related-posts":[{"id":53057,"url":"https:\/\/www.24baires.com\/?p=53057","url_meta":{"origin":9909,"position":0},"title":"El FAP propuso realizar una audiencia p\u00fablica por situaci\u00f3n de rutas","author":"AF","date":"04\/09\/2014","format":false,"excerpt":"El bloque del FAP de la C\u00e1mara de Diputados resolvi\u00f3 presentar un proyecto de ley con el objetivo de realizar una audiencia p\u00fablica sobre el estado de las rutas y caminos bonaerenses. La propuesta fue realizada por el diputado Ricardo Vago a ra\u00edz de los \u00faltimos accidentes y los anuncios\u2026","rel":"","context":"En \u00abProvincia\u00bb","block_context":{"text":"Provincia","link":"https:\/\/www.24baires.com\/?cat=40"},"img":{"alt_text":"cartel mal estado ruta","src":"https:\/\/i0.wp.com\/www.24baires.com\/wp-content\/uploads\/2013\/02\/cartel-mal-estado-ruta.jpg?resize=350%2C200","width":350,"height":200,"srcset":"https:\/\/i0.wp.com\/www.24baires.com\/wp-content\/uploads\/2013\/02\/cartel-mal-estado-ruta.jpg?resize=350%2C200 1x, https:\/\/i0.wp.com\/www.24baires.com\/wp-content\/uploads\/2013\/02\/cartel-mal-estado-ruta.jpg?resize=525%2C300 1.5x"},"classes":[]},{"id":11139,"url":"https:\/\/www.24baires.com\/?p=11139","url_meta":{"origin":9909,"position":1},"title":"\u00bfPor qu\u00e9 no se escucha la FM 107.1 en la Autov\u00eda 2?","author":"AF","date":"03\/01\/2013","format":false,"excerpt":"El diputado provincial del GEN en el Frente Amplio Progresista Pablo Far\u00edas solicit\u00f3 que el Poder Ejecutivo Provincial indique cu\u00e1les son los motivos por los que la FM 107.1, frecuencia que se utiliza para brindarle informaci\u00f3n a los usuarios de las rutas 2 y 11, dej\u00f3 de funcionar. \u201cDesde hace\u2026","rel":"","context":"En \u00abSociedad\u00bb","block_context":{"text":"Sociedad","link":"https:\/\/www.24baires.com\/?cat=1"},"img":{"alt_text":"farias pablo 2","src":"https:\/\/i0.wp.com\/www.24baires.com\/wp-content\/uploads\/2012\/11\/farias-pablo-2-300x266.jpg?resize=350%2C200","width":350,"height":200},"classes":[]},{"id":38336,"url":"https:\/\/www.24baires.com\/?p=38336","url_meta":{"origin":9909,"position":2},"title":"Denuncian falta de se\u00f1alizaci\u00f3n en la ruta 2 y piden anular multas","author":"Grupo Sierra","date":"11\/01\/2014","format":false,"excerpt":"A trav\u00e9s de un proyecto de ley, el diputado provincial Pablo Far\u00edas (GEN-FAP) advirti\u00f3 que entre el kil\u00f3metro 394 y el 397 \u201cno existe la presencia de carteler\u00eda alguna que informe y advierta al conductor de la existencia de un radar fiscalizador de velocidad\u201d. Un diputado provincial pidi\u00f3 que se\u2026","rel":"","context":"En \u00abProvincia\u00bb","block_context":{"text":"Provincia","link":"https:\/\/www.24baires.com\/?cat=40"},"img":{"alt_text":"","src":"","width":0,"height":0},"classes":[]},{"id":11845,"url":"https:\/\/www.24baires.com\/?p=11845","url_meta":{"origin":9909,"position":3},"title":"Legisladores bonaerenses piden interpelar al ministro de Seguridad Ricardo Casal","author":"AF","date":"11\/01\/2013","format":false,"excerpt":"El bloque de Diputados y Senadores bonaerenses del Frente Amplio Progresista (FAP) pidi\u00f3 este viernes en conferencia de prensa la interpelaci\u00f3n al ministro de Justicia y Seguridad de la provincia de Buenos Aires, Ricardo Casal. \u201cHemos decidido requerir la interpelaci\u00f3n del ministro en la C\u00e1mara de Diputados para que de\u2026","rel":"","context":"En \u00abPol\u00edtica\u00bb","block_context":{"text":"Pol\u00edtica","link":"https:\/\/www.24baires.com\/?cat=51"},"img":{"alt_text":"","src":"","width":0,"height":0},"classes":[]},{"id":14722,"url":"https:\/\/www.24baires.com\/?p=14722","url_meta":{"origin":9909,"position":4},"title":"Intendentes colocan carteler\u00eda alertando sobre el mal estado de las rutas","author":"AF","date":"05\/02\/2013","format":false,"excerpt":"En el acceso a Alvear se coloc\u00f3 un mensaje por el mal estado de la Ruta Provincial 61 y los reiterados accidentes. \u201cAtenci\u00f3n: ruta provincial en mal estado. Circule con precauci\u00f3n\u201d. El mensaje est\u00e1 firmado por el intendente Alejandro Celillo y fue colocado semanas atr\u00e1s en el acceso al distrito\u2026","rel":"","context":"En \u00abPol\u00edtica\u00bb","block_context":{"text":"Pol\u00edtica","link":"https:\/\/www.24baires.com\/?cat=51"},"img":{"alt_text":"cartel mal estado ruta","src":"https:\/\/i0.wp.com\/www.24baires.com\/wp-content\/uploads\/2013\/02\/cartel-mal-estado-ruta.jpg?resize=350%2C200","width":350,"height":200,"srcset":"https:\/\/i0.wp.com\/www.24baires.com\/wp-content\/uploads\/2013\/02\/cartel-mal-estado-ruta.jpg?resize=350%2C200 1x, https:\/\/i0.wp.com\/www.24baires.com\/wp-content\/uploads\/2013\/02\/cartel-mal-estado-ruta.jpg?resize=525%2C300 1.5x"},"classes":[]},{"id":43884,"url":"https:\/\/www.24baires.com\/?p=43884","url_meta":{"origin":9909,"position":5},"title":"Proponen repavimentar la Ruta 32 por el \u00abdeterioro y abandono\u00bb","author":"AF","date":"15\/04\/2014","format":false,"excerpt":"La diputada provincial Maria Ratto y el dirigente del Frente Renovador, Jorge Solmi, denunciaron el deterioro y abandono de la ruta provincial 32 que une el norte bonaerense con Rosario, donde en el puente sobre el arroyo El Arbolito, a la altura del km 155 de la ruta se pueden\u2026","rel":"","context":"En \u00abLocales\u00bb","block_context":{"text":"Locales","link":"https:\/\/www.24baires.com\/?cat=38"},"img":{"alt_text":"ruta 32 pergamino","src":"https:\/\/i0.wp.com\/www.24baires.com\/wp-content\/uploads\/2014\/04\/ruta-32-pergamino.png?resize=350%2C200","width":350,"height":200},"classes":[]}],"jetpack_sharing_enabled":true,"jetpack_likes_enabled":true,"_links":{"self":[{"href":"https:\/\/www.24baires.com\/index.php?rest_route=\/wp\/v2\/posts\/9909","targetHints":{"allow":["GET"]}}],"collection":[{"href":"https:\/\/www.24baires.com\/index.php?rest_route=\/wp\/v2\/posts"}],"about":[{"href":"https:\/\/www.24baires.com\/index.php?rest_route=\/wp\/v2\/types\/post"}],"author":[{"embeddable":true,"href":"https:\/\/www.24baires.com\/index.php?rest_route=\/wp\/v2\/users\/11"}],"replies":[{"embeddable":true,"href":"https:\/\/www.24baires.com\/index.php?rest_route=%2Fwp%2Fv2%2Fcomments&post=9909"}],"version-history":[{"count":4,"href":"https:\/\/www.24baires.com\/index.php?rest_route=\/wp\/v2\/posts\/9909\/revisions"}],"predecessor-version":[{"id":9913,"href":"https:\/\/www.24baires.com\/index.php?rest_route=\/wp\/v2\/posts\/9909\/revisions\/9913"}],"wp:attachment":[{"href":"https:\/\/www.24baires.com\/index.php?rest_route=%2Fwp%2Fv2%2Fmedia&parent=9909"}],"wp:term":[{"taxonomy":"category","embeddable":true,"href":"https:\/\/www.24baires.com\/index.php?rest_route=%2Fwp%2Fv2%2Fcategories&post=9909"},{"taxonomy":"post_tag","embeddable":true,"href":"https:\/\/www.24baires.com\/index.php?rest_route=%2Fwp%2Fv2%2Ftags&post=9909"}],"curies":[{"name":"wp","href":"https:\/\/api.w.org\/{rel}","templated":true}]}}