{"id":9903,"date":"2012-12-20T16:42:16","date_gmt":"2012-12-20T19:42:16","guid":{"rendered":"http:\/\/www.24baires.com\/?p=9903"},"modified":"2012-12-21T12:08:28","modified_gmt":"2012-12-21T15:08:28","slug":"masiva-marcha-por-pedidos-de-autonomia-a-la-legislatura-bonaerense","status":"publish","type":"post","link":"https:\/\/www.24baires.com\/?p=9903","title":{"rendered":"Masiva marcha por pedidos de autonom\u00eda a la Legislatura bonaerense"},"content":{"rendered":"<p><a href=\"http:\/\/www.24baires.com\/provincia\/9903-masiva-marcha-por-pedidos-de-autonomia-a-la-legislatura-bonaerense\/attachment\/autonomia-dic-2012-1\/\" rel=\"attachment wp-att-9904\"><img data-recalc-dims=\"1\" loading=\"lazy\" decoding=\"async\" class=\"aligncenter size-full wp-image-9904\" alt=\"autonomia dic 2012 1\" src=\"https:\/\/i0.wp.com\/www.24baires.com\/wp-content\/uploads\/2012\/12\/autonomia-dic-2012-1.jpg?resize=560%2C420\" width=\"560\" height=\"420\" srcset=\"https:\/\/i0.wp.com\/www.24baires.com\/wp-content\/uploads\/2012\/12\/autonomia-dic-2012-1.jpg?w=560&amp;ssl=1 560w, https:\/\/i0.wp.com\/www.24baires.com\/wp-content\/uploads\/2012\/12\/autonomia-dic-2012-1.jpg?resize=300%2C225&amp;ssl=1 300w\" sizes=\"auto, (max-width: 560px) 100vw, 560px\" \/><\/a><\/p>\n<p><strong>LA PLATA-<\/strong> Vecinos de diferentes localidades que piden ser reconocidas como nuevos municipios se movilizaron hasta la C\u00e1mara de Diputados bonaerense para pedir el tratamiento de la Ley Marco para las autonom\u00edas municipales. Exigen ser recibidos por alguna autoridad y amenazan con endurecer las protestas si no son escuchados.<!--more--><\/p>\n<p>Vecinos de varios distritos de la provincia de Buenos Aires se convocaron en la puerta de la c\u00e1mara baja para solicitar que se trate el proyecto de Ley Marco que fomenta la creaci\u00f3n de nuevos municipios.<\/p>\n<p>Consultado por <strong>24baires<\/strong>, Mat\u00edas Afife, integrante de la Comisi\u00f3n Pro Autonom\u00eda de Quequ\u00e9n, explic\u00f3 los motivos de la movilizaci\u00f3n. Al respecto, se\u00f1al\u00f3 que \u201cestamos protestando por el no tratamiento de la Ley Marco, con la posibilidad de que sea tratada con tres despachos favorables de la C\u00e1mara de Diputados y con eso se formar\u00eda la ley\u201d.<\/p>\n<p>\u201cVenimos a exigir a nuestros representantes que se pongan a tratar la ley de nuevos municipios, no solo mirando el caso de Quequ\u00e9n, sino tambi\u00e9n los de otros pueblos como Huanguel\u00e9n, Lima, Otamendi, Altos de Tr\u00e1nsito y tantos otras comunidades que hoy se est\u00e1n expresando en la ciudad de La Plata\u201d, a\u00f1adi\u00f3.<\/p>\n<p>Por su parte, Maximiliano Vernieri, integrante de la Asociaci\u00f3n por la Autonom\u00eda de Lima (APAL), que pretende separarse de Z\u00e1rate, explic\u00f3 los fundamentos de su reclamo: \u201cBuenos Aires es la \u00fanica provincia del pa\u00eds que no posee esta Ley Marco, que hoy est\u00e1 en un 50%, pero queremos que sea del 100%\u201d.<\/p>\n<p>Interrogado sobre la historia del reclamo de Lima, el vecino indic\u00f3 que \u201cnuestro pueblo hace 125 a\u00f1os que se encuentra olvidado, es un polo nuclear, tenemos dos centrales at\u00f3micas, tres puertos en auge permanente y muchas industrias internacionales importantes. Nos sentimos olvidados por Z\u00e1rate y queremos la autonom\u00eda desde hace 10 a\u00f1os\u201d.<\/p>\n<p><a href=\"http:\/\/www.24baires.com\/provincia\/9903-masiva-marcha-por-pedidos-de-autonomia-a-la-legislatura-bonaerense\/attachment\/autonomia-dic-2012-2\/\" rel=\"attachment wp-att-9905\"><img data-recalc-dims=\"1\" loading=\"lazy\" decoding=\"async\" class=\"aligncenter size-full wp-image-9905\" alt=\"autonomia dic 2012 2\" src=\"https:\/\/i0.wp.com\/www.24baires.com\/wp-content\/uploads\/2012\/12\/autonomia-dic-2012-2.jpg?resize=560%2C420\" width=\"560\" height=\"420\" srcset=\"https:\/\/i0.wp.com\/www.24baires.com\/wp-content\/uploads\/2012\/12\/autonomia-dic-2012-2.jpg?w=560&amp;ssl=1 560w, https:\/\/i0.wp.com\/www.24baires.com\/wp-content\/uploads\/2012\/12\/autonomia-dic-2012-2.jpg?resize=300%2C225&amp;ssl=1 300w\" sizes=\"auto, (max-width: 560px) 100vw, 560px\" \/><\/a><\/p>\n<p>Por \u00faltimo Eduardo Chavanne de Santa Clara del Mar quien reclama la conformaci\u00f3n de un nuevo distrito, asegur\u00f3 que \u201cjunto a Bat\u00e1n, Lezama, Mar de Aj\u00f3 y Huanguel\u00e9n somos socios fundadores de la Asociaci\u00f3n de Reconocimiento de Nuevos Municipios y , en nuestro caso en particular, buscamos descentralizar para darle crecimiento a nuestra localidad\u201d.<\/p>\n<p>\u201cNosotros venimos pidiendo hace m\u00e1s de 20 a\u00f1os por la autonom\u00eda de Santa Clara, por la desidia del gobierno del municipio de Mar Chiquita, como cabecera en Coronel Vidal, que hasta el d\u00eda de hoy solo se preocupa por mejorar el \u00e1rea mediterr\u00e1nea y, la costa que es el sustento del partido est\u00e1 en un total abandono y nos sentimos perjudicados porque vivimos solamente 45 d\u00edas de turismo. Las condiciones en las que se encuentra la costa del partido de Mar Chiquita, son paup\u00e9rrimas\u201d, concluy\u00f3.<\/p>\n<p>Adem\u00e1s, participaron de la marcha representantes de Quequ\u00e9n (quieren escindirse de Necochea), Huanguel\u00e9n (solicitan la unificaci\u00f3n territorial y separaci\u00f3n de Coronel Su\u00e1rez, Guamin\u00ed, Daireaux y General Lamadrid), Lima (actualmente perteneciente al distrito de Z\u00e1rate), Altos de Tr\u00e1nsito (pretenden separarse de Almirante Brown), Santa Clara del Mar (exigen el desprendimiento del partido de Mar Chiquita) y Hudson, entre otros<\/p>\n","protected":false},"excerpt":{"rendered":"<p>LA PLATA- Vecinos de diferentes localidades que piden ser reconocidas como nuevos municipios se movilizaron hasta la C\u00e1mara de Diputados bonaerense para pedir el tratamiento de la Ley Marco para las autonom\u00edas municipales. Exigen ser recibidos por alguna autoridad y amenazan con endurecer las protestas si no son escuchados.<\/p>\n","protected":false},"author":11,"featured_media":0,"comment_status":"open","ping_status":"open","sticky":false,"template":"","format":"standard","meta":{"_jetpack_newsletter_access":"","_jetpack_dont_email_post_to_subs":false,"_jetpack_newsletter_tier_id":0,"_jetpack_memberships_contains_paywalled_content":false,"_jetpack_memberships_contains_paid_content":false,"footnotes":""},"categories":[40],"tags":[],"class_list":["post-9903","post","type-post","status-publish","format-standard","hentry","category-provincia"],"jetpack_featured_media_url":"","jetpack_shortlink":"https:\/\/wp.me\/p2JWE0-2zJ","jetpack-related-posts":[{"id":22298,"url":"https:\/\/www.24baires.com\/?p=22298","url_meta":{"origin":9903,"position":0},"title":"Autonomistas de Quequ\u00e9n se reunieron con el Presidente de los Diputados provinciales","author":"Grupo Sierra","date":"30\/04\/2013","format":false,"excerpt":"Fueron recibidos por el titular de la c\u00e1mara baja bonaerense en La Plata. El legislador se mostr\u00f3 interesado en el reclamo de los vecinos que pretenden escindirse de Necochea. Adem\u00e1s se comprometi\u00f3 a visitar la Carpa de la Esperanza. Pidieron que Lober\u00eda les ceda 130 mil hect\u00e1reas. \u00a0 \u00a0 El\u2026","rel":"","context":"En \u00abProvincia\u00bb","block_context":{"text":"Provincia","link":"https:\/\/www.24baires.com\/?cat=40"},"img":{"alt_text":"autonomistas quequ\u00e9n 4","src":"https:\/\/i0.wp.com\/www.24baires.com\/wp-content\/uploads\/2013\/01\/autonomistas-quequ%C3%A9n-4.jpg?resize=350%2C200","width":350,"height":200},"classes":[]},{"id":7727,"url":"https:\/\/www.24baires.com\/?p=7727","url_meta":{"origin":9903,"position":1},"title":"Autonomistas de Huanguel\u00e9n esperan \u201cmeter presi\u00f3n\u201d con apoyo de Juli\u00e1n Dom\u00ednguez","author":"Grupo Sierra","date":"03\/12\/2012","format":false,"excerpt":"\u00a0 Vecinos de esa localidad perteneciente a Coronel Su\u00e1rez aseguraron que \u201cir\u00e1n a fondo\u201d si antes de fin de a\u00f1o no hay novedades con respecto a sus pedidos de autonom\u00eda. Esperan \u201cmeterle presi\u00f3n\u201d a la legislatura con el apoyo de Juli\u00e1n Dom\u00ednguez. El pedido de Huanguel\u00e9n tiene sus a\u00f1os, como\u2026","rel":"","context":"En \u00abMunicipios\u00bb","block_context":{"text":"Municipios","link":"https:\/\/www.24baires.com\/?cat=44"},"img":{"alt_text":"","src":"https:\/\/i0.wp.com\/www.24baires.com\/wp-content\/uploads\/2012\/12\/huanguelen-libre-2.jpg?resize=350%2C200","width":350,"height":200,"srcset":"https:\/\/i0.wp.com\/www.24baires.com\/wp-content\/uploads\/2012\/12\/huanguelen-libre-2.jpg?resize=350%2C200 1x, https:\/\/i0.wp.com\/www.24baires.com\/wp-content\/uploads\/2012\/12\/huanguelen-libre-2.jpg?resize=525%2C300 1.5x"},"classes":[]},{"id":7815,"url":"https:\/\/www.24baires.com\/?p=7815","url_meta":{"origin":9903,"position":2},"title":"Autonomistas de Quequ\u00e9n advierten: \u201csin autonom\u00eda no hay verano\u201d","author":"AF","date":"04\/12\/2012","format":false,"excerpt":"El resurgimiento de los pedidos de autonom\u00eda, luego de que Lezama lograra transformarse en 2009 en el municipio n\u00famero 135 va en aumento. Vecinos de Quequ\u00e9n esperan tener novedades en la Legislatura antes de que finalice el a\u00f1o y amenazan con endurecer sus reclamos si no son escuchados. El caso\u2026","rel":"","context":"En \u00abSociedad\u00bb","block_context":{"text":"Sociedad","link":"https:\/\/www.24baires.com\/?cat=1"},"img":{"alt_text":"","src":"https:\/\/i0.wp.com\/www.24baires.com\/wp-content\/uploads\/2012\/11\/autonomistas-quequ%C3%A9n.jpg?resize=350%2C200","width":350,"height":200,"srcset":"https:\/\/i0.wp.com\/www.24baires.com\/wp-content\/uploads\/2012\/11\/autonomistas-quequ%C3%A9n.jpg?resize=350%2C200 1x, https:\/\/i0.wp.com\/www.24baires.com\/wp-content\/uploads\/2012\/11\/autonomistas-quequ%C3%A9n.jpg?resize=525%2C300 1.5x"},"classes":[]},{"id":5884,"url":"https:\/\/www.24baires.com\/?p=5884","url_meta":{"origin":9903,"position":3},"title":"El FAP realiz\u00f3 una Jornada sobre la Ley Org\u00e1nica Municipal","author":"AF","date":"18\/11\/2012","format":false,"excerpt":"El diputado provincial Alfredo Lazzeretti (PS \u2013 FAP) y el senador Ricardo V\u00e1zquez (GEN \u2013 FAP) encabezaron, en la Honorable C\u00e1mara de Diputados bonaerense, una Jornada de debate sobre la Ley Org\u00e1nica de las Municipalidades, bajo el lema \u201cPor municipios aut\u00f3nomos y sustentables\u201d. Este encuentro se realiz\u00f3 en el marco\u2026","rel":"","context":"En \u00abPol\u00edtica\u00bb","block_context":{"text":"Pol\u00edtica","link":"https:\/\/www.24baires.com\/?cat=51"},"img":{"alt_text":"","src":"https:\/\/i0.wp.com\/www.24baires.com\/wp-content\/uploads\/2012\/11\/lazzeretti-LOM-300x225.jpg?resize=350%2C200","width":350,"height":200},"classes":[]},{"id":53773,"url":"https:\/\/www.24baires.com\/?p=53773","url_meta":{"origin":9903,"position":4},"title":"Piden nuevos municipios mediante cortes de ruta","author":"Grupo Sierra","date":"16\/09\/2014","format":false,"excerpt":"Movimientos autonomistas reclaman la sanci\u00f3n de una ley en la Legislatura. Y advierten que saldr\u00e1n a la Ruta 2 el pr\u00f3ximo fin de semana. Vecinos de distintos puntos de la Provincia enrolados en un movimiento que reclama la autonom\u00eda de sus pueblos anunciaron ayer que saldr\u00e1n a realizar una protesta\u2026","rel":"","context":"En \u00abProvincia\u00bb","block_context":{"text":"Provincia","link":"https:\/\/www.24baires.com\/?cat=40"},"img":{"alt_text":"corte ruta 2","src":"https:\/\/i0.wp.com\/www.24baires.com\/wp-content\/uploads\/2014\/09\/corte-ruta-2-300x168.jpg?resize=350%2C200","width":350,"height":200},"classes":[]},{"id":100452,"url":"https:\/\/www.24baires.com\/?p=100452","url_meta":{"origin":9903,"position":5},"title":"Vecinos de Huanguel\u00e9n volvieron a reclamar por la autonom\u00eda del municipio","author":"AF","date":"09\/02\/2018","format":false,"excerpt":"M\u00e1s de 2.500 vecinos de la localidad bonaerense de Huanguel\u00e9n volvieron a marchar por la autonom\u00eda y para exigir al intendente de Coronel Su\u00e1rez, Roberto Palacio, m\u00e1s obras para el pueblo y mayor presupuesto. La marcha se gest\u00f3 luego de que el intendente acept\u00f3 concurrir a Huanguel\u00e9n para hablar con\u2026","rel":"","context":"En \u00abLocales\u00bb","block_context":{"text":"Locales","link":"https:\/\/www.24baires.com\/?cat=38"},"img":{"alt_text":"","src":"https:\/\/i0.wp.com\/www.24baires.com\/wp-content\/uploads\/2018\/02\/Huanguelen.jpg?resize=350%2C200","width":350,"height":200,"srcset":"https:\/\/i0.wp.com\/www.24baires.com\/wp-content\/uploads\/2018\/02\/Huanguelen.jpg?resize=350%2C200 1x, https:\/\/i0.wp.com\/www.24baires.com\/wp-content\/uploads\/2018\/02\/Huanguelen.jpg?resize=525%2C300 1.5x"},"classes":[]}],"jetpack_sharing_enabled":true,"jetpack_likes_enabled":true,"_links":{"self":[{"href":"https:\/\/www.24baires.com\/index.php?rest_route=\/wp\/v2\/posts\/9903","targetHints":{"allow":["GET"]}}],"collection":[{"href":"https:\/\/www.24baires.com\/index.php?rest_route=\/wp\/v2\/posts"}],"about":[{"href":"https:\/\/www.24baires.com\/index.php?rest_route=\/wp\/v2\/types\/post"}],"author":[{"embeddable":true,"href":"https:\/\/www.24baires.com\/index.php?rest_route=\/wp\/v2\/users\/11"}],"replies":[{"embeddable":true,"href":"https:\/\/www.24baires.com\/index.php?rest_route=%2Fwp%2Fv2%2Fcomments&post=9903"}],"version-history":[{"count":3,"href":"https:\/\/www.24baires.com\/index.php?rest_route=\/wp\/v2\/posts\/9903\/revisions"}],"predecessor-version":[{"id":10003,"href":"https:\/\/www.24baires.com\/index.php?rest_route=\/wp\/v2\/posts\/9903\/revisions\/10003"}],"wp:attachment":[{"href":"https:\/\/www.24baires.com\/index.php?rest_route=%2Fwp%2Fv2%2Fmedia&parent=9903"}],"wp:term":[{"taxonomy":"category","embeddable":true,"href":"https:\/\/www.24baires.com\/index.php?rest_route=%2Fwp%2Fv2%2Fcategories&post=9903"},{"taxonomy":"post_tag","embeddable":true,"href":"https:\/\/www.24baires.com\/index.php?rest_route=%2Fwp%2Fv2%2Ftags&post=9903"}],"curies":[{"name":"wp","href":"https:\/\/api.w.org\/{rel}","templated":true}]}}