{"id":98795,"date":"2017-11-17T12:00:34","date_gmt":"2017-11-17T15:00:34","guid":{"rendered":"http:\/\/www.24baires.com\/?p=98795"},"modified":"2017-11-17T09:55:51","modified_gmt":"2017-11-17T12:55:51","slug":"comienza-el-festival-internacional-de-cine-de-mar-del-plata","status":"publish","type":"post","link":"https:\/\/www.24baires.com\/?p=98795","title":{"rendered":"Comienza el Festival Internacional de Cine de Mar del Plata"},"content":{"rendered":"<p><img data-recalc-dims=\"1\" loading=\"lazy\" decoding=\"async\" src=\"https:\/\/i0.wp.com\/www.24baires.com\/wp-content\/uploads\/2015\/06\/festival-de-cine-mdp.jpg?resize=560%2C315\" alt=\"\" width=\"560\" height=\"315\" class=\"aligncenter size-full wp-image-67685\" srcset=\"https:\/\/i0.wp.com\/www.24baires.com\/wp-content\/uploads\/2015\/06\/festival-de-cine-mdp.jpg?w=560&amp;ssl=1 560w, https:\/\/i0.wp.com\/www.24baires.com\/wp-content\/uploads\/2015\/06\/festival-de-cine-mdp.jpg?resize=300%2C169&amp;ssl=1 300w\" sizes=\"auto, (max-width: 560px) 100vw, 560px\" \/>Se realizar\u00e1 hasta el 26 de noviembre y contar\u00e1 con m\u00e1s de 300 pel\u00edculas de 93 pa\u00edses. Esta noche se proyectar\u00e1 la pel\u00edcula \u00abMadame Hyde\u00bb<!--more--><\/p>\n<p>Comienza este viernes el Festival Internacional de Cine de Mar del Plata, que se realizar\u00e1 hasta el 26 de noviembre y contar\u00e1 con m\u00e1s de 300 pel\u00edculasde 93 pa\u00edses. Esta noche se proyectar\u00e1 la pel\u00edcula \u201cMadame Hyde\u201d.<\/p>\n<p>S\u00f3lo 14 competir\u00e1n por el premio mayor: el Astor. El jurado de la Competencia Internacional est\u00e1 conformado por el director y guionista Kenneth Lonergan \u2014presentar\u00e1 \u201cMargaret\u201d en las proyecciones especiales\u2014; el productor Amedeo Pagani; la actriz \u00c9rica Rivas; el cr\u00edtico Boyd van Hoeij; y el director art\u00edstico de la Quincena de Realizadores del Festival de Cannes, Edouard Waintrop.<\/p>\n","protected":false},"excerpt":{"rendered":"<p>Se realizar\u00e1 hasta el 26 de noviembre y contar\u00e1 con m\u00e1s de 300 pel\u00edculas de 93 pa\u00edses. Esta noche se proyectar\u00e1 la pel\u00edcula \u00abMadame Hyde\u00bb<\/p>\n","protected":false},"author":8,"featured_media":0,"comment_status":"open","ping_status":"open","sticky":false,"template":"","format":"standard","meta":{"_jetpack_newsletter_access":"","_jetpack_dont_email_post_to_subs":false,"_jetpack_newsletter_tier_id":0,"_jetpack_memberships_contains_paywalled_content":false,"_jetpack_memberships_contains_paid_content":false,"footnotes":""},"categories":[41],"tags":[],"class_list":["post-98795","post","type-post","status-publish","format-standard","hentry","category-espectaculos"],"jetpack_featured_media_url":"","jetpack_shortlink":"https:\/\/wp.me\/p2JWE0-pHt","jetpack-related-posts":[{"id":57015,"url":"https:\/\/www.24baires.com\/?p=57015","url_meta":{"origin":98795,"position":0},"title":"Mar del Plata: Presentaron una nueva edici\u00f3n del Festival de Cine","author":"GB","date":"12\/11\/2014","format":false,"excerpt":"Se desarrollar\u00e1 del 22 al 30 de noviembre pr\u00f3ximos y fue presentada oficialmente por la titular del Instituto Nacional de Cine y Artes Audiovisuales (Incaa), Lucrecia Cardoso; el presidente del certamen, Jos\u00e9 Mart\u00ednez Su\u00e1rez; y el director art\u00edstico de la muestra, Fernando Spiner. Trescientas setenta y nueve pel\u00edculas de 42\u2026","rel":"","context":"En \u00abEspectaculos\u00bb","block_context":{"text":"Espectaculos","link":"https:\/\/www.24baires.com\/?cat=41"},"img":{"alt_text":"presentacion festival de cine","src":"https:\/\/i0.wp.com\/www.24baires.com\/wp-content\/uploads\/2014\/11\/presentacion-festival-de-cine.jpg?resize=350%2C200","width":350,"height":200,"srcset":"https:\/\/i0.wp.com\/www.24baires.com\/wp-content\/uploads\/2014\/11\/presentacion-festival-de-cine.jpg?resize=350%2C200 1x, https:\/\/i0.wp.com\/www.24baires.com\/wp-content\/uploads\/2014\/11\/presentacion-festival-de-cine.jpg?resize=525%2C300 1.5x"},"classes":[]},{"id":67684,"url":"https:\/\/www.24baires.com\/?p=67684","url_meta":{"origin":98795,"position":1},"title":"Se confirm\u00f3 la fecha para el Festival de Cine de Mar del Plata","author":"GB","date":"17\/06\/2015","format":false,"excerpt":"El Festival Internacional de Cine de Mar del Plata llegar\u00e1 a su 30\u00aa edici\u00f3n en 2015. Comienza el 30 de octubre y termina el 7 de noviembre. El Festival Internacional de Cine de Mar del Plata comenzar\u00e1 el 30 de octubre y finalizar\u00e1 el 7 de noviembre. De esta manera,\u2026","rel":"","context":"En \u00abEspectaculos\u00bb","block_context":{"text":"Espectaculos","link":"https:\/\/www.24baires.com\/?cat=41"},"img":{"alt_text":"festival de cine mdp","src":"https:\/\/i0.wp.com\/www.24baires.com\/wp-content\/uploads\/2015\/06\/festival-de-cine-mdp.jpg?resize=350%2C200","width":350,"height":200,"srcset":"https:\/\/i0.wp.com\/www.24baires.com\/wp-content\/uploads\/2015\/06\/festival-de-cine-mdp.jpg?resize=350%2C200 1x, https:\/\/i0.wp.com\/www.24baires.com\/wp-content\/uploads\/2015\/06\/festival-de-cine-mdp.jpg?resize=525%2C300 1.5x"},"classes":[]},{"id":90015,"url":"https:\/\/www.24baires.com\/?p=90015","url_meta":{"origin":98795,"position":2},"title":"Mar del Plata disfruta el Festival de Cine","author":"GB","date":"19\/11\/2016","format":false,"excerpt":"La nueva muestra cinematogr\u00e1fica fue inaugurada por Jos\u00e9 Mart\u00ednez Su\u00e1rez, su presidente, que cont\u00f3 qu\u00e9 distinguir\u00e1 esta edici\u00f3n de otras. El 31\u00b0 Festival de Cine de Mar del Plata ya est\u00e1 en marcha. Con una ceremonia inaugural que cont\u00f3 con la presencia de autoridades y figuras, este viernes por la\u2026","rel":"","context":"En \u00abEspectaculos\u00bb","block_context":{"text":"Espectaculos","link":"https:\/\/www.24baires.com\/?cat=41"},"img":{"alt_text":"whatsapp-image-2016-11-18-at-21-37-45-640x360","src":"https:\/\/i0.wp.com\/www.24baires.com\/wp-content\/uploads\/2016\/11\/WhatsApp-Image-2016-11-18-at-21.37.45-640x360.jpeg?resize=350%2C200","width":350,"height":200,"srcset":"https:\/\/i0.wp.com\/www.24baires.com\/wp-content\/uploads\/2016\/11\/WhatsApp-Image-2016-11-18-at-21.37.45-640x360.jpeg?resize=350%2C200 1x, https:\/\/i0.wp.com\/www.24baires.com\/wp-content\/uploads\/2016\/11\/WhatsApp-Image-2016-11-18-at-21.37.45-640x360.jpeg?resize=525%2C300 1.5x"},"classes":[]},{"id":5922,"url":"https:\/\/www.24baires.com\/?p=5922","url_meta":{"origin":98795,"position":3},"title":"Comenz\u00f3 el 27\u00ba Festival Internacional de Cine en Mar del Plata","author":"AF","date":"18\/11\/2012","format":false,"excerpt":"Con gran presencia latinoamericana, este s\u00e1bado dio inicio en La Feliz, una nueva edici\u00f3n del encuentro de cine. Estrenos, retrospectivas y secciones flamantes durante ocho d\u00edas. Mar del Plata y una nueva edici\u00f3n del Festival Internacional de Cine. Pel\u00edculas, visitas, jurados, competencias, presentaciones de libros, mesas redondas, homenajes, eventos de\u2026","rel":"","context":"En \u00abArte &amp; Cultura\u00bb","block_context":{"text":"Arte &amp; Cultura","link":"https:\/\/www.24baires.com\/?cat=53"},"img":{"alt_text":"","src":"https:\/\/i0.wp.com\/www.24baires.com\/wp-content\/uploads\/2012\/11\/festival-cine-mdp.jpg?resize=350%2C200","width":350,"height":200},"classes":[]},{"id":57536,"url":"https:\/\/www.24baires.com\/?p=57536","url_meta":{"origin":98795,"position":4},"title":"Viggo Mortensen estar\u00e1 en la 29\u00b0 edici\u00f3n del Festival Internacional de Cine de Mar del Plata","author":"GB","date":"22\/11\/2014","format":false,"excerpt":"El reconocido actor presentar\u00e1 la pel\u00edcula \"Jauja\" en el festival que se llevar\u00e1 a cabo desde el 22 hasta el 30 de noviembre en la ciudad balnearia. Luego de las visitas de Tom Cruise y Halle Berry, llega a la Argentina otro reconocido actor de Hollywood. En esta oportunidad, se\u2026","rel":"","context":"En \u00abEspectaculos\u00bb","block_context":{"text":"Espectaculos","link":"https:\/\/www.24baires.com\/?cat=41"},"img":{"alt_text":"viggo","src":"https:\/\/i0.wp.com\/www.24baires.com\/wp-content\/uploads\/2014\/11\/viggo.jpg?resize=350%2C200","width":350,"height":200,"srcset":"https:\/\/i0.wp.com\/www.24baires.com\/wp-content\/uploads\/2014\/11\/viggo.jpg?resize=350%2C200 1x, https:\/\/i0.wp.com\/www.24baires.com\/wp-content\/uploads\/2014\/11\/viggo.jpg?resize=525%2C300 1.5x"},"classes":[]},{"id":74285,"url":"https:\/\/www.24baires.com\/?p=74285","url_meta":{"origin":98795,"position":5},"title":"El viernes comienza la 30ma. edici\u00f3n del Festival de Cine de Mar del Plata","author":"GB","date":"28\/10\/2015","format":false,"excerpt":"El filme \"Tres recuerdos de mi juventud\", del realizador franc\u00e9s Arnaud Desplechin, ser\u00e1 el encargado de dejar inaugurada la trig\u00e9sima edici\u00f3n del festival, que desde este viernes y hasta el pr\u00f3ximo s\u00e1bado 7 de noviembre se desarrollar\u00e1 en esa ciudad balnearia. Cuatrocientas pel\u00edculas de las m\u00e1s diversas procedencias, tem\u00e1ticas y\u2026","rel":"","context":"En \u00abEspectaculos\u00bb","block_context":{"text":"Espectaculos","link":"https:\/\/www.24baires.com\/?cat=41"},"img":{"alt_text":"cino capu","src":"https:\/\/i0.wp.com\/www.24baires.com\/wp-content\/uploads\/2015\/10\/cino-capu.jpg?resize=350%2C200","width":350,"height":200,"srcset":"https:\/\/i0.wp.com\/www.24baires.com\/wp-content\/uploads\/2015\/10\/cino-capu.jpg?resize=350%2C200 1x, https:\/\/i0.wp.com\/www.24baires.com\/wp-content\/uploads\/2015\/10\/cino-capu.jpg?resize=525%2C300 1.5x"},"classes":[]}],"jetpack_sharing_enabled":true,"jetpack_likes_enabled":true,"_links":{"self":[{"href":"https:\/\/www.24baires.com\/index.php?rest_route=\/wp\/v2\/posts\/98795","targetHints":{"allow":["GET"]}}],"collection":[{"href":"https:\/\/www.24baires.com\/index.php?rest_route=\/wp\/v2\/posts"}],"about":[{"href":"https:\/\/www.24baires.com\/index.php?rest_route=\/wp\/v2\/types\/post"}],"author":[{"embeddable":true,"href":"https:\/\/www.24baires.com\/index.php?rest_route=\/wp\/v2\/users\/8"}],"replies":[{"embeddable":true,"href":"https:\/\/www.24baires.com\/index.php?rest_route=%2Fwp%2Fv2%2Fcomments&post=98795"}],"version-history":[{"count":1,"href":"https:\/\/www.24baires.com\/index.php?rest_route=\/wp\/v2\/posts\/98795\/revisions"}],"predecessor-version":[{"id":98796,"href":"https:\/\/www.24baires.com\/index.php?rest_route=\/wp\/v2\/posts\/98795\/revisions\/98796"}],"wp:attachment":[{"href":"https:\/\/www.24baires.com\/index.php?rest_route=%2Fwp%2Fv2%2Fmedia&parent=98795"}],"wp:term":[{"taxonomy":"category","embeddable":true,"href":"https:\/\/www.24baires.com\/index.php?rest_route=%2Fwp%2Fv2%2Fcategories&post=98795"},{"taxonomy":"post_tag","embeddable":true,"href":"https:\/\/www.24baires.com\/index.php?rest_route=%2Fwp%2Fv2%2Ftags&post=98795"}],"curies":[{"name":"wp","href":"https:\/\/api.w.org\/{rel}","templated":true}]}}