{"id":9877,"date":"2012-12-20T13:31:09","date_gmt":"2012-12-20T16:31:09","guid":{"rendered":"http:\/\/www.24baires.com\/?p=9877"},"modified":"2012-12-21T12:09:46","modified_gmt":"2012-12-21T15:09:46","slug":"ordenan-la-detencion-inmediata-de-todos-los-condenados-por-cromanon","status":"publish","type":"post","link":"https:\/\/www.24baires.com\/?p=9877","title":{"rendered":"Ordenan la detenci\u00f3n inmediata de todos los condenados por Croma\u00f1\u00f3n"},"content":{"rendered":"<p>La C\u00e1mara Federal de Casaci\u00f3n Penal rechaz\u00f3 los recursos extraordinarios presentados por las partes y orden\u00f3 el \u00abinmediato cumplimiento\u00bb de las penas para todos los condenados por la tragedia de Croma\u00f1\u00f3n.<\/p>\n<div>\n<p><!--more--><\/p>\n<\/div>\n<div>\u00a0La decisi\u00f3n fue adoptada por la sala III del m\u00e1ximo tribunal penal del pa\u00eds y abarca al ex gerenciador de la disco, Omar Chab\u00e1n, como a todos los integrantes del grupo Callejeros, el ex m\u00e1nager de la banda, los polic\u00edas y los ex funcionarios porte\u00f1os.<\/div>\n<p>Los camaristas Liliana Catucci, Eduardo Riggi y Mariano Borinsky entendieron que no pudo probarse la \u00abgravedad institucional\u00bb del caso que justificara su tratamiento por parte de la Corte Suprema, ni que estuviera en juego una cuesti\u00f3n \u00abfederal\u00bb, por lo que vedaron la llegada de los condenados al m\u00e1ximo tribunal del pa\u00eds.<br \/>\nEl mi\u00e9rcoles 17 de octubre, la C\u00e1mara de Casaci\u00f3n impuso 10 a\u00f1os y nueve meses de prisi\u00f3n a Chab\u00e1n por el incendio en Croma\u00f1\u00f3n, y conden\u00f3 a siete a\u00f1os al ex cantante de Callejeros, Patricio Santos Fontanet.<\/p>\n<p>Adem\u00e1s, conden\u00f3 a seis a\u00f1os de c\u00e1rcel al ex baterista Eduardo V\u00e1zquez, y al resto de los m\u00fasicos (Christian Torrej\u00f3n, Juan Carbone, Maximiliano Djerfy, Elio Delgado y su exmanager, Diego Arga\u00f1araz) les fij\u00f3 cinco a\u00f1os de cumplimiento efectivo, salvo a Daniel Cardell, que pas\u00f3 de dos a tres a\u00f1os.<\/p>\n<p>El tribunal confirm\u00f3 las penas a los ex funcionarios porte\u00f1os Fabiana Fizbin (cuatro a\u00f1os), a Ana Mar\u00eda Fern\u00e1ndez (tres y medio) y Gustavo Torres (tres y nueve\u00a0 meses) y subi\u00f3 de seis a ocho a\u00f1os de c\u00e1rcel la impuesta al ex subcomisario Carlos Rub\u00e9n D\u00edaz.<\/p>\n<p>Adem\u00e1s, confirm\u00f3 la condena de cinco a\u00f1os a quien era considerado la mano derecha de Chab\u00e1n, Ra\u00fal Villarreal.<\/p>\n<p>&nbsp;<\/p>\n<p>&nbsp;<\/p>\n<p>&nbsp;<\/p>\n<p>&nbsp;<\/p>\n<p>&nbsp;<\/p>\n<p>&nbsp;<\/p>\n<p>&nbsp;<\/p>\n<p>&nbsp;<\/p>\n<p>&nbsp;<\/p>\n<p>&nbsp;<\/p>\n<p>&nbsp;<\/p>\n<p>&nbsp;<\/p>\n<p>&nbsp;<\/p>\n<p>&nbsp;<\/p>\n<p>&nbsp;<\/p>\n<p>&nbsp;<\/p>\n<p>&nbsp;<\/p>\n<p>&nbsp;<\/p>\n<p>&nbsp;<\/p>\n<p>&nbsp;<\/p>\n<p>&nbsp;<\/p>\n<p>&nbsp;<\/p>\n<p>&nbsp;<\/p>\n<p>&nbsp;<\/p>\n<p>&nbsp;<\/p>\n<p>&nbsp;<\/p>\n<p>&nbsp;<\/p>\n<p>&nbsp;<\/p>\n<p>&nbsp;<\/p>\n<p>&nbsp;<\/p>\n<p>&nbsp;<\/p>\n","protected":false},"excerpt":{"rendered":"<p>La C\u00e1mara Federal de Casaci\u00f3n Penal rechaz\u00f3 los recursos extraordinarios presentados por las partes y orden\u00f3 el \u00abinmediato cumplimiento\u00bb de las penas para todos los condenados por la tragedia de Croma\u00f1\u00f3n.<\/p>\n","protected":false},"author":4,"featured_media":0,"comment_status":"open","ping_status":"open","sticky":false,"template":"","format":"standard","meta":{"_jetpack_newsletter_access":"","_jetpack_dont_email_post_to_subs":false,"_jetpack_newsletter_tier_id":0,"_jetpack_memberships_contains_paywalled_content":false,"_jetpack_memberships_contains_paid_content":false,"footnotes":""},"categories":[1],"tags":[],"class_list":["post-9877","post","type-post","status-publish","format-standard","hentry","category-sociedad"],"jetpack_featured_media_url":"","jetpack_shortlink":"https:\/\/wp.me\/p2JWE0-2zj","jetpack-related-posts":[{"id":51273,"url":"https:\/\/www.24baires.com\/?p=51273","url_meta":{"origin":9877,"position":0},"title":"Croma\u00f1\u00f3n: El abogado de Fontanet pidi\u00f3 por su excarcelaci\u00f3n","author":"GB","date":"06\/08\/2014","format":false,"excerpt":"Marcelo Brito, abogado del l\u00edder de la banda, fundament\u00f3 su pedido en que \"toda persona tiene la garant\u00eda de que el principio de inocencia rige hasta que no haya dos sentencias condenatorias firmes\". El abogado defensor de Patricio Santos \"Pato\" Fontanet, Marcelo Brito, cont\u00f3 en Radio 10 espera que la\u2026","rel":"","context":"En \u00abJUDICIALES\u00bb","block_context":{"text":"JUDICIALES","link":"https:\/\/www.24baires.com\/?cat=68"},"img":{"alt_text":"fontanet","src":"https:\/\/i0.wp.com\/www.24baires.com\/wp-content\/uploads\/2014\/08\/fontanet.jpg?resize=350%2C200","width":350,"height":200,"srcset":"https:\/\/i0.wp.com\/www.24baires.com\/wp-content\/uploads\/2014\/08\/fontanet.jpg?resize=350%2C200 1x, https:\/\/i0.wp.com\/www.24baires.com\/wp-content\/uploads\/2014\/08\/fontanet.jpg?resize=525%2C300 1.5x"},"classes":[]},{"id":59279,"url":"https:\/\/www.24baires.com\/?p=59279","url_meta":{"origin":9877,"position":1},"title":"En marzo realizar\u00e1n una audiencia para revisar las condenas por Croma\u00f1\u00f3n","author":"GB","date":"29\/12\/2014","format":false,"excerpt":"La C\u00e1mara Federal de Casaci\u00f3n Penal convoc\u00f3 a una audiencia oral y p\u00fablica para el pr\u00f3ximo 13 de marzo, tras lo cual decidir\u00e1 si confirma o no las penas impuestas a los acusados por la tragedia de Croma\u00f1\u00f3n, en la que murieron 194 personas en 2004. El presidente de la\u2026","rel":"","context":"En \u00abJUDICIALES\u00bb","block_context":{"text":"JUDICIALES","link":"https:\/\/www.24baires.com\/?cat=68"},"img":{"alt_text":"croma\u00f1on","src":"https:\/\/i0.wp.com\/www.24baires.com\/wp-content\/uploads\/2012\/12\/croma%C3%B1on.jpg?resize=350%2C200","width":350,"height":200,"srcset":"https:\/\/i0.wp.com\/www.24baires.com\/wp-content\/uploads\/2012\/12\/croma%C3%B1on.jpg?resize=350%2C200 1x, https:\/\/i0.wp.com\/www.24baires.com\/wp-content\/uploads\/2012\/12\/croma%C3%B1on.jpg?resize=525%2C300 1.5x"},"classes":[]},{"id":53865,"url":"https:\/\/www.24baires.com\/?p=53865","url_meta":{"origin":9877,"position":2},"title":"Croma\u00f1\u00f3n: casaci\u00f3n conden\u00f3 a cuatro a\u00f1os y medio de prisi\u00f3n a Rafael Levy","author":"GB","date":"18\/09\/2014","format":false,"excerpt":"La C\u00e1mara Federal de Casaci\u00f3n Penal (CFCP) confirm\u00f3 la condena impuesta al empresario por el delito de incendio culposo a ra\u00edz de la tragedia de Croma\u00f1\u00f3n, ocurrida el 30 de diciembre de 2004, en la cual murieron 194 personas. En tanto, la Sala III de ese tribunal ratific\u00f3 la absoluci\u00f3n\u2026","rel":"","context":"En \u00abJUDICIALES\u00bb","block_context":{"text":"JUDICIALES","link":"https:\/\/www.24baires.com\/?cat=68"},"img":{"alt_text":"rafael levy","src":"https:\/\/i0.wp.com\/www.24baires.com\/wp-content\/uploads\/2014\/09\/rafael-levy.jpg?resize=350%2C200","width":350,"height":200,"srcset":"https:\/\/i0.wp.com\/www.24baires.com\/wp-content\/uploads\/2014\/09\/rafael-levy.jpg?resize=350%2C200 1x, https:\/\/i0.wp.com\/www.24baires.com\/wp-content\/uploads\/2014\/09\/rafael-levy.jpg?resize=525%2C300 1.5x"},"classes":[]},{"id":106131,"url":"https:\/\/www.24baires.com\/?p=106131","url_meta":{"origin":9877,"position":3},"title":"Revocaron la prisi\u00f3n domiciliaria con la que hab\u00edan beneficiado al genocida Etchecolatz","author":"GB","date":"28\/12\/2018","format":false,"excerpt":"La C\u00e1mara Federal de Casaci\u00f3n Penal deshizo el beneficio que hab\u00eda recibido el represor el mes pasado. La C\u00e1mara Federal de Casaci\u00f3n Penal revoc\u00f3 la prisi\u00f3n domiciliaria con la que hab\u00eda sido beneficiado el ex comisario de la Polic\u00eda bonaerense y condenado por delitos de lesa humanidad, Miguel Etchecolatz. Seg\u00fan\u2026","rel":"","context":"En \u00abMemoria\u00bb","block_context":{"text":"Memoria","link":"https:\/\/www.24baires.com\/?cat=50"},"img":{"alt_text":"","src":"https:\/\/i0.wp.com\/www.24baires.com\/wp-content\/uploads\/2016\/08\/etchecolaz.jpg?resize=350%2C200","width":350,"height":200,"srcset":"https:\/\/i0.wp.com\/www.24baires.com\/wp-content\/uploads\/2016\/08\/etchecolaz.jpg?resize=350%2C200 1x, https:\/\/i0.wp.com\/www.24baires.com\/wp-content\/uploads\/2016\/08\/etchecolaz.jpg?resize=525%2C300 1.5x"},"classes":[]},{"id":51286,"url":"https:\/\/www.24baires.com\/?p=51286","url_meta":{"origin":9877,"position":4},"title":"Croma\u00f1on: La justicia orden\u00f3 liberar a los integrantes de Callejeros","author":"GB","date":"06\/08\/2014","format":false,"excerpt":"Es porque la Corte Suprema revoc\u00f3 el fallo contra los integrantes de la banda, que podr\u00edan recuperar la libertad esta tarde. Tambi\u00e9n ser\u00e1n excarcelados Ra\u00fal Villarreal y dos ex funcionarios porte\u00f1os El Tribunal Oral en lo Criminal 24 orden\u00f3 esta tarde la libertad de los ex integrantes de la banda\u2026","rel":"","context":"En \u00abJUDICIALES\u00bb","block_context":{"text":"JUDICIALES","link":"https:\/\/www.24baires.com\/?cat=68"},"img":{"alt_text":"fontanet","src":"https:\/\/i0.wp.com\/www.24baires.com\/wp-content\/uploads\/2012\/12\/fontanet.jpg?resize=350%2C200","width":350,"height":200,"srcset":"https:\/\/i0.wp.com\/www.24baires.com\/wp-content\/uploads\/2012\/12\/fontanet.jpg?resize=350%2C200 1x, https:\/\/i0.wp.com\/www.24baires.com\/wp-content\/uploads\/2012\/12\/fontanet.jpg?resize=525%2C300 1.5x"},"classes":[]},{"id":75167,"url":"https:\/\/www.24baires.com\/?p=75167","url_meta":{"origin":9877,"position":5},"title":"Rechazan recursos de ex Callejeros contra condenas","author":"GB","date":"17\/11\/2015","format":false,"excerpt":"La C\u00e1mara desestim\u00f3 los recursos presentados por los ex m\u00fasicos contra las condenas que se les impusieron por la tragedia de Croma\u00f1\u00f3n del 2004, que los podr\u00eda llevar nuevamente a prisi\u00f3n. Ante esta decisi\u00f3n del m\u00e1ximo tribunal penal del pa\u00eds, todos los condenados podr\u00edan ir en queja a la Corte,\u2026","rel":"","context":"En \u00abSociedad\u00bb","block_context":{"text":"Sociedad","link":"https:\/\/www.24baires.com\/?cat=1"},"img":{"alt_text":"cromagnon","src":"https:\/\/i0.wp.com\/www.24baires.com\/wp-content\/uploads\/2015\/05\/cromagnon.jpg?resize=350%2C200","width":350,"height":200,"srcset":"https:\/\/i0.wp.com\/www.24baires.com\/wp-content\/uploads\/2015\/05\/cromagnon.jpg?resize=350%2C200 1x, https:\/\/i0.wp.com\/www.24baires.com\/wp-content\/uploads\/2015\/05\/cromagnon.jpg?resize=525%2C300 1.5x"},"classes":[]}],"jetpack_sharing_enabled":true,"jetpack_likes_enabled":true,"_links":{"self":[{"href":"https:\/\/www.24baires.com\/index.php?rest_route=\/wp\/v2\/posts\/9877","targetHints":{"allow":["GET"]}}],"collection":[{"href":"https:\/\/www.24baires.com\/index.php?rest_route=\/wp\/v2\/posts"}],"about":[{"href":"https:\/\/www.24baires.com\/index.php?rest_route=\/wp\/v2\/types\/post"}],"author":[{"embeddable":true,"href":"https:\/\/www.24baires.com\/index.php?rest_route=\/wp\/v2\/users\/4"}],"replies":[{"embeddable":true,"href":"https:\/\/www.24baires.com\/index.php?rest_route=%2Fwp%2Fv2%2Fcomments&post=9877"}],"version-history":[{"count":3,"href":"https:\/\/www.24baires.com\/index.php?rest_route=\/wp\/v2\/posts\/9877\/revisions"}],"predecessor-version":[{"id":9881,"href":"https:\/\/www.24baires.com\/index.php?rest_route=\/wp\/v2\/posts\/9877\/revisions\/9881"}],"wp:attachment":[{"href":"https:\/\/www.24baires.com\/index.php?rest_route=%2Fwp%2Fv2%2Fmedia&parent=9877"}],"wp:term":[{"taxonomy":"category","embeddable":true,"href":"https:\/\/www.24baires.com\/index.php?rest_route=%2Fwp%2Fv2%2Fcategories&post=9877"},{"taxonomy":"post_tag","embeddable":true,"href":"https:\/\/www.24baires.com\/index.php?rest_route=%2Fwp%2Fv2%2Ftags&post=9877"}],"curies":[{"name":"wp","href":"https:\/\/api.w.org\/{rel}","templated":true}]}}