{"id":987,"date":"2012-10-04T16:35:59","date_gmt":"2012-10-04T19:35:59","guid":{"rendered":"http:\/\/www.24baires.com\/?p=987"},"modified":"2012-10-04T16:35:59","modified_gmt":"2012-10-04T19:35:59","slug":"la-ministra-alvarez-rodriguez-aplaudio-las-modificaciones-contra-la-violencia-de-genero-del-codigo-penal","status":"publish","type":"post","link":"https:\/\/www.24baires.com\/?p=987","title":{"rendered":"La Ministra \u00c1lvarez Rodr\u00edguez aplaudi\u00f3 las modificaciones contra la violencia de g\u00e9nero del C\u00f3digo Penal"},"content":{"rendered":"<p><img data-recalc-dims=\"1\" loading=\"lazy\" decoding=\"async\" class=\"aligncenter size-full wp-image-988\" title=\"alvarez-rodriguez - cristina\" src=\"https:\/\/i0.wp.com\/www.24baires.com\/wp-content\/uploads\/2012\/10\/alvarez-rodriguez-cristina.jpg?resize=560%2C393\" alt=\"\" width=\"560\" height=\"393\" srcset=\"https:\/\/i0.wp.com\/www.24baires.com\/wp-content\/uploads\/2012\/10\/alvarez-rodriguez-cristina.jpg?w=560&amp;ssl=1 560w, https:\/\/i0.wp.com\/www.24baires.com\/wp-content\/uploads\/2012\/10\/alvarez-rodriguez-cristina.jpg?resize=300%2C210&amp;ssl=1 300w\" sizes=\"auto, (max-width: 560px) 100vw, 560px\" \/><br \/>\nLa ministra de Gobierno bonaerense, Cristina Alvarez Rodr\u00edguez, celebr\u00f3 desde Balcarce que el Senado de la Naci\u00f3n haya aprobado una ley que modifica el C\u00f3digo Penal e impone penas de reclusi\u00f3n perpetua a los hombres que asesinen a mujeres o a personas que se consideran a s\u00ed mismas con identidad de g\u00e9nero femenino.<!--more--><br \/>\n.<\/p>\n<p>Durante la apertura de la jornada \u201cBalcarce por las Mujeres\u201d, la ministra Cristina \u00c1lvarez Rodr\u00edguez dijo que \u00ablos argentinos hemos dado otro paso trascendente en la lucha contra la violencia de g\u00e9nero\u201d.<\/p>\n<p>\u00abHace unos meses se incorpor\u00f3 la figura del femicidio al C\u00f3digo Penal, ahora los legisladores trabajan para que se impongan las penas m\u00e1s severas a estos aberrantes delitos, lamentablemente tan habituales\u00bb, record\u00f3.<\/p>\n<p>La funcionaria bonaerense consider\u00f3 que \u00abcomo nunca se ha ampliado en los \u00faltimos a\u00f1os la frontera de reivindicaciones que acompa\u00f1a a los derechos de las mujeres\u00bb.<\/p>\n<p>\u201cDesde el Consejo de las Mujeres cada d\u00eda luchamos para el fortalecimiento del liderazgo de las mujeres y luchamos por la participaci\u00f3n activa de la juventud, con la que las mujeres tenemos una agenda muy parecida\u201d, afirm\u00f3.<\/p>\n<p>La C\u00e1mara de Senadores de la Naci\u00f3n aprob\u00f3 ayer por unanimidad un proyecto que modifica el C\u00f3digo Penal y les impone penas de reclusi\u00f3n perpetua a los hombres que asesinen a mujeres o a personas que se consideran a s\u00ed mismas con identidad de g\u00e9nero femenino.<\/p>\n<p>La iniciativa modifica una norma ya sancionada por los diputados por lo que, al ser aprobada en el Senado con modificaciones, deber\u00e1 regresar a la C\u00e1mara baja para su sanci\u00f3n definitiva.<\/p>\n<p>La norma incorpora un nuevo art\u00edculo al C\u00f3digo Penal, el 80 bis, que establece expresamente un castigo importante para los hombres que asesinen mujeres.<\/p>\n<p>El art\u00edculo propone que se imponga prisi\u00f3n perpetua al hombre que \u201cmatare a una mujer o a una persona que se autoperciba con identidad de g\u00e9nero femenino y mediare violencia de g\u00e9nero\u201d.<\/p>\n<p>Tambi\u00e9n se modific\u00f3 el art\u00edculo 80 del C\u00f3digo que es el que impone \u201creclusi\u00f3n perpetua o prisi\u00f3n perpetua al que matare a su ascendiente, descendiente o c\u00f3nyuge\u201d. La redacci\u00f3n aprobada tambi\u00e9n incluye a los ex c\u00f3nyuges, a los convivientes y a los ex convivientes entre las v\u00edctimas.<\/p>\n","protected":false},"excerpt":{"rendered":"<p>La ministra de Gobierno bonaerense, Cristina Alvarez Rodr\u00edguez, celebr\u00f3 desde Balcarce que el Senado de la Naci\u00f3n haya aprobado una ley que modifica el C\u00f3digo Penal e impone penas de reclusi\u00f3n perpetua a los hombres que asesinen a mujeres o a personas que se consideran a s\u00ed mismas con identidad de g\u00e9nero femenino.<\/p>\n","protected":false},"author":11,"featured_media":0,"comment_status":"open","ping_status":"open","sticky":false,"template":"","format":"standard","meta":{"_jetpack_newsletter_access":"","_jetpack_dont_email_post_to_subs":false,"_jetpack_newsletter_tier_id":0,"_jetpack_memberships_contains_paywalled_content":false,"_jetpack_memberships_contains_paid_content":false,"footnotes":""},"categories":[1],"tags":[],"class_list":["post-987","post","type-post","status-publish","format-standard","hentry","category-sociedad"],"jetpack_featured_media_url":"","jetpack_shortlink":"https:\/\/wp.me\/p2JWE0-fV","jetpack-related-posts":[{"id":61356,"url":"https:\/\/www.24baires.com\/?p=61356","url_meta":{"origin":987,"position":0},"title":"Lanzan en el Partido de la Costa una campa\u00f1a contra la violencia de g\u00e9nero","author":"AF","date":"06\/02\/2015","format":false,"excerpt":"La ministra de Gobierno bonaerense, Cristina \u00c1lvarez Rodr\u00edguez, junto al intendente del Partido de la Costa, Juan Pablo De Jes\u00fas, pusieron en marcha el programa \u201c\u00bfEs amor?\u201d. La ministra de gobierno bonaerense, Cristina \u00c1lvarez Rodr\u00edguez, junto al intendente del Partido de la Costa, Juan Pablo De Jes\u00fas, presentaron la campa\u00f1a\u2026","rel":"","context":"En \u00abLocales\u00bb","block_context":{"text":"Locales","link":"https:\/\/www.24baires.com\/?cat=38"},"img":{"alt_text":"\u00e1lvarez cristina","src":"https:\/\/i0.wp.com\/www.24baires.com\/wp-content\/uploads\/2013\/02\/%C3%A1lvarez-cristina-300x233.jpg?resize=350%2C200","width":350,"height":200},"classes":[]},{"id":102860,"url":"https:\/\/www.24baires.com\/?p=102860","url_meta":{"origin":987,"position":1},"title":"Buscan que los funcionarios condenados por corrupci\u00f3n tengan penas m\u00e1s duras","author":"GB","date":"19\/06\/2018","format":false,"excerpt":"Macri enviar\u00e1 al Congreso la reforma al C\u00f3digo Penal que agrava las penas actuales. Pero no se pueden aplicar para las causas que ya est\u00e1n en tr\u00e1mite Los funcionarios del actual gobierno nacional de Mauricio Macri y de los que lo sucedan tendr\u00e1n m\u00e1s penas que las actuales en el\u2026","rel":"","context":"En \u00abPol\u00edtica\u00bb","block_context":{"text":"Pol\u00edtica","link":"https:\/\/www.24baires.com\/?cat=51"},"img":{"alt_text":"","src":"https:\/\/i0.wp.com\/www.24baires.com\/wp-content\/uploads\/2018\/05\/macri-olivos.jpg?resize=350%2C200","width":350,"height":200,"srcset":"https:\/\/i0.wp.com\/www.24baires.com\/wp-content\/uploads\/2018\/05\/macri-olivos.jpg?resize=350%2C200 1x, https:\/\/i0.wp.com\/www.24baires.com\/wp-content\/uploads\/2018\/05\/macri-olivos.jpg?resize=525%2C300 1.5x"},"classes":[]},{"id":40403,"url":"https:\/\/www.24baires.com\/?p=40403","url_meta":{"origin":987,"position":2},"title":"Cristina recibi\u00f3 el proyecto de reformas al C\u00f3digo Penal","author":"GB","date":"13\/02\/2014","format":false,"excerpt":"La presidenta Cristina Kirchner recibi\u00f3 este jueves por la noche a miembros de la comisi\u00f3n redactora, para comenzar la evaluaci\u00f3n del borrador de cara al pr\u00f3ximo per\u00edodo legislativo. Un a\u00f1o y medio de debate intenso llev\u00f3 a puertas cerradas la Comisi\u00f3n Redactora del Nuevo C\u00f3digo Penal, un pedido que hizo\u2026","rel":"","context":"En \u00abPol\u00edtica\u00bb","block_context":{"text":"Pol\u00edtica","link":"https:\/\/www.24baires.com\/?cat=51"},"img":{"alt_text":"codigo penal","src":"https:\/\/i0.wp.com\/www.24baires.com\/wp-content\/uploads\/2014\/02\/codigo-penal.jpg?resize=350%2C200","width":350,"height":200,"srcset":"https:\/\/i0.wp.com\/www.24baires.com\/wp-content\/uploads\/2014\/02\/codigo-penal.jpg?resize=350%2C200 1x, https:\/\/i0.wp.com\/www.24baires.com\/wp-content\/uploads\/2014\/02\/codigo-penal.jpg?resize=525%2C300 1.5x"},"classes":[]},{"id":103970,"url":"https:\/\/www.24baires.com\/?p=103970","url_meta":{"origin":987,"position":3},"title":"El Gobierno paus\u00f3 la reforma del C\u00f3digo Penal","author":"AF","date":"18\/08\/2018","format":false,"excerpt":"Una vez clavados los frenos con la reforma del C\u00f3digo Penal para eliminar la pena de prisi\u00f3n de las mujeres que se practican un aborto, el Gobierno nacional insistir\u00e1 en avanzar con otros temas sobre violencia de g\u00e9nero, portaci\u00f3n de armas y la vigilancia electr\u00f3nica de condenados por violaci\u00f3n que\u2026","rel":"","context":"En \u00abPol\u00edtica\u00bb","block_context":{"text":"Pol\u00edtica","link":"https:\/\/www.24baires.com\/?cat=51"},"img":{"alt_text":"","src":"https:\/\/i0.wp.com\/www.24baires.com\/wp-content\/uploads\/2014\/12\/c%C3%B3digo.jpg?resize=350%2C200","width":350,"height":200,"srcset":"https:\/\/i0.wp.com\/www.24baires.com\/wp-content\/uploads\/2014\/12\/c%C3%B3digo.jpg?resize=350%2C200 1x, https:\/\/i0.wp.com\/www.24baires.com\/wp-content\/uploads\/2014\/12\/c%C3%B3digo.jpg?resize=525%2C300 1.5x"},"classes":[]},{"id":62745,"url":"https:\/\/www.24baires.com\/?p=62745","url_meta":{"origin":987,"position":4},"title":"Desde Provincia intensifican acciones para reivindicar los derechos de las mujeres","author":"AF","date":"06\/03\/2015","format":false,"excerpt":"A pocos d\u00edas de conmemorarse el D\u00eda Internacional de la Mujer, el Consejo Provincial de las Mujeres de la Provincia, presidido por la ministra de Gobierno, Cristina Alvarez Rodr\u00edguez, anunci\u00f3 encuentros de debate y reflexi\u00f3n que se llevar\u00e1n a cabo durante todo el mes de marzo para reivindicar los derechos\u2026","rel":"","context":"En \u00abProvincia\u00bb","block_context":{"text":"Provincia","link":"https:\/\/www.24baires.com\/?cat=40"},"img":{"alt_text":"alvarez-rodriguez - cristina","src":"https:\/\/i0.wp.com\/www.24baires.com\/wp-content\/uploads\/2012\/10\/alvarez-rodriguez-cristina.jpg?resize=350%2C200","width":350,"height":200,"srcset":"https:\/\/i0.wp.com\/www.24baires.com\/wp-content\/uploads\/2012\/10\/alvarez-rodriguez-cristina.jpg?resize=350%2C200 1x, https:\/\/i0.wp.com\/www.24baires.com\/wp-content\/uploads\/2012\/10\/alvarez-rodriguez-cristina.jpg?resize=525%2C300 1.5x"},"classes":[]},{"id":113767,"url":"https:\/\/www.24baires.com\/?p=113767","url_meta":{"origin":987,"position":5},"title":"Provincia adhiri\u00f3 al protocolo para garantizar la Interrupci\u00f3n Legal del Embarazo","author":"AF","date":"10\/01\/2020","format":false,"excerpt":"El anuncio fue hecho por el actual ministro de Salud, Daniel Goll\u00e1n y la ministra de las Mujeres, Pol\u00edticas de G\u00e9nero y Diversidad Sexual bonaerenses, Estela D\u00edaz. La provincia de Buenos Aires, con Axel Kicillof a la cabeza, decidi\u00f3 adherirse al Protocolo para la intervenci\u00f3n legal del embarazo, conocido como\u2026","rel":"","context":"En \u00abSociedad\u00bb","block_context":{"text":"Sociedad","link":"https:\/\/www.24baires.com\/?cat=1"},"img":{"alt_text":"","src":"https:\/\/i0.wp.com\/www.24baires.com\/wp-content\/uploads\/2019\/02\/pa%C3%B1uelo-aborto.jpg?resize=350%2C200","width":350,"height":200,"srcset":"https:\/\/i0.wp.com\/www.24baires.com\/wp-content\/uploads\/2019\/02\/pa%C3%B1uelo-aborto.jpg?resize=350%2C200 1x, https:\/\/i0.wp.com\/www.24baires.com\/wp-content\/uploads\/2019\/02\/pa%C3%B1uelo-aborto.jpg?resize=525%2C300 1.5x"},"classes":[]}],"jetpack_sharing_enabled":true,"jetpack_likes_enabled":true,"_links":{"self":[{"href":"https:\/\/www.24baires.com\/index.php?rest_route=\/wp\/v2\/posts\/987","targetHints":{"allow":["GET"]}}],"collection":[{"href":"https:\/\/www.24baires.com\/index.php?rest_route=\/wp\/v2\/posts"}],"about":[{"href":"https:\/\/www.24baires.com\/index.php?rest_route=\/wp\/v2\/types\/post"}],"author":[{"embeddable":true,"href":"https:\/\/www.24baires.com\/index.php?rest_route=\/wp\/v2\/users\/11"}],"replies":[{"embeddable":true,"href":"https:\/\/www.24baires.com\/index.php?rest_route=%2Fwp%2Fv2%2Fcomments&post=987"}],"version-history":[{"count":0,"href":"https:\/\/www.24baires.com\/index.php?rest_route=\/wp\/v2\/posts\/987\/revisions"}],"wp:attachment":[{"href":"https:\/\/www.24baires.com\/index.php?rest_route=%2Fwp%2Fv2%2Fmedia&parent=987"}],"wp:term":[{"taxonomy":"category","embeddable":true,"href":"https:\/\/www.24baires.com\/index.php?rest_route=%2Fwp%2Fv2%2Fcategories&post=987"},{"taxonomy":"post_tag","embeddable":true,"href":"https:\/\/www.24baires.com\/index.php?rest_route=%2Fwp%2Fv2%2Ftags&post=987"}],"curies":[{"name":"wp","href":"https:\/\/api.w.org\/{rel}","templated":true}]}}