{"id":9864,"date":"2012-12-20T12:32:57","date_gmt":"2012-12-20T15:32:57","guid":{"rendered":"http:\/\/www.24baires.com\/?p=9864"},"modified":"2012-12-20T12:33:03","modified_gmt":"2012-12-20T15:33:03","slug":"el-papa-aprobo-la-beatificacion-del-cura-gabriel-brochero","status":"publish","type":"post","link":"https:\/\/www.24baires.com\/?p=9864","title":{"rendered":"El Papa aprob\u00f3 la beatificaci\u00f3n del cura Gabriel Brochero"},"content":{"rendered":"<p><a href=\"http:\/\/www.24baires.com\/sociedad\/9864-el-papa-aprobo-la-beatificacion-del-cura-gabriel-brochero\/attachment\/brochero\/\" rel=\"attachment wp-att-9865\"><img data-recalc-dims=\"1\" loading=\"lazy\" decoding=\"async\" class=\"alignleft size-full wp-image-9865\" alt=\"brochero\" src=\"https:\/\/i0.wp.com\/www.24baires.com\/wp-content\/uploads\/2012\/12\/brochero.jpg?resize=300%2C199\" width=\"300\" height=\"199\" \/><\/a>El Papa Benedicto XVI promulg\u00f3 el decreto que abre el camino para la beatificaci\u00f3n del cura cordob\u00e9s, en lo que constituye el paso previo para la santificaci\u00f3n, en una medida que despert\u00f3 festejos entre la poblaci\u00f3n que lleva su nombre.<!--more--><br \/>\n\u00abDurante la audiencia el Santo Padre autoriz\u00f3 a la Congregaci\u00f3n a promulgar los decretos con respecto a un milagro atribuido a la intercesi\u00f3n del Venerable Siervo de Dios Giuseppe Gabriele del Rosario Brochero, sacerdote diocesano, natural de Santa Rosa de R\u00edo Primero (Argentina) 16 de marzo de 1840 y muri\u00f3 en Villa del Tr\u00e1nsito (hoy Villa Cura Brochero), C\u00f3rdoba (Argentina) 26 de enero 1914\u00bb, se\u00f1al\u00f3 un parte del Vaticano.<\/p>\n<p>&nbsp;<\/p>\n<p>&nbsp;<\/p>\n<p>&nbsp;<\/p>\n<p>&nbsp;<\/p>\n<p>&nbsp;<\/p>\n<p>&nbsp;<\/p>\n<p>&nbsp;<\/p>\n<p>&nbsp;<\/p>\n<p>&nbsp;<\/p>\n<p>&nbsp;<\/p>\n<p>&nbsp;<\/p>\n<p>&nbsp;<\/p>\n<p>&nbsp;<\/p>\n<p>&nbsp;<\/p>\n<p>&nbsp;<\/p>\n<p>&nbsp;<\/p>\n<p>&nbsp;<\/p>\n<p>&nbsp;<\/p>\n<p>&nbsp;<\/p>\n<p>&nbsp;<\/p>\n<p>&nbsp;<\/p>\n<p>&nbsp;<\/p>\n<p>&nbsp;<\/p>\n<p>&nbsp;<\/p>\n<p>&nbsp;<\/p>\n<p>&nbsp;<\/p>\n<p>&nbsp;<\/p>\n<p>&nbsp;<\/p>\n<p>&nbsp;<\/p>\n<p>&nbsp;<\/p>\n<p>&nbsp;<\/p>\n<p>&nbsp;<\/p>\n<p>&nbsp;<\/p>\n<p>&nbsp;<\/p>\n<p>&nbsp;<\/p>\n<p>&nbsp;<\/p>\n<p>&nbsp;<\/p>\n<p>&nbsp;<\/p>\n<p>&nbsp;<\/p>\n<p>&nbsp;<\/p>\n<p>&nbsp;<\/p>\n<p>&nbsp;<\/p>\n<p>&nbsp;<\/p>\n<p>&nbsp;<\/p>\n<p>&nbsp;<\/p>\n<p>&nbsp;<\/p>\n<p>&nbsp;<\/p>\n","protected":false},"excerpt":{"rendered":"<p>El Papa Benedicto XVI promulg\u00f3 el decreto que abre el camino para la beatificaci\u00f3n del cura cordob\u00e9s, en lo que constituye el paso previo para la santificaci\u00f3n, en una medida que despert\u00f3 festejos entre la poblaci\u00f3n que lleva su nombre.<\/p>\n","protected":false},"author":4,"featured_media":0,"comment_status":"open","ping_status":"open","sticky":false,"template":"","format":"standard","meta":{"_jetpack_newsletter_access":"","_jetpack_dont_email_post_to_subs":false,"_jetpack_newsletter_tier_id":0,"_jetpack_memberships_contains_paywalled_content":false,"_jetpack_memberships_contains_paid_content":false,"footnotes":""},"categories":[1],"tags":[],"class_list":["post-9864","post","type-post","status-publish","format-standard","hentry","category-sociedad"],"jetpack_featured_media_url":"","jetpack_shortlink":"https:\/\/wp.me\/p2JWE0-2z6","jetpack-related-posts":[{"id":77976,"url":"https:\/\/www.24baires.com\/?p=77976","url_meta":{"origin":9864,"position":0},"title":"El Papa Francisco aprob\u00f3 la canonizaci\u00f3n del Cura Brochero","author":"AF","date":"22\/01\/2016","format":false,"excerpt":"Luego de que una junta de obispos y cardenales aprobara el segundo milagro atribuido al cura Brochero, Francisco puso la firma y el beato argentino ser\u00e1 canonizado. El papa Francisco aprob\u00f3 este viernes la canonizaci\u00f3n del cura Jos\u00e9 Gabriel Brochero que ser\u00e1 el primer santo nacido y muerto en la\u2026","rel":"","context":"En \u00abSociedad\u00bb","block_context":{"text":"Sociedad","link":"https:\/\/www.24baires.com\/?cat=1"},"img":{"alt_text":"papa francisco","src":"https:\/\/i0.wp.com\/www.24baires.com\/wp-content\/uploads\/2013\/10\/papa-francisco.jpg?resize=350%2C200","width":350,"height":200,"srcset":"https:\/\/i0.wp.com\/www.24baires.com\/wp-content\/uploads\/2013\/10\/papa-francisco.jpg?resize=350%2C200 1x, https:\/\/i0.wp.com\/www.24baires.com\/wp-content\/uploads\/2013\/10\/papa-francisco.jpg?resize=525%2C300 1.5x"},"classes":[]},{"id":21007,"url":"https:\/\/www.24baires.com\/?p=21007","url_meta":{"origin":9864,"position":1},"title":"Este lunes los Obispos inician su asamblea en la Casa de Retiros \u00abLa Montonera\u00bb de Pilar","author":"Grupo Sierra","date":"14\/04\/2013","format":false,"excerpt":"La Conferencia Episcopal Argentina (CEA) iniciar\u00e1 ma\u00f1ana, en la ciudad bonaerense de Pilar, su primera asamblea plenaria despu\u00e9s de la designaci\u00f3n como papa de Jorge Bergoglio, quien presidiera el organismo durante dos per\u00edodos. Un centenar de obispos de todo el pa\u00eds deliberar\u00e1 desde ma\u00f1ana hasta el s\u00e1bado, en un encuentro\u2026","rel":"","context":"En \u00abSociedad\u00bb","block_context":{"text":"Sociedad","link":"https:\/\/www.24baires.com\/?cat=1"},"img":{"alt_text":"","src":"","width":0,"height":0},"classes":[]},{"id":85214,"url":"https:\/\/www.24baires.com\/?p=85214","url_meta":{"origin":9864,"position":2},"title":"El Papa recibir\u00e1 a Macri nuevamente el 17 de octubre","author":"Grupo Sierra","date":"20\/07\/2016","format":false,"excerpt":"Seg\u00fan informaron a la agencia oficial T\u00e9lam tanto fuentes del Vaticano y como del oficialismo, est\u00e1 \"pr\u00e1cticamente cerrada\" la agenda del Presidente en Roma, adonde tiene previsto arribar el viernes 14 de octubre para participar de la celebraci\u00f3n oficial del D\u00eda Mundial de la Alimentaci\u00f3n en la sede de la\u2026","rel":"","context":"En \u00abPol\u00edtica\u00bb","block_context":{"text":"Pol\u00edtica","link":"https:\/\/www.24baires.com\/?cat=51"},"img":{"alt_text":"papa macri","src":"https:\/\/i0.wp.com\/www.24baires.com\/wp-content\/uploads\/2016\/07\/papa-macri.jpg?resize=350%2C200","width":350,"height":200,"srcset":"https:\/\/i0.wp.com\/www.24baires.com\/wp-content\/uploads\/2016\/07\/papa-macri.jpg?resize=350%2C200 1x, https:\/\/i0.wp.com\/www.24baires.com\/wp-content\/uploads\/2016\/07\/papa-macri.jpg?resize=525%2C300 1.5x"},"classes":[]},{"id":89077,"url":"https:\/\/www.24baires.com\/?p=89077","url_meta":{"origin":9864,"position":3},"title":"La Iglesia abrir\u00e1 sus archivos de la \u00faltima dictadura","author":"AF","date":"25\/10\/2016","format":false,"excerpt":"El Vaticano y la Conferencia Episcopal Argentina (CEA) anunciaron que se concluy\u00f3 con el \"proceso de organizaci\u00f3n y digitalizaci\u00f3n\" de sus archivos sobre la dictadura y que pr\u00f3ximamente se abrir\u00e1n a la consulta de las \"v\u00edctimas y familiares directos de los desaparecidos\". La Conferencia Episcopal Argentina (CEA) y la Santa\u2026","rel":"","context":"En \u00abJUDICIALES\u00bb","block_context":{"text":"JUDICIALES","link":"https:\/\/www.24baires.com\/?cat=68"},"img":{"alt_text":"obispos","src":"https:\/\/i0.wp.com\/www.24baires.com\/wp-content\/uploads\/2016\/10\/obispos.jpg?resize=350%2C200","width":350,"height":200,"srcset":"https:\/\/i0.wp.com\/www.24baires.com\/wp-content\/uploads\/2016\/10\/obispos.jpg?resize=350%2C200 1x, https:\/\/i0.wp.com\/www.24baires.com\/wp-content\/uploads\/2016\/10\/obispos.jpg?resize=525%2C300 1.5x"},"classes":[]},{"id":100857,"url":"https:\/\/www.24baires.com\/?p=100857","url_meta":{"origin":9864,"position":4},"title":"Francisco design\u00f3 a un cura villero obispo en Lomas de Zamora","author":"GB","date":"04\/03\/2018","format":false,"excerpt":"El Papa Francisco nombr\u00f3 nuevamente a un cura villero como obispo en una jurisdicci\u00f3n argentina: esta vez monse\u00f1or Jorge Garc\u00eda Cuervo fue designado como auxiliar de Jorge Lugones en la di\u00f3cesis de Lomas de Zamora, una de las zonas m\u00e1s pobres del conurbano bonaerense. Garc\u00eda Cuerva, que ejerci\u00f3 casi todo\u2026","rel":"","context":"En \u00abSociedad\u00bb","block_context":{"text":"Sociedad","link":"https:\/\/www.24baires.com\/?cat=1"},"img":{"alt_text":"","src":"https:\/\/i0.wp.com\/www.24baires.com\/wp-content\/uploads\/2018\/03\/cura-villero-300x200.jpg?resize=350%2C200","width":350,"height":200},"classes":[]},{"id":35178,"url":"https:\/\/www.24baires.com\/?p=35178","url_meta":{"origin":9864,"position":5},"title":"Tortuguitas: se entregaron los delincuentes","author":"GB","date":"14\/11\/2013","format":false,"excerpt":"Un matrimonio y su hija de 9 a\u00f1os estuvieron cautivos en su propia vivienda por dos delincuentes que los liberaron sanos y salvos tras negociar su entrega con la Polic\u00eda y la Justicia. El hecho comenz\u00f3 alrededor de las 14 y finaliz\u00f3 a las 20.20 en una casa ubicada en\u2026","rel":"","context":"En \u00abPoliciales\u00bb","block_context":{"text":"Policiales","link":"https:\/\/www.24baires.com\/?cat=49"},"img":{"alt_text":"toma rehenes","src":"https:\/\/i0.wp.com\/www.24baires.com\/wp-content\/uploads\/2013\/11\/toma-rehenes-300x190.jpg?resize=350%2C200","width":350,"height":200},"classes":[]}],"jetpack_sharing_enabled":true,"jetpack_likes_enabled":true,"_links":{"self":[{"href":"https:\/\/www.24baires.com\/index.php?rest_route=\/wp\/v2\/posts\/9864","targetHints":{"allow":["GET"]}}],"collection":[{"href":"https:\/\/www.24baires.com\/index.php?rest_route=\/wp\/v2\/posts"}],"about":[{"href":"https:\/\/www.24baires.com\/index.php?rest_route=\/wp\/v2\/types\/post"}],"author":[{"embeddable":true,"href":"https:\/\/www.24baires.com\/index.php?rest_route=\/wp\/v2\/users\/4"}],"replies":[{"embeddable":true,"href":"https:\/\/www.24baires.com\/index.php?rest_route=%2Fwp%2Fv2%2Fcomments&post=9864"}],"version-history":[{"count":2,"href":"https:\/\/www.24baires.com\/index.php?rest_route=\/wp\/v2\/posts\/9864\/revisions"}],"predecessor-version":[{"id":9867,"href":"https:\/\/www.24baires.com\/index.php?rest_route=\/wp\/v2\/posts\/9864\/revisions\/9867"}],"wp:attachment":[{"href":"https:\/\/www.24baires.com\/index.php?rest_route=%2Fwp%2Fv2%2Fmedia&parent=9864"}],"wp:term":[{"taxonomy":"category","embeddable":true,"href":"https:\/\/www.24baires.com\/index.php?rest_route=%2Fwp%2Fv2%2Fcategories&post=9864"},{"taxonomy":"post_tag","embeddable":true,"href":"https:\/\/www.24baires.com\/index.php?rest_route=%2Fwp%2Fv2%2Ftags&post=9864"}],"curies":[{"name":"wp","href":"https:\/\/api.w.org\/{rel}","templated":true}]}}