{"id":9857,"date":"2012-12-20T11:43:11","date_gmt":"2012-12-20T14:43:11","guid":{"rendered":"http:\/\/www.24baires.com\/?p=9857"},"modified":"2012-12-20T11:43:11","modified_gmt":"2012-12-20T14:43:11","slug":"se-inauguro-el-encuentro-provincial-memoria-verdad-justicia-e-inclusion-social","status":"publish","type":"post","link":"https:\/\/www.24baires.com\/?p=9857","title":{"rendered":"Se inaugur\u00f3 el Encuentro Provincial Memoria, Verdad, Justicia e Inclusi\u00f3n Social"},"content":{"rendered":"<p>En la apertura del Encuentro Provincial Memoria, Verdad, Justicia e Inclusi\u00f3n Social, el secretario de Derechos Humanos, Guido Carlotto, repas\u00f3 el trabajo desarrollado y esboz\u00f3 el plan 2013.<!--more--><\/p>\n<p>Guido Carlotto anticip\u00f3 que el organismo que conduce profundizar\u00e1 sus ejes de gesti\u00f3n y el abordaje territorial (trabajo en red), para asegurar que los derechos humanos sean la concepci\u00f3n rectora de todas las pol\u00edticas p\u00fablicas.<\/p>\n<p>&nbsp;<\/p>\n<p>El encuentro provincial, que cont\u00f3 con la presencia de funcionarios y trabajadores de m\u00e1s de treinta municipios de la Provincia, qued\u00f3 inaugurado con un ritual de la comunidad Ava Guaran\u00ed: el cacique Mart\u00edn Galarza (electo durante la \u00faltima Asamblea del Pueblo Guaran\u00ed) bendijo la Jornada ante un Carlotto arrodillado ante \u00e9l, que recibi\u00f3 los buenos augurios.<\/p>\n<p>&nbsp;<\/p>\n<p>Luego el titular del organismo provincial brind\u00f3 el discurso con el que inaugur\u00f3 el congreso que fue el corolario de siete meses de gesti\u00f3n.<\/p>\n<p>&nbsp;<\/p>\n<p>Carlotto repas\u00f3 algunos de los ejes y logros de la gesti\u00f3n; explic\u00f3 que la Secretar\u00eda retom\u00f3 las visitas a los centros de encierro de la Provincia realizando m\u00e1s de 40 visitas en 30 unidades penitenciarias; destac\u00f3 la jerarquizaci\u00f3n y reestructuraci\u00f3n del Programa Atenci\u00f3n Violencia Mujer (AVM) y el abordaje desde una perspectiva de derechos; subray\u00f3 la pol\u00edtica de Memoria, Verdad y Justicia al destacar la participaci\u00f3n de la Secretar\u00eda como querellante en los juicios de lesa humanidad y las cinco se\u00f1alizaciones realizadas en ex centros clandestinos de detenci\u00f3n; subray\u00f3 la normalizaci\u00f3n de tres comunidades de pueblos originarios (Tobas, Kollas y Guaran\u00edes) y la recomposici\u00f3n de las relaciones institucionales del organismo provincial con las comunidades de pueblos originarios.<\/p>\n<p>&nbsp;<\/p>\n<p>El ex senador provincial hizo hincapi\u00e9 en el trabajo colectivo con los municipios, ya que indic\u00f3 que se firmaron m\u00e1s de treinta convenios de colaboraci\u00f3n, que ser\u00e1n la herramienta para construir una pol\u00edtica integral en todo el territorio bonaerense.<\/p>\n<p>&nbsp;<\/p>\n<p>Luego del trabajo en comisi\u00f3n con los representantes de los municipios de las 8 secciones electorales, Carlotto volvi\u00f3 a tomar la palabra y agradeci\u00f3 la presencia de los trabajadores y funcionarios de las \u00e1reas de Derechos Humanos de cada distrito, celebr\u00f3 la discusi\u00f3n t\u00e9cnico-pol\u00edtica que estaban llevando adelante y enfatiz\u00f3 la b\u00fasqueda para el a\u00f1o que viene: \u201cLos derechos humanos deben respetarse y profundizarse porque, de lo contrario, se los vulnera: por eso, en 2013, intentaremos llegar a todos los municipios\u201d.<\/p>\n<p>&nbsp;<\/p>\n<p>Participaron del encuentro representantes de pueblos originarios: Toba, Kolla y Ava Guaran\u00ed; representantes de diferentes \u00e1reas de los municipios que conveniaron y articularon con la Secretar\u00eda: La Plata, Ensenada, Lomas de Zamora, Florencio Varela, Quilmes, Almirante Brown, Chivilcoy, Trenque Lauquen, Alberti, Bah\u00eda Blanca, Villarino, Miramar, Castelli, Alsina, La Matanza, Lan\u00fas, Avellaneda, Bol\u00edvar, Mor\u00f3n, Las Heras, San Mart\u00edn, Ituzaing\u00f3, Moreno, Carlos Casares, Bragado, Chacabuco, Campana, Marcos Paz y Mercedes.<\/p>\n<p>&nbsp;<\/p>\n<p>Tambi\u00e9n participaron organizaciones de la sociedad civil, representantes de la Defensor\u00eda del Pueblo, el IPS, el ministerio de Trabajo, el ministerio de Educaci\u00f3n y la subsecretar\u00eda Espacio P\u00fablico, entre otros.<\/p>\n","protected":false},"excerpt":{"rendered":"<p>En la apertura del Encuentro Provincial Memoria, Verdad, Justicia e Inclusi\u00f3n Social, el secretario de Derechos Humanos, Guido Carlotto, repas\u00f3 el trabajo desarrollado y esboz\u00f3 el plan 2013.<\/p>\n","protected":false},"author":4,"featured_media":0,"comment_status":"open","ping_status":"open","sticky":false,"template":"","format":"standard","meta":{"_jetpack_newsletter_access":"","_jetpack_dont_email_post_to_subs":false,"_jetpack_newsletter_tier_id":0,"_jetpack_memberships_contains_paywalled_content":false,"_jetpack_memberships_contains_paid_content":false,"footnotes":""},"categories":[1],"tags":[],"class_list":["post-9857","post","type-post","status-publish","format-standard","hentry","category-sociedad"],"jetpack_featured_media_url":"","jetpack_shortlink":"https:\/\/wp.me\/p2JWE0-2yZ","jetpack-related-posts":[{"id":44905,"url":"https:\/\/www.24baires.com\/?p=44905","url_meta":{"origin":9857,"position":0},"title":"Ensenada: Carlotto y Secco dieron comienzo a las jornadas sobre Derechos Humanos","author":"GB","date":"28\/04\/2014","format":false,"excerpt":"Durante la jornada de hoy, el Secretario Provincial de Derechos Humanos, Guido Carlotto, junto al intendente de Ensenada, Mario Secco, dieron comienzo formal a la jornada de trabajo \"Abordaje Integral sobre Derechos Humanos\" organizada por el municipio a trav\u00e9s de la Direcci\u00f3n de Derechos Humanos. La iniciativa, desarrollada en la\u2026","rel":"","context":"En \u00abLocales\u00bb","block_context":{"text":"Locales","link":"https:\/\/www.24baires.com\/?cat=38"},"img":{"alt_text":"jornada dd hh","src":"https:\/\/i0.wp.com\/www.24baires.com\/wp-content\/uploads\/2014\/04\/jornada-dd-hh.jpg?resize=350%2C200","width":350,"height":200,"srcset":"https:\/\/i0.wp.com\/www.24baires.com\/wp-content\/uploads\/2014\/04\/jornada-dd-hh.jpg?resize=350%2C200 1x, https:\/\/i0.wp.com\/www.24baires.com\/wp-content\/uploads\/2014\/04\/jornada-dd-hh.jpg?resize=525%2C300 1.5x"},"classes":[]},{"id":101248,"url":"https:\/\/www.24baires.com\/?p=101248","url_meta":{"origin":9857,"position":1},"title":"Vidal inaugur\u00f3 un Espacio para la Memoria junto a Carlotto","author":"AF","date":"23\/03\/2018","format":false,"excerpt":"La gobernadora bonaerense inaugur\u00f3 un Espacio para la Memoria junto a la titular de Abuelas de Plaza de Mayo. En v\u00edsperas de un nuevo aniversario del golpe de Estado de 1976, la presidenta de Abuelas, Estela de Carlotto, acompa\u00f1\u00f3 a la gobernadora bonaerense, Mar\u00eda Eugenia Vidal, en la inauguraci\u00f3n de\u2026","rel":"","context":"En \u00abSociedad\u00bb","block_context":{"text":"Sociedad","link":"https:\/\/www.24baires.com\/?cat=1"},"img":{"alt_text":"","src":"https:\/\/i0.wp.com\/www.24baires.com\/wp-content\/uploads\/2018\/03\/vidal-carlotto.png?resize=350%2C200","width":350,"height":200,"srcset":"https:\/\/i0.wp.com\/www.24baires.com\/wp-content\/uploads\/2018\/03\/vidal-carlotto.png?resize=350%2C200 1x, https:\/\/i0.wp.com\/www.24baires.com\/wp-content\/uploads\/2018\/03\/vidal-carlotto.png?resize=525%2C300 1.5x"},"classes":[]},{"id":663,"url":"https:\/\/www.24baires.com\/?p=663","url_meta":{"origin":9857,"position":2},"title":"Homenajearon a alumnos y docentes desaparecidos del Normal 1 de La Plata","author":"Grupo Sierra","date":"28\/09\/2012","format":false,"excerpt":"El secretario de Derechos Humanos, Guido Carlotto, particip\u00f3 de acto en el que se descubri\u00f3 una placa en homenaje a las v\u00edctimas del terrorismo de Estado 1976-83 del Normal 1, entre las que se encuentra su hermana Laura. Estela de Carlotto cerr\u00f3 la jornada de la que participaron estudiantes, docentes,\u2026","rel":"","context":"En \u00abMemoria\u00bb","block_context":{"text":"Memoria","link":"https:\/\/www.24baires.com\/?cat=50"},"img":{"alt_text":"","src":"","width":0,"height":0},"classes":[]},{"id":15825,"url":"https:\/\/www.24baires.com\/?p=15825","url_meta":{"origin":9857,"position":3},"title":"Se\u00f1alizaron un nuevo centro clandestino de detenci\u00f3n","author":"AF","date":"16\/02\/2013","format":false,"excerpt":"MAR DEL PLATA - -En un acci\u00f3n conjunta entre Provincia, Naci\u00f3n, el municipio de General Pueyrred\u00f3n y organismos de derechos humanos, fue se\u00f1alizada la ex Escuela de Suboficiales de Infanter\u00eda de Marina (ESIM), que durante la \u00faltima dictadura militar funcion\u00f3 como centro clandestino de detenci\u00f3n. El secretario Guido Carlotto redobl\u00f3\u2026","rel":"","context":"En \u00abMemoria\u00bb","block_context":{"text":"Memoria","link":"https:\/\/www.24baires.com\/?cat=50"},"img":{"alt_text":"esim mdp","src":"https:\/\/i0.wp.com\/www.24baires.com\/wp-content\/uploads\/2013\/02\/esim-mdp-300x198.jpg?resize=350%2C200","width":350,"height":200},"classes":[]},{"id":63245,"url":"https:\/\/www.24baires.com\/?p=63245","url_meta":{"origin":9857,"position":4},"title":"Scioli inaugura un espacio para la memoria en La Plata","author":"AF","date":"17\/03\/2015","format":false,"excerpt":"El gobernador Daniel Scioli inaugurar\u00e1 este martes un espacio para la memoria y promoci\u00f3n de los derechos humanos en el ex centro clandestino de detenci\u00f3n, ex Comisar\u00eda 5\u00ba, junto a la presidenta de Abuelas de Plaza de Mayo, Estela de Carlotto y el vicegobernador Gabriel Mariotto. Previo al acto de\u2026","rel":"","context":"En \u00abSociedad\u00bb","block_context":{"text":"Sociedad","link":"https:\/\/www.24baires.com\/?cat=1"},"img":{"alt_text":"scioli5","src":"https:\/\/i0.wp.com\/www.24baires.com\/wp-content\/uploads\/2014\/08\/scioli5.jpg?resize=350%2C200","width":350,"height":200,"srcset":"https:\/\/i0.wp.com\/www.24baires.com\/wp-content\/uploads\/2014\/08\/scioli5.jpg?resize=350%2C200 1x, https:\/\/i0.wp.com\/www.24baires.com\/wp-content\/uploads\/2014\/08\/scioli5.jpg?resize=525%2C300 1.5x"},"classes":[]},{"id":30846,"url":"https:\/\/www.24baires.com\/?p=30846","url_meta":{"origin":9857,"position":5},"title":"Guido Carlotto: \u00abqueremos que cada municipio tenga un \u00e1rea de derechos humanos\u00bb","author":"AF","date":"27\/08\/2013","format":false,"excerpt":"Guido Carlotto dijo que es una de las aspiraciones de la gesti\u00f3n, \u201cpara que todos los habitantes bonaerenses conozcan sus derechos\u201d. El secretario de Derechos Humanos de la provincia de Buenos Aires, Guido Carlotto, dijo que el gobierno bonaerense quiere que cada municipio tenga una secretar\u00eda de derechos humanos. En\u2026","rel":"","context":"En \u00abProvincia\u00bb","block_context":{"text":"Provincia","link":"https:\/\/www.24baires.com\/?cat=40"},"img":{"alt_text":"guido carlotto","src":"https:\/\/i0.wp.com\/www.24baires.com\/wp-content\/uploads\/2013\/08\/guido-carlotto1.jpg?resize=350%2C200","width":350,"height":200,"srcset":"https:\/\/i0.wp.com\/www.24baires.com\/wp-content\/uploads\/2013\/08\/guido-carlotto1.jpg?resize=350%2C200 1x, https:\/\/i0.wp.com\/www.24baires.com\/wp-content\/uploads\/2013\/08\/guido-carlotto1.jpg?resize=525%2C300 1.5x"},"classes":[]}],"jetpack_sharing_enabled":true,"jetpack_likes_enabled":true,"_links":{"self":[{"href":"https:\/\/www.24baires.com\/index.php?rest_route=\/wp\/v2\/posts\/9857","targetHints":{"allow":["GET"]}}],"collection":[{"href":"https:\/\/www.24baires.com\/index.php?rest_route=\/wp\/v2\/posts"}],"about":[{"href":"https:\/\/www.24baires.com\/index.php?rest_route=\/wp\/v2\/types\/post"}],"author":[{"embeddable":true,"href":"https:\/\/www.24baires.com\/index.php?rest_route=\/wp\/v2\/users\/4"}],"replies":[{"embeddable":true,"href":"https:\/\/www.24baires.com\/index.php?rest_route=%2Fwp%2Fv2%2Fcomments&post=9857"}],"version-history":[{"count":2,"href":"https:\/\/www.24baires.com\/index.php?rest_route=\/wp\/v2\/posts\/9857\/revisions"}],"predecessor-version":[{"id":9859,"href":"https:\/\/www.24baires.com\/index.php?rest_route=\/wp\/v2\/posts\/9857\/revisions\/9859"}],"wp:attachment":[{"href":"https:\/\/www.24baires.com\/index.php?rest_route=%2Fwp%2Fv2%2Fmedia&parent=9857"}],"wp:term":[{"taxonomy":"category","embeddable":true,"href":"https:\/\/www.24baires.com\/index.php?rest_route=%2Fwp%2Fv2%2Fcategories&post=9857"},{"taxonomy":"post_tag","embeddable":true,"href":"https:\/\/www.24baires.com\/index.php?rest_route=%2Fwp%2Fv2%2Ftags&post=9857"}],"curies":[{"name":"wp","href":"https:\/\/api.w.org\/{rel}","templated":true}]}}