{"id":9843,"date":"2012-12-20T10:30:39","date_gmt":"2012-12-20T13:30:39","guid":{"rendered":"http:\/\/www.24baires.com\/?p=9843"},"modified":"2012-12-20T15:19:23","modified_gmt":"2012-12-20T18:19:23","slug":"continuan-los-encuentros-de-padres-para-controlar-la-nocturnidad-esta-temporada","status":"publish","type":"post","link":"https:\/\/www.24baires.com\/?p=9843","title":{"rendered":"Contin\u00faan los encuentros entre padres para controlar la nocturnidad esta temporada"},"content":{"rendered":"<p><a href=\"http:\/\/www.24baires.com\/sociedad\/9843-continuan-los-encuentros-de-padres-para-controlar-la-nocturnidad-esta-temporada\/attachment\/pre-congreso\/\" rel=\"attachment wp-att-9901\"><img data-recalc-dims=\"1\" loading=\"lazy\" decoding=\"async\" class=\"alignleft size-medium wp-image-9901\" alt=\"pre congreso\" src=\"https:\/\/i0.wp.com\/www.24baires.com\/wp-content\/uploads\/2012\/12\/pre-congreso.jpg?resize=300%2C185\" width=\"300\" height=\"185\" srcset=\"https:\/\/i0.wp.com\/www.24baires.com\/wp-content\/uploads\/2012\/12\/pre-congreso.jpg?resize=300%2C185&amp;ssl=1 300w, https:\/\/i0.wp.com\/www.24baires.com\/wp-content\/uploads\/2012\/12\/pre-congreso.jpg?w=332&amp;ssl=1 332w\" sizes=\"auto, (max-width: 300px) 100vw, 300px\" \/><\/a>La Subsecretar\u00eda de Atenci\u00f3n a las Adicciones (SADA) y la municipalidad de La Costa realizaron un Pre Congreso de Padres en la localidad de Costa del Este, en el marco de las tareas emprendidas por la provincia de Buenos Aires para disminuir los riesgos de la nocturnidad y los excesos de cara al verano 2013.<!--more--><\/p>\n<p>El encuentro incluy\u00f3 una charla abierta a la comunidad y fue encabezado por el titular de la SADA, Carlos Sanguinetti, la directora provincial de Prevenci\u00f3n de las Adicciones, Perla Figueroa, y el intendente del Partido de La Costa, Juan Pablo de Jes\u00fas.<\/p>\n<p>Tambi\u00e9n estuvo presente el director ejecutivo de la Fundaci\u00f3n Proyecto Padres, Adri\u00e1n Dall\u2019Asta, adem\u00e1s de funcionarios locales.<\/p>\n<p>Los principales temas abordados fueron la nocturnidad y la diversi\u00f3n adolescente, las conductas adictivas, la falta de comunicaci\u00f3n y el uso irresponsable de las nuevas tecnolog\u00edas.<\/p>\n<p>La actividad apunta a informar, formar e inspirar a los padres para que generen sus propios proyectos comunitarios que prioricen la calidad de vida de sus hijos.<\/p>\n<p>Las jornadas de sensibilizaci\u00f3n dirigidas a padres arrancaron este mes y ya recorrieron los distritos de Mar del Plata, Villa Gesell, Pinamar y partido de la Costa.<\/p>\n","protected":false},"excerpt":{"rendered":"<p>La Subsecretar\u00eda de Atenci\u00f3n a las Adicciones (SADA) y la municipalidad de La Costa realizaron un Pre Congreso de Padres en la localidad de Costa del Este, en el marco de las tareas emprendidas por la provincia de Buenos Aires para disminuir los riesgos de la nocturnidad y los excesos de cara al verano 2013.<\/p>\n","protected":false},"author":4,"featured_media":0,"comment_status":"open","ping_status":"open","sticky":false,"template":"","format":"standard","meta":{"_jetpack_newsletter_access":"","_jetpack_dont_email_post_to_subs":false,"_jetpack_newsletter_tier_id":0,"_jetpack_memberships_contains_paywalled_content":false,"_jetpack_memberships_contains_paid_content":false,"footnotes":""},"categories":[1],"tags":[],"class_list":["post-9843","post","type-post","status-publish","format-standard","hentry","category-sociedad"],"jetpack_featured_media_url":"","jetpack_shortlink":"https:\/\/wp.me\/p2JWE0-2yL","jetpack-related-posts":[{"id":62667,"url":"https:\/\/www.24baires.com\/?p=62667","url_meta":{"origin":9843,"position":0},"title":"La Plata: municipio y Provincia coordinan atenci\u00f3n a gente sin techo","author":"AF","date":"05\/03\/2015","format":false,"excerpt":"La subsecretar\u00eda de Salud Mental y Atenci\u00f3n a las Adicciones (SADA) del ministerio de Salud y la municipalidad de La Plata, coordinar\u00e1n acciones conjuntas para garantizar la atenci\u00f3n y asistencia a personas en situaci\u00f3n de calle. Seg\u00fan indicaron, durante el encuentro se avanz\u00f3 para que la SADA garantice el abordaje\u2026","rel":"","context":"En \u00abLocales\u00bb","block_context":{"text":"Locales","link":"https:\/\/www.24baires.com\/?cat=38"},"img":{"alt_text":"","src":"","width":0,"height":0},"classes":[]},{"id":59292,"url":"https:\/\/www.24baires.com\/?p=59292","url_meta":{"origin":9843,"position":1},"title":"En Villa Gesell cerrar\u00e1n los boliches que vendan alcohol a menores","author":"GB","date":"29\/12\/2014","format":false,"excerpt":"Los representantes del gobierno de Daniel Scioli se reunieron con el intendente de Villa Gesell, Gustavo Barrera, y los responsables de los boliches y locales nocturnos de ese municipio. Las autoridades provinciales dejaron en claro que este a\u00f1o aquellos que incumplan las normas de nocturnidad entran en riesgo de perder\u2026","rel":"","context":"En \u00abSociedad\u00bb","block_context":{"text":"Sociedad","link":"https:\/\/www.24baires.com\/?cat=1"},"img":{"alt_text":"","src":"","width":0,"height":0},"classes":[]},{"id":7952,"url":"https:\/\/www.24baires.com\/?p=7952","url_meta":{"origin":9843,"position":2},"title":"Provincia y padres bonaerenses trabajan para generar noches seguras en la temporada","author":"AF","date":"05\/12\/2012","format":false,"excerpt":"Este verano, la provincia de Buenos Aires apostar\u00e1 a la sensibilizaci\u00f3n de los padres bonaerenses con el fin de lograr una noche segura para los j\u00f3venes en las localidades balnearias durante la temporada. Por eso, la Fundaci\u00f3n Proyecto Padres realiz\u00f3 en Mar del Plata el primer Pre Congreso para Padres\u2026","rel":"","context":"En \u00abSociedad\u00bb","block_context":{"text":"Sociedad","link":"https:\/\/www.24baires.com\/?cat=1"},"img":{"alt_text":"","src":"","width":0,"height":0},"classes":[]},{"id":13291,"url":"https:\/\/www.24baires.com\/?p=13291","url_meta":{"origin":9843,"position":3},"title":"M\u00e1s de 2800 adolescentes participaron del Circuito Joven en la Costa Atl\u00e1ntica","author":"AF","date":"23\/01\/2013","format":false,"excerpt":"La subsecretar\u00eda de Atenci\u00f3n a las Adicciones (SADA) realiz\u00f3 el martes en Mar del Plata una nueva jornada del programa \u201cCircuito Joven\u201d, que cont\u00f3 con la participaci\u00f3n de m\u00e1s de 2.800 ni\u00f1os y adolescentes durante lo que va de enero en distintos puntos de la Costa Atl\u00e1ntica. El programa itinerante\u2026","rel":"","context":"En \u00abSociedad\u00bb","block_context":{"text":"Sociedad","link":"https:\/\/www.24baires.com\/?cat=1"},"img":{"alt_text":"","src":"","width":0,"height":0},"classes":[]},{"id":11965,"url":"https:\/\/www.24baires.com\/?p=11965","url_meta":{"origin":9843,"position":4},"title":"Pre Congreso sobre prevenci\u00f3n de las adicciones en Necochea","author":"AF","date":"12\/01\/2013","format":false,"excerpt":"El subsecretario de Atenci\u00f3n a las Adicciones, Carlos Sanguinetti, y el intendente de Necochea, Horacio Tellechea, encabezaron un pre Congreso para Padres sobre prevenci\u00f3n de adicciones en el sal\u00f3n blanco del municipio de esa ciudad balnearia. En la jornada, Sanguinetti anunci\u00f3 para los pr\u00f3ximos meses la apertura de un nuevo\u2026","rel":"","context":"En \u00abSociedad\u00bb","block_context":{"text":"Sociedad","link":"https:\/\/www.24baires.com\/?cat=1"},"img":{"alt_text":"","src":"","width":0,"height":0},"classes":[]},{"id":6029,"url":"https:\/\/www.24baires.com\/?p=6029","url_meta":{"origin":9843,"position":5},"title":"Har\u00e1n controles de alcoholemia antes de entrar a los boliches","author":"AF","date":"19\/11\/2012","format":false,"excerpt":"El gobierno provincial instrumentar\u00e1 una experiencia piloto de control de alcoholemia en el ingreso de boliches, aplicando derecho de admisi\u00f3n para quienes superen los niveles de alcohol en sangre permitidos. Se trata de una iniciativa acordada entre el ministerio de Salud provincial, v\u00eda la subsecretar\u00eda de Adicciones, y la Asociaci\u00f3n\u2026","rel":"","context":"En \u00abSociedad\u00bb","block_context":{"text":"Sociedad","link":"https:\/\/www.24baires.com\/?cat=1"},"img":{"alt_text":"","src":"https:\/\/i0.wp.com\/www.24baires.com\/wp-content\/uploads\/2012\/11\/pipeta-alcoholemia.jpg?resize=350%2C200","width":350,"height":200},"classes":[]}],"jetpack_sharing_enabled":true,"jetpack_likes_enabled":true,"_links":{"self":[{"href":"https:\/\/www.24baires.com\/index.php?rest_route=\/wp\/v2\/posts\/9843","targetHints":{"allow":["GET"]}}],"collection":[{"href":"https:\/\/www.24baires.com\/index.php?rest_route=\/wp\/v2\/posts"}],"about":[{"href":"https:\/\/www.24baires.com\/index.php?rest_route=\/wp\/v2\/types\/post"}],"author":[{"embeddable":true,"href":"https:\/\/www.24baires.com\/index.php?rest_route=\/wp\/v2\/users\/4"}],"replies":[{"embeddable":true,"href":"https:\/\/www.24baires.com\/index.php?rest_route=%2Fwp%2Fv2%2Fcomments&post=9843"}],"version-history":[{"count":3,"href":"https:\/\/www.24baires.com\/index.php?rest_route=\/wp\/v2\/posts\/9843\/revisions"}],"predecessor-version":[{"id":9848,"href":"https:\/\/www.24baires.com\/index.php?rest_route=\/wp\/v2\/posts\/9843\/revisions\/9848"}],"wp:attachment":[{"href":"https:\/\/www.24baires.com\/index.php?rest_route=%2Fwp%2Fv2%2Fmedia&parent=9843"}],"wp:term":[{"taxonomy":"category","embeddable":true,"href":"https:\/\/www.24baires.com\/index.php?rest_route=%2Fwp%2Fv2%2Fcategories&post=9843"},{"taxonomy":"post_tag","embeddable":true,"href":"https:\/\/www.24baires.com\/index.php?rest_route=%2Fwp%2Fv2%2Ftags&post=9843"}],"curies":[{"name":"wp","href":"https:\/\/api.w.org\/{rel}","templated":true}]}}