{"id":9835,"date":"2012-12-20T09:15:14","date_gmt":"2012-12-20T12:15:14","guid":{"rendered":"http:\/\/www.24baires.com\/?p=9835"},"modified":"2012-12-20T10:51:12","modified_gmt":"2012-12-20T13:51:12","slug":"segun-especialistas-un-pueblo-por-ano-sera-castigado-por-un-tornado","status":"publish","type":"post","link":"https:\/\/www.24baires.com\/?p=9835","title":{"rendered":"Seg\u00fan especialistas, un pueblo por a\u00f1o ser\u00e1 castigado por un tornado"},"content":{"rendered":"<p><a href=\"http:\/\/www.24baires.com\/provincia\/9835-segun-especialistas-un-pueblo-por-ano-sera-castigado-por-un-tornado\/attachment\/tornado\/\" rel=\"attachment wp-att-9836\"><img data-recalc-dims=\"1\" loading=\"lazy\" decoding=\"async\" class=\"alignleft size-full wp-image-9836\" alt=\"tornado\" src=\"https:\/\/i0.wp.com\/www.24baires.com\/wp-content\/uploads\/2012\/12\/tornado.jpg?resize=300%2C200\" width=\"300\" height=\"200\" \/><\/a>Mar\u00eda Luisa Altinger de Schwarzkopf dijo que \u201cla Provincia est\u00e1 en la regi\u00f3n en la que se producen tormentas severas que pueden generar tornados\u201d.<!--more--><br \/>\nLa doctora en Ciencias Meteorol\u00f3gicas Mar\u00eda Luisa Altinger de Schwarzkopf manifest\u00f3 que \u201cBuenos Aires est\u00e1 dentro de la regi\u00f3n de la Argentina en la cual se producen las tormentas severas que en su etapa final se pueden generar tornados\u201d y que seg\u00fan un estudio que realizaron desde el Conicet un pueblo por a\u00f1o ser\u00e1 castigado a causa de un tornado.<\/p>\n<p>En declaraciones a Radio Provincia, dijo que \u201ccuando hicimos el primer estudio sobre la provincia de Buenos Aires calculamos la superficie de cada pueblo y la superficie total y nos daba que cada a\u00f1o va a haber un pueblo da\u00f1ado por tornados\u201d. \u201cEsto se va cumpliendo\u201d, resalt\u00f3. Se debe a que nuestra provincia \u201cest\u00e1 dentro de la regi\u00f3n de la Argentina en la cual se producen las tormentas severas que en su etapa final se pueden generar tornados\u201d.<\/p>\n<p>Altinger de Schwarzkopf record\u00f3 que \u201cel 13 de abril de 1993 se produjeron m\u00e1s de 200 tornados en una noche desde Trenque Lauquen, en m\u00e1s de 100 kil\u00f3metros de ancho, hasta Carlos Casares, y en la zona de Bolivar, Olavarr\u00eda, Tandil, Necochea, Mar del Plata\u201d. Adem\u00e1s, manifest\u00f3 que \u201cel anochecer del 4 de abril de este a\u00f1o en Ituzaing\u00f3, Moreno, Lomas de Zamora sucedieron desde la zona oeste casi hasta Mar del Plata cinco tornados\u201d en la provincia.<\/p>\n<p>&nbsp;<\/p>\n<p>&nbsp;<\/p>\n<p>&nbsp;<\/p>\n<p>&nbsp;<\/p>\n<p>&nbsp;<\/p>\n<p>&nbsp;<\/p>\n<p>&nbsp;<\/p>\n<p>&nbsp;<\/p>\n<p>&nbsp;<\/p>\n<p>&nbsp;<\/p>\n<p>&nbsp;<\/p>\n<p>&nbsp;<\/p>\n<p>&nbsp;<\/p>\n<p>&nbsp;<\/p>\n<p>&nbsp;<\/p>\n<p>&nbsp;<\/p>\n<p>&nbsp;<\/p>\n<p>&nbsp;<\/p>\n<p>&nbsp;<\/p>\n<p>&nbsp;<\/p>\n<p>&nbsp;<\/p>\n<p>&nbsp;<\/p>\n<p>&nbsp;<\/p>\n<p>&nbsp;<\/p>\n","protected":false},"excerpt":{"rendered":"<p>Mar\u00eda Luisa Altinger de Schwarzkopf dijo que \u201cla Provincia est\u00e1 en la regi\u00f3n en la que se producen tormentas severas que pueden generar tornados\u201d.<\/p>\n","protected":false},"author":4,"featured_media":0,"comment_status":"open","ping_status":"open","sticky":false,"template":"","format":"standard","meta":{"_jetpack_newsletter_access":"","_jetpack_dont_email_post_to_subs":false,"_jetpack_newsletter_tier_id":0,"_jetpack_memberships_contains_paywalled_content":false,"_jetpack_memberships_contains_paid_content":false,"footnotes":""},"categories":[40],"tags":[],"class_list":["post-9835","post","type-post","status-publish","format-standard","hentry","category-provincia"],"jetpack_featured_media_url":"","jetpack_shortlink":"https:\/\/wp.me\/p2JWE0-2yD","jetpack-related-posts":[{"id":111413,"url":"https:\/\/www.24baires.com\/?p=111413","url_meta":{"origin":9835,"position":0},"title":"Vidal: \u00abComo est\u00e1 la droga en la Argentina, no es el momento de dar ese debate\u00bb","author":"AF","date":"31\/07\/2019","format":false,"excerpt":"La gobernadora de la provincia de Buenos Aires intent\u00f3 referirse al debate en torno a la despenalizaci\u00f3n de la marihuana, pero trastabill\u00f3 con sus propios conceptos. La gobernadora de la provincia de Buenos Aires, Mar\u00eda Vidal, habl\u00f3 sobre el debate en torno a la despenalizaci\u00f3n de la marihuana y dijo\u2026","rel":"","context":"En \u00abSociedad\u00bb","block_context":{"text":"Sociedad","link":"https:\/\/www.24baires.com\/?cat=1"},"img":{"alt_text":"","src":"https:\/\/i0.wp.com\/www.24baires.com\/wp-content\/uploads\/2019\/03\/vidal.jpg?resize=350%2C200","width":350,"height":200,"srcset":"https:\/\/i0.wp.com\/www.24baires.com\/wp-content\/uploads\/2019\/03\/vidal.jpg?resize=350%2C200 1x, https:\/\/i0.wp.com\/www.24baires.com\/wp-content\/uploads\/2019\/03\/vidal.jpg?resize=525%2C300 1.5x"},"classes":[]},{"id":97024,"url":"https:\/\/www.24baires.com\/?p=97024","url_meta":{"origin":9835,"position":1},"title":"Inundaciones afectan a un tercio de la producci\u00f3n agropecuaria del pa\u00eds","author":"GB","date":"29\/08\/2017","format":false,"excerpt":"Buenos Aires, La Pampa, el sur de C\u00f3rdoba y de Santa Fe son las zona m\u00e1s afectadas. Advierten por los problemas en los caminos rurales Las inundaciones que sufre buena parte de la pampa h\u00fameda afectan casi un tercio de la producci\u00f3n agropecuaria: concretamente, el 25% de la agricultura y\u2026","rel":"","context":"En \u00abEconom\u00eda\u00bb","block_context":{"text":"Econom\u00eda","link":"https:\/\/www.24baires.com\/?cat=45"},"img":{"alt_text":"","src":"https:\/\/i0.wp.com\/www.24baires.com\/wp-content\/uploads\/2017\/01\/inundaciones.jpg?resize=350%2C200","width":350,"height":200,"srcset":"https:\/\/i0.wp.com\/www.24baires.com\/wp-content\/uploads\/2017\/01\/inundaciones.jpg?resize=350%2C200 1x, https:\/\/i0.wp.com\/www.24baires.com\/wp-content\/uploads\/2017\/01\/inundaciones.jpg?resize=525%2C300 1.5x"},"classes":[]},{"id":101887,"url":"https:\/\/www.24baires.com\/?p=101887","url_meta":{"origin":9835,"position":2},"title":"Vidal supervis\u00f3 los operativos en las zonas m\u00e1s castigadas del Conurbano por el temporal","author":"GB","date":"30\/04\/2018","format":false,"excerpt":"La Gobernadora visit\u00f3 un centro de evacuados en PIlar y m\u00e1s tarde estuvo en el Centro de Monitoreo de Tres de Febrero. Son dos de los municipios que m\u00e1s padecieron las consecuencias de las tormentas del fin de semana. La gobernadora Mar\u00eda Eugenia Vidal, visit\u00f3 durante la tarde de ayer\u2026","rel":"","context":"En \u00abProvincia\u00bb","block_context":{"text":"Provincia","link":"https:\/\/www.24baires.com\/?cat=40"},"img":{"alt_text":"","src":"https:\/\/i0.wp.com\/www.24baires.com\/wp-content\/uploads\/2018\/04\/e.jpeg?resize=350%2C200","width":350,"height":200,"srcset":"https:\/\/i0.wp.com\/www.24baires.com\/wp-content\/uploads\/2018\/04\/e.jpeg?resize=350%2C200 1x, https:\/\/i0.wp.com\/www.24baires.com\/wp-content\/uploads\/2018\/04\/e.jpeg?resize=525%2C300 1.5x"},"classes":[]},{"id":98926,"url":"https:\/\/www.24baires.com\/?p=98926","url_meta":{"origin":9835,"position":3},"title":"La Defensor\u00eda bonaerense alert\u00f3 sobre el alto consumo de psicof\u00e1rmacos en j\u00f3venes","author":"Grupo Sierra","date":"24\/11\/2017","format":false,"excerpt":"La Defensor\u00eda del Pueblo de la provincia de Buenos Aires advirti\u00f3 hoy sobre el elevado consumo de psicof\u00e1rmacos en j\u00f3venes y en ese sentido apunt\u00f3 que el 15 por ciento de las personas los utiliza bajo tratamiento o por su cuenta. Seg\u00fan dijo que defensor adjunto, Walter Martello, el inicio\u2026","rel":"","context":"En \u00abSociedad\u00bb","block_context":{"text":"Sociedad","link":"https:\/\/www.24baires.com\/?cat=1"},"img":{"alt_text":"","src":"https:\/\/i0.wp.com\/www.24baires.com\/wp-content\/uploads\/2017\/11\/psicofarmacos.jpg?resize=350%2C200","width":350,"height":200},"classes":[]},{"id":36121,"url":"https:\/\/www.24baires.com\/?p=36121","url_meta":{"origin":9835,"position":4},"title":"Un tornado azot\u00f3 a Chivilcoy","author":"GB","date":"02\/12\/2013","format":false,"excerpt":"Adem\u00e1s de varios heridos leves, se produjeron destrozos en casas. M\u00e1s de 50 familias fueron evacuadas. El fuerte temporal choc\u00f3 con fuerza en la ciudad de Chivilcoy, y adem\u00e1s de producir varios destrozos en casas y \u00e1rboles, hay varios heridos, seg\u00fan coment\u00f3 el intendente Anibal Pitelli. \"La ciudad qued\u00f3 devastada.\u2026","rel":"","context":"En \u00abLocales\u00bb","block_context":{"text":"Locales","link":"https:\/\/www.24baires.com\/?cat=38"},"img":{"alt_text":"chivilcoy tornado","src":"https:\/\/i0.wp.com\/www.24baires.com\/wp-content\/uploads\/2013\/12\/chivilcoy-tornado.jpg?resize=350%2C200","width":350,"height":200,"srcset":"https:\/\/i0.wp.com\/www.24baires.com\/wp-content\/uploads\/2013\/12\/chivilcoy-tornado.jpg?resize=350%2C200 1x, https:\/\/i0.wp.com\/www.24baires.com\/wp-content\/uploads\/2013\/12\/chivilcoy-tornado.jpg?resize=525%2C300 1.5x"},"classes":[]},{"id":122894,"url":"https:\/\/www.24baires.com\/?p=122894","url_meta":{"origin":9835,"position":5},"title":"Los docentes bonaerenses son los peor pagos entre las provincias \u201cgrandes\u201d y perdieron el 18% del sueldo","author":"GB","date":"23\/02\/2026","format":false,"excerpt":"El salario docente en provincia de Buenos Aires es m\u00e1s bajo que en C\u00f3rdoba, Santa Fe y CABA. El contexto de un paro anunciado. Cuando faltan apenas d\u00edas para el inicio formal del ciclo lectivo 2026 \u2013previsto para el 2 de marzo\u2013, los docentes de la Provincia de Buenos Aires\u2026","rel":"","context":"En \u00abProvincia\u00bb","block_context":{"text":"Provincia","link":"https:\/\/www.24baires.com\/?cat=40"},"img":{"alt_text":"","src":"https:\/\/i0.wp.com\/www.24baires.com\/wp-content\/uploads\/2026\/02\/docentes-pba.jpg?resize=350%2C200","width":350,"height":200,"srcset":"https:\/\/i0.wp.com\/www.24baires.com\/wp-content\/uploads\/2026\/02\/docentes-pba.jpg?resize=350%2C200 1x, https:\/\/i0.wp.com\/www.24baires.com\/wp-content\/uploads\/2026\/02\/docentes-pba.jpg?resize=525%2C300 1.5x, https:\/\/i0.wp.com\/www.24baires.com\/wp-content\/uploads\/2026\/02\/docentes-pba.jpg?resize=700%2C400 2x"},"classes":[]}],"jetpack_sharing_enabled":true,"jetpack_likes_enabled":true,"_links":{"self":[{"href":"https:\/\/www.24baires.com\/index.php?rest_route=\/wp\/v2\/posts\/9835","targetHints":{"allow":["GET"]}}],"collection":[{"href":"https:\/\/www.24baires.com\/index.php?rest_route=\/wp\/v2\/posts"}],"about":[{"href":"https:\/\/www.24baires.com\/index.php?rest_route=\/wp\/v2\/types\/post"}],"author":[{"embeddable":true,"href":"https:\/\/www.24baires.com\/index.php?rest_route=\/wp\/v2\/users\/4"}],"replies":[{"embeddable":true,"href":"https:\/\/www.24baires.com\/index.php?rest_route=%2Fwp%2Fv2%2Fcomments&post=9835"}],"version-history":[{"count":3,"href":"https:\/\/www.24baires.com\/index.php?rest_route=\/wp\/v2\/posts\/9835\/revisions"}],"predecessor-version":[{"id":9839,"href":"https:\/\/www.24baires.com\/index.php?rest_route=\/wp\/v2\/posts\/9835\/revisions\/9839"}],"wp:attachment":[{"href":"https:\/\/www.24baires.com\/index.php?rest_route=%2Fwp%2Fv2%2Fmedia&parent=9835"}],"wp:term":[{"taxonomy":"category","embeddable":true,"href":"https:\/\/www.24baires.com\/index.php?rest_route=%2Fwp%2Fv2%2Fcategories&post=9835"},{"taxonomy":"post_tag","embeddable":true,"href":"https:\/\/www.24baires.com\/index.php?rest_route=%2Fwp%2Fv2%2Ftags&post=9835"}],"curies":[{"name":"wp","href":"https:\/\/api.w.org\/{rel}","templated":true}]}}