{"id":9826,"date":"2012-12-20T10:03:46","date_gmt":"2012-12-20T13:03:46","guid":{"rendered":"http:\/\/www.24baires.com\/?p=9826"},"modified":"2012-12-20T10:03:46","modified_gmt":"2012-12-20T13:03:46","slug":"daran-a-conocer-el-veredicto-por-el-triple-asesinato-por-la-efedrina","status":"publish","type":"post","link":"https:\/\/www.24baires.com\/?p=9826","title":{"rendered":"Dar\u00e1n a conocer el veredicto por el triple asesinato por la efedrina"},"content":{"rendered":"<p>El veredicto del juicio que se le sigue a cuatro hombres por el crimen de Sebasti\u00e1n Forza, Dami\u00e1n Ferr\u00f3n y Leopoldo Bina, cometido en 2008, se conocer\u00e1 en los Tribunales de <strong>Mercedes<\/strong>.<!--more--><\/p>\n<p>El fallo, a cargo de los miembros del Tribunal Oral en lo Criminal (TOC) 2 de Mercedes, Fernando Bustos Berrondo, Graciela Larroque y Marco Barski, se dar\u00e1 a conocer a las 12 en el edificio judicial ubicado en la calle 27 al 600 de esa ciudad bonaerense, informaron fuentes judiciales.<\/p>\n<p>El juicio tiene en el banquillo de los acusados a los hermanos V\u00edctor (30) y Marcelo Schillaci (31), y a los hermanos Cristian (37) y Mart\u00edn Lanatta (38), de los cuales s\u00f3lo el \u00faltimo llega al debate detenido, ya que su hermano cuenta con arresto domiciliario y los Schillaci est\u00e1n excarcelados.<\/p>\n<p>En sus alegatos, los fiscales Marcela Falabella y Juan Ignacio Bidone pidieron prisi\u00f3n perpetua para los cuatro imputados por el delito de \u00abprivaci\u00f3n ilegal de la libertad agravada en concurso real con homicidio agravado por ensa\u00f1amiento, alevos\u00eda y por la participaci\u00f3n de m\u00e1s de dos personas\u00bb.<\/p>\n<p>Los fiscales indicaron como m\u00f3vil del triple crimen el presunto intento de las v\u00edctimas de quedarse con el negocio del tr\u00e1fico ilegal de efedrina.<\/p>\n<p>Falabella afirm\u00f3 que este fue un crimen \u00abpremeditado\u00bb y \u00abmotivado en la sociedad de hecho que conformaron las tres v\u00edctimas para dedicarse al tr\u00e1fico de sustancias qu\u00edmicas, entre ellas la efedrina\u00bb.<\/p>\n<p>La fiscal explic\u00f3 que no s\u00f3lo tuvieron participaci\u00f3n los pares de hermanos sino tambi\u00e9n Ibar P\u00e9rez Corradi -pr\u00f3fugo desde marzo \u00faltimo y sindicado como autor intelectual de los cr\u00edmenes-, y que en el hecho participaron el ex polic\u00eda bonaerense Sergio Galeano y Ana Laura Montiel, esposa de Mart\u00edn Lanatta, aunque no solicit\u00f3 ninguna medida para estas dos personas.<\/p>\n<p>En tanto, Alejandro S\u00e1nchez Kalbermatten, abogado de la familia de Bina, tambi\u00e9n pidi\u00f3 que los cuatro acusados sean condenados a prisi\u00f3n perpetua y se les dicte la inmediata detenci\u00f3n a los que permanecen en libertad, aunque los jueces decidieron rechazar esto \u00faltimo.<\/p>\n<p>Kalbermatten consider\u00f3 a los acusados \u00abcoautores materiales\u00bb de los delitos de \u00abprivaci\u00f3n ilegal de la libertad agravada por su comisi\u00f3n mediante violencia, amenazas, empleo de armas y aplicaci\u00f3n de tormentos reiterada (tres hechos) seguida de muerte en concurso real con triple homicidio agravado por su comisi\u00f3n mediante ensa\u00f1amiento, alevos\u00eda y criminis causae con el concurso premeditado de dos o m\u00e1s personas\u00bb.<\/p>\n<p>Subsidiariamente, el letrado pidi\u00f3 que los imputados sean condenados como coautores de \u00abprivaci\u00f3n ileg\u00edtima de la libertad seguida de muerte\u00bb.<\/p>\n<p>Por su parte, el abogado de la familia Ferr\u00f3n, Miguel \u00c1ngel Pierri, adhiri\u00f3 a los argumentos de su colega y de la fiscal\u00eda y tambi\u00e9n pidi\u00f3 prisi\u00f3n perpetua.<\/p>\n<p>Subsidiariamente, Pierri pidi\u00f3 condena por \u00abprivaci\u00f3n ileg\u00edtima de la libertad seguida de muerte\u00bb, aunque no requiri\u00f3 la detenci\u00f3n de los imputados.<\/p>\n<p>En tanto, Roberto Casorla Yalet, defensor de los Lanatta, y Omar Daer, de los Schillaci, solicitaron la absoluci\u00f3n por falta de pruebas y plantearon la inconstitucionalidad de la aplicaci\u00f3n de la prisi\u00f3n perpetua sin condena firme.<\/p>\n<p>El hecho se inici\u00f3 el 7 de agosto de 2008, cuando Forza (34), Ferr\u00f3n (37) y Bina (35) fueron convocados al hipermercado Wal Mart de Sarand\u00ed para participar de \u00abuna reuni\u00f3n presumiblemente vinculada con la venta ilegal de efedrina\u00bb, seg\u00fan la elevaci\u00f3n a juicio de la causa.<\/p>\n<p>Se cree que, desde el supermercado, los tres hombres fueron llevados -bajo su consentimiento o privados de la libertad- hasta la casa de Cristian Lanatta, ubicada en Quilmes.<\/p>\n<p>Los pesquisas sospechan que las tres v\u00edctimas fueron asesinadas a balazos y luego sus cuerpos guardados en alg\u00fan freezer hasta que finalmente los arrojaron en un zanj\u00f3n del partido de General Rodr\u00edguez, donde fueron encontrados seis d\u00edas despu\u00e9s, el 13 de agosto, con signos de haber estado maniatados por la espalda con precintos.<\/p>\n<p>&nbsp;<\/p>\n<p>&nbsp;<\/p>\n<p>&nbsp;<\/p>\n<p>&nbsp;<\/p>\n<p>&nbsp;<\/p>\n<p>&nbsp;<\/p>\n<p>&nbsp;<\/p>\n<p>&nbsp;<\/p>\n<p>&nbsp;<\/p>\n<p>&nbsp;<\/p>\n<p>&nbsp;<\/p>\n<p>&nbsp;<\/p>\n<p>&nbsp;<\/p>\n<p>&nbsp;<\/p>\n<p>&nbsp;<\/p>\n<p>&nbsp;<\/p>\n<p>&nbsp;<\/p>\n<p>&nbsp;<\/p>\n<p>&nbsp;<\/p>\n<p>&nbsp;<\/p>\n<p>&nbsp;<\/p>\n<p>&nbsp;<\/p>\n<p>&nbsp;<\/p>\n<p>&nbsp;<\/p>\n<p>&nbsp;<\/p>\n<p>&nbsp;<\/p>\n","protected":false},"excerpt":{"rendered":"<p>El veredicto del juicio que se le sigue a cuatro hombres por el crimen de Sebasti\u00e1n Forza, Dami\u00e1n Ferr\u00f3n y Leopoldo Bina, cometido en 2008, se conocer\u00e1 en los Tribunales de Mercedes.<\/p>\n","protected":false},"author":4,"featured_media":0,"comment_status":"open","ping_status":"open","sticky":false,"template":"","format":"standard","meta":{"_jetpack_newsletter_access":"","_jetpack_dont_email_post_to_subs":false,"_jetpack_newsletter_tier_id":0,"_jetpack_memberships_contains_paywalled_content":false,"_jetpack_memberships_contains_paid_content":false,"footnotes":""},"categories":[1],"tags":[],"class_list":["post-9826","post","type-post","status-publish","format-standard","hentry","category-sociedad"],"jetpack_featured_media_url":"","jetpack_shortlink":"https:\/\/wp.me\/p2JWE0-2yu","jetpack-related-posts":[{"id":35941,"url":"https:\/\/www.24baires.com\/?p=35941","url_meta":{"origin":9826,"position":0},"title":"Triple crimen: confirmaron prisi\u00f3n perpetua a los cuatro acusados","author":"GB","date":"29\/11\/2013","format":false,"excerpt":"GENERAL RODR\u00cdGUEZ-\u00a0La C\u00e1mara de Casaci\u00f3n bonaerense ratific\u00f3 las penas para los hermanos Mart\u00edn y Cristian Lanatta y los hermanos V\u00edctor (30) y Marcelo Schillaci (31). Es por el triple asesinato de Sebasti\u00e1n Forza, Dami\u00e1n Ferr\u00f3n y Leopoldo Bina, ocurridos en 2008. Los condenados hab\u00edan recibido la sentencia el 20 de\u2026","rel":"","context":"En \u00abJUDICIALES\u00bb","block_context":{"text":"JUDICIALES","link":"https:\/\/www.24baires.com\/?cat=68"},"img":{"alt_text":"triple crimen","src":"https:\/\/i0.wp.com\/www.24baires.com\/wp-content\/uploads\/2013\/11\/triple-crimen-300x187.jpg?resize=350%2C200","width":350,"height":200},"classes":[]},{"id":9957,"url":"https:\/\/www.24baires.com\/?p=9957","url_meta":{"origin":9826,"position":1},"title":"Mafia de la efedrina: perpetua para cuatro de los involucrados en el triple crimen","author":"Grupo Sierra","date":"20\/12\/2012","format":false,"excerpt":"MERCEDES - Cuatro hombres fueron condenados esta noche a prisi\u00f3n perpetua como autores materiales del triple crimen de Sebasti\u00e1n Forza, Dami\u00e1n Ferr\u00f3n y Leopoldo Bina, cometido en 2008, en la localidad bonaerense de General Rodr\u00edguez. El fallo del Tribunal Oral en lo Criminal (TOC) 2 de Mercedes recay\u00f3 sobre los\u2026","rel":"","context":"En \u00abPoliciales\u00bb","block_context":{"text":"Policiales","link":"https:\/\/www.24baires.com\/?cat=49"},"img":{"alt_text":"","src":"","width":0,"height":0},"classes":[]},{"id":20477,"url":"https:\/\/www.24baires.com\/?p=20477","url_meta":{"origin":9826,"position":2},"title":"Se conocer\u00e1 ma\u00f1ana la sentencia a las hermanas Jara, acusadas por matar a un violador","author":"AF","date":"08\/04\/2013","format":false,"excerpt":"MERCEDES - El Tribunal n\u00famero 2 de la ciudad bonaerense de Mercedes dictar\u00e1 este martes sentencia en el juicio oral realizado a las hermanas Marina y Ail\u00e9n Jara, acusadas del presunto intento de homicidio de un hombre que, seg\u00fan declararon las j\u00f3venes, intent\u00f3 violarlas. La decisi\u00f3n final quedar\u00e1 en manos\u2026","rel":"","context":"En \u00abSociedad\u00bb","block_context":{"text":"Sociedad","link":"https:\/\/www.24baires.com\/?cat=1"},"img":{"alt_text":"hermanas jara","src":"https:\/\/i0.wp.com\/www.24baires.com\/wp-content\/uploads\/2013\/04\/hermanas-jara.jpg?resize=350%2C200","width":350,"height":200,"srcset":"https:\/\/i0.wp.com\/www.24baires.com\/wp-content\/uploads\/2013\/04\/hermanas-jara.jpg?resize=350%2C200 1x, https:\/\/i0.wp.com\/www.24baires.com\/wp-content\/uploads\/2013\/04\/hermanas-jara.jpg?resize=525%2C300 1.5x"},"classes":[]},{"id":3881,"url":"https:\/\/www.24baires.com\/?p=3881","url_meta":{"origin":9826,"position":3},"title":"\u00abLanatta me confes\u00f3 ser el autor\u00bb del triple crimen de General Rodr\u00edguez dijo ex preso","author":"Grupo Sierra","date":"30\/10\/2012","format":false,"excerpt":"Un ex preso declar\u00f3 en el juicio por el triple crimen de General Rodr\u00edguez que Christian Lanatta, uno de los imputados, le confes\u00f3 en la c\u00e1rcel c\u00f3mo \u00e9l, su hermano Mart\u00edn y los hermanos Schillaci asesinaron a Sebasti\u00e1n Forza, Dami\u00e1n Ferr\u00f3n y Leopoldo Bina en 2008 en General Rodr\u00edguez. Varias\u2026","rel":"","context":"En \u00abPoliciales\u00bb","block_context":{"text":"Policiales","link":"https:\/\/www.24baires.com\/?cat=49"},"img":{"alt_text":"","src":"","width":0,"height":0},"classes":[]},{"id":107720,"url":"https:\/\/www.24baires.com\/?p=107720","url_meta":{"origin":9826,"position":4},"title":"Condenaron a Samid a cuatro a\u00f1os de prisi\u00f3n efectiva","author":"AF","date":"17\/04\/2019","format":false,"excerpt":"El empresario de la carne est\u00e1 acusado de liderar una asociaci\u00f3n il\u00edcita que evadi\u00f3 impuestos. La pena es de cumplimiento efectivo. El 26 de abril, el tribunal dar\u00e1 a conocer los fundamentos. El empresario de la carne Alberto Samid fue condenado este mi\u00e9rcoles por asociaci\u00f3n il\u00edcita para evadir impuestos a\u2026","rel":"","context":"En \u00abJUDICIALES\u00bb","block_context":{"text":"JUDICIALES","link":"https:\/\/www.24baires.com\/?cat=68"},"img":{"alt_text":"","src":"https:\/\/i0.wp.com\/www.24baires.com\/wp-content\/uploads\/2014\/02\/samid.jpg?resize=350%2C200","width":350,"height":200,"srcset":"https:\/\/i0.wp.com\/www.24baires.com\/wp-content\/uploads\/2014\/02\/samid.jpg?resize=350%2C200 1x, https:\/\/i0.wp.com\/www.24baires.com\/wp-content\/uploads\/2014\/02\/samid.jpg?resize=525%2C300 1.5x"},"classes":[]},{"id":119059,"url":"https:\/\/www.24baires.com\/?p=119059","url_meta":{"origin":9826,"position":5},"title":"Se conocer\u00e1 el veredicto en la megacausa de Campo de Mayo","author":"GB","date":"06\/07\/2022","format":false,"excerpt":"Este mi\u00e9rcoles termina el juicio que se inici\u00f3 en 2019 y en el que declararon m\u00e1s de 300 testigos. El Tribunal Oral en lo Criminal Federal N\u00b0 1 de San Mart\u00edn dar\u00e1 a conocer este mi\u00e9rcoles el veredicto en la megacausa de Campo de Mayo, donde declararon m\u00e1s de 300\u2026","rel":"","context":"En \u00abMemoria\u00bb","block_context":{"text":"Memoria","link":"https:\/\/www.24baires.com\/?cat=50"},"img":{"alt_text":"","src":"https:\/\/i0.wp.com\/www.24baires.com\/wp-content\/uploads\/2022\/07\/campo-mayo.jpg?resize=350%2C200","width":350,"height":200,"srcset":"https:\/\/i0.wp.com\/www.24baires.com\/wp-content\/uploads\/2022\/07\/campo-mayo.jpg?resize=350%2C200 1x, https:\/\/i0.wp.com\/www.24baires.com\/wp-content\/uploads\/2022\/07\/campo-mayo.jpg?resize=525%2C300 1.5x, https:\/\/i0.wp.com\/www.24baires.com\/wp-content\/uploads\/2022\/07\/campo-mayo.jpg?resize=700%2C400 2x"},"classes":[]}],"jetpack_sharing_enabled":true,"jetpack_likes_enabled":true,"_links":{"self":[{"href":"https:\/\/www.24baires.com\/index.php?rest_route=\/wp\/v2\/posts\/9826","targetHints":{"allow":["GET"]}}],"collection":[{"href":"https:\/\/www.24baires.com\/index.php?rest_route=\/wp\/v2\/posts"}],"about":[{"href":"https:\/\/www.24baires.com\/index.php?rest_route=\/wp\/v2\/types\/post"}],"author":[{"embeddable":true,"href":"https:\/\/www.24baires.com\/index.php?rest_route=\/wp\/v2\/users\/4"}],"replies":[{"embeddable":true,"href":"https:\/\/www.24baires.com\/index.php?rest_route=%2Fwp%2Fv2%2Fcomments&post=9826"}],"version-history":[{"count":2,"href":"https:\/\/www.24baires.com\/index.php?rest_route=\/wp\/v2\/posts\/9826\/revisions"}],"predecessor-version":[{"id":9828,"href":"https:\/\/www.24baires.com\/index.php?rest_route=\/wp\/v2\/posts\/9826\/revisions\/9828"}],"wp:attachment":[{"href":"https:\/\/www.24baires.com\/index.php?rest_route=%2Fwp%2Fv2%2Fmedia&parent=9826"}],"wp:term":[{"taxonomy":"category","embeddable":true,"href":"https:\/\/www.24baires.com\/index.php?rest_route=%2Fwp%2Fv2%2Fcategories&post=9826"},{"taxonomy":"post_tag","embeddable":true,"href":"https:\/\/www.24baires.com\/index.php?rest_route=%2Fwp%2Fv2%2Ftags&post=9826"}],"curies":[{"name":"wp","href":"https:\/\/api.w.org\/{rel}","templated":true}]}}