{"id":9812,"date":"2012-12-19T23:13:32","date_gmt":"2012-12-20T02:13:32","guid":{"rendered":"http:\/\/www.24baires.com\/?p=9812"},"modified":"2012-12-20T12:24:07","modified_gmt":"2012-12-20T15:24:07","slug":"quedo-aprobada-la-ley-de-trata","status":"publish","type":"post","link":"https:\/\/www.24baires.com\/?p=9812","title":{"rendered":"Qued\u00f3 aprobada la Ley de Trata"},"content":{"rendered":"<p>La C\u00e1mara baja de la Naci\u00f3n aprob\u00f3 el proyecto que modifica la ley sobre prevenci\u00f3n y sanci\u00f3n de la trata de personas, en una votaci\u00f3n un\u00e1nime de la que participaron 224 diputados.<!--more--><\/p>\n<p>El proyecto se debati\u00f3 en el marco de la convocatoria a sesiones extraordinarias impulsada por la presidenta Cristina Fern\u00e1ndez de Kirchner, tras conocerse el fallo de la justicia tucumana que absolvi\u00f3 a los 13 acusados de la desaparici\u00f3n de la joven Marita Ver\u00f3n.<\/p>\n<p>El debate se desarrolla con la presencia de Susana Trimarco, quien fue aplaudida por los diputados cuando el presidente de la C\u00e1mara, Juli\u00e1n Dom\u00ednguez, anunci\u00f3 su presencia en uno de los palcos del recinto.<\/p>\n<p>Tambi\u00e9n sigui\u00f3 el debate desde la C\u00e1mara baja, la senadora tucumana Beatriz Rojkes, esposa del gobernador de esa provincia, Jos\u00e9 Alperovich, y autora del proyecto que se debate hoy.<\/p>\n<p>Adem\u00e1s, los diputados sesionaron con fotos de Marita Ver\u00f3n con el reclamo de justicia en las bancas y otras im\u00e1genes con huellas de manos de color rojo con la leyenda \u00abNo a la Trata\u00bb.<\/p>\n<p>En el inicio de la sesi\u00f3n, el diputado nacional por R\u00edo Negro del Frente para la Victoria, Oscar Albrieu, asegur\u00f3 que la iniciativa \u00abes un paso m\u00e1s contra la injusticia\u00bb.<\/p>\n<p>\u00abVamos a votar convencidos esta ley porque es un paso m\u00e1s que damos en la lucha contra la injusticia, en la defensa de los olvidados de la historia\u00bb, enfatiz\u00f3 Albrieu, titular de la comisi\u00f3n de Legislaci\u00f3n Penal de la c\u00e1mara baja, al hablar en el recinto como miembro informante del dictamen de mayor\u00eda.<\/p>\n<p>&nbsp;<\/p>\n<p>&nbsp;<\/p>\n<p>&nbsp;<\/p>\n<p>&nbsp;<\/p>\n<p>&nbsp;<\/p>\n<p>&nbsp;<\/p>\n<p>&nbsp;<\/p>\n<p>&nbsp;<\/p>\n","protected":false},"excerpt":{"rendered":"<p>La C\u00e1mara baja de la Naci\u00f3n aprob\u00f3 el proyecto que modifica la ley sobre prevenci\u00f3n y sanci\u00f3n de la trata de personas, en una votaci\u00f3n un\u00e1nime de la que participaron 224 diputados.<\/p>\n","protected":false},"author":11,"featured_media":0,"comment_status":"open","ping_status":"open","sticky":false,"template":"","format":"standard","meta":{"_jetpack_newsletter_access":"","_jetpack_dont_email_post_to_subs":false,"_jetpack_newsletter_tier_id":0,"_jetpack_memberships_contains_paywalled_content":false,"_jetpack_memberships_contains_paid_content":false,"footnotes":""},"categories":[1],"tags":[],"class_list":["post-9812","post","type-post","status-publish","format-standard","hentry","category-sociedad"],"jetpack_featured_media_url":"","jetpack_shortlink":"https:\/\/wp.me\/p2JWE0-2yg","jetpack-related-posts":[{"id":118183,"url":"https:\/\/www.24baires.com\/?p=118183","url_meta":{"origin":9812,"position":0},"title":"Es Ley el Etiquetado Frontal de Alimentos","author":"GB","date":"27\/10\/2021","format":false,"excerpt":"La C\u00e1mara de Diputados aprob\u00f3 este martes el proyecto de Etiquetado Frontal que busca advertir a los consumidores sobre los excesos de algunos elementos nocivos para la salud La C\u00e1mara de Diputados aprob\u00f3 con 200 votos a favor, 22 en contra y 16 abstenciones, el proyecto de Etiquetado Frontal de\u2026","rel":"","context":"En \u00abPol\u00edtica\u00bb","block_context":{"text":"Pol\u00edtica","link":"https:\/\/www.24baires.com\/?cat=51"},"img":{"alt_text":"","src":"https:\/\/i0.wp.com\/www.24baires.com\/wp-content\/uploads\/2021\/10\/diputados-ley.jpg?resize=350%2C200","width":350,"height":200,"srcset":"https:\/\/i0.wp.com\/www.24baires.com\/wp-content\/uploads\/2021\/10\/diputados-ley.jpg?resize=350%2C200 1x, https:\/\/i0.wp.com\/www.24baires.com\/wp-content\/uploads\/2021\/10\/diputados-ley.jpg?resize=525%2C300 1.5x"},"classes":[]},{"id":9516,"url":"https:\/\/www.24baires.com\/?p=9516","url_meta":{"origin":9812,"position":1},"title":"Este martes se inicia el debate en el Congreso del proyecto sobre Trata de Personas","author":"Grupo Sierra","date":"17\/12\/2012","format":false,"excerpt":"El debate del proyecto fue incluido en el temario de convocatoria a sesiones extraordinarias del Congreso enviado la semana pasada por el Poder Ejecutivo, luego de conocerse el fallo de la justicia tucumana que absolvi\u00f3 a los 13 acusados por el secuestro y desaparici\u00f3n de Marita Ver\u00f3n. El debate en\u2026","rel":"","context":"En \u00abPol\u00edtica\u00bb","block_context":{"text":"Pol\u00edtica","link":"https:\/\/www.24baires.com\/?cat=51"},"img":{"alt_text":"","src":"","width":0,"height":0},"classes":[]},{"id":103757,"url":"https:\/\/www.24baires.com\/?p=103757","url_meta":{"origin":9812,"position":2},"title":"El Senado debate sobre la legalizaci\u00f3n del aborto","author":"AF","date":"08\/08\/2018","format":false,"excerpt":"Luego de la media sanci\u00f3n en Diputados y de un debate de seis semanas en el plenario de comisiones, al C\u00e1mara baja discute el hist\u00f3rico proyecto. El proyecto para la legalizaci\u00f3n del aborto se debate en el Senado tras la media sanci\u00f3n en Diputados y luego de seis semanas de\u2026","rel":"","context":"En \u00abSociedad\u00bb","block_context":{"text":"Sociedad","link":"https:\/\/www.24baires.com\/?cat=1"},"img":{"alt_text":"","src":"https:\/\/i0.wp.com\/www.24baires.com\/wp-content\/uploads\/2018\/02\/aborto-congreso.jpg?resize=350%2C200","width":350,"height":200,"srcset":"https:\/\/i0.wp.com\/www.24baires.com\/wp-content\/uploads\/2018\/02\/aborto-congreso.jpg?resize=350%2C200 1x, https:\/\/i0.wp.com\/www.24baires.com\/wp-content\/uploads\/2018\/02\/aborto-congreso.jpg?resize=525%2C300 1.5x"},"classes":[]},{"id":102814,"url":"https:\/\/www.24baires.com\/?p=102814","url_meta":{"origin":9812,"position":3},"title":"La despenalizaci\u00f3n del aborto tiene hoy los votos del Senado para aprobarse","author":"Grupo Sierra","date":"18\/06\/2018","format":false,"excerpt":"Un c\u00e1lculo preliminar sobre los votos ya anunciados por los senadores y las presunciones sobre las diversas posiciones da un resultado ajustado, pero por una diferencia de tres votos perder\u00eda el rechazo. A partir de la trabajosa aprobaci\u00f3n del proyecto de ley de interrupci\u00f3n voluntaria del embarazo, la pelota qued\u00f3\u2026","rel":"","context":"En \u00abLegislativo\u00bb","block_context":{"text":"Legislativo","link":"https:\/\/www.24baires.com\/?cat=75"},"img":{"alt_text":"Resultado de imagen para senado nacional","src":"https:\/\/i0.wp.com\/www.politicargentina.com\/advf\/imagenes\/2015\/10\/562ea4ff7f398_750x427.jpg?resize=350%2C200","width":350,"height":200,"srcset":"https:\/\/i0.wp.com\/www.politicargentina.com\/advf\/imagenes\/2015\/10\/562ea4ff7f398_750x427.jpg?resize=350%2C200 1x, https:\/\/i0.wp.com\/www.politicargentina.com\/advf\/imagenes\/2015\/10\/562ea4ff7f398_750x427.jpg?resize=525%2C300 1.5x"},"classes":[]},{"id":112034,"url":"https:\/\/www.24baires.com\/?p=112034","url_meta":{"origin":9812,"position":4},"title":"\u00abSi la oposici\u00f3n quiere ampliar el proyecto de emergencia alimentaria estaremos disponibles\u00bb","author":"GB","date":"11\/09\/2019","format":false,"excerpt":"El Presidente se mostr\u00f3 dispuesto a declarar el reclamo de las organizaciones sociales, que adem\u00e1s se debatir\u00e1 este jueves en Diputados. El presidente Mauricio Macri asegur\u00f3 este mi\u00e9rcoles que si la oposici\u00f3n \"quiere ampliar el proyecto (de emergencia alimentaria) estaremos disponibles\". Lo hizo en Santa Fe, en donde inaugur\u00f3 la\u2026","rel":"","context":"En \u00abPol\u00edtica\u00bb","block_context":{"text":"Pol\u00edtica","link":"https:\/\/www.24baires.com\/?cat=51"},"img":{"alt_text":"","src":"https:\/\/i0.wp.com\/www.24baires.com\/wp-content\/uploads\/2019\/08\/macri-voto.jpg?resize=350%2C200","width":350,"height":200,"srcset":"https:\/\/i0.wp.com\/www.24baires.com\/wp-content\/uploads\/2019\/08\/macri-voto.jpg?resize=350%2C200 1x, https:\/\/i0.wp.com\/www.24baires.com\/wp-content\/uploads\/2019\/08\/macri-voto.jpg?resize=525%2C300 1.5x"},"classes":[]},{"id":120949,"url":"https:\/\/www.24baires.com\/?p=120949","url_meta":{"origin":9812,"position":5},"title":"La Ley \u00d3mnibus no volver\u00e1 a tratarse","author":"AF","date":"07\/02\/2024","format":false,"excerpt":"Seg\u00fan el jefe de la bancada oficialista en la c\u00e1mara baja, esa fue la orden de Milei. El proyecto hab\u00eda vuelto a comisi\u00f3n tras interrumpirse la votaci\u00f3n en particular. El oficialismo de la C\u00e1mara de Diputados inform\u00f3 que no volver\u00e1 a tratarse la ley \"Bases\" por indicaci\u00f3n del presidente Javier\u2026","rel":"","context":"En \u00abPol\u00edtica\u00bb","block_context":{"text":"Pol\u00edtica","link":"https:\/\/www.24baires.com\/?cat=51"},"img":{"alt_text":"","src":"https:\/\/i0.wp.com\/www.24baires.com\/wp-content\/uploads\/2024\/02\/zago.jpg?resize=350%2C200","width":350,"height":200,"srcset":"https:\/\/i0.wp.com\/www.24baires.com\/wp-content\/uploads\/2024\/02\/zago.jpg?resize=350%2C200 1x, https:\/\/i0.wp.com\/www.24baires.com\/wp-content\/uploads\/2024\/02\/zago.jpg?resize=525%2C300 1.5x, https:\/\/i0.wp.com\/www.24baires.com\/wp-content\/uploads\/2024\/02\/zago.jpg?resize=700%2C400 2x"},"classes":[]}],"jetpack_sharing_enabled":true,"jetpack_likes_enabled":true,"_links":{"self":[{"href":"https:\/\/www.24baires.com\/index.php?rest_route=\/wp\/v2\/posts\/9812","targetHints":{"allow":["GET"]}}],"collection":[{"href":"https:\/\/www.24baires.com\/index.php?rest_route=\/wp\/v2\/posts"}],"about":[{"href":"https:\/\/www.24baires.com\/index.php?rest_route=\/wp\/v2\/types\/post"}],"author":[{"embeddable":true,"href":"https:\/\/www.24baires.com\/index.php?rest_route=\/wp\/v2\/users\/11"}],"replies":[{"embeddable":true,"href":"https:\/\/www.24baires.com\/index.php?rest_route=%2Fwp%2Fv2%2Fcomments&post=9812"}],"version-history":[{"count":3,"href":"https:\/\/www.24baires.com\/index.php?rest_route=\/wp\/v2\/posts\/9812\/revisions"}],"predecessor-version":[{"id":9814,"href":"https:\/\/www.24baires.com\/index.php?rest_route=\/wp\/v2\/posts\/9812\/revisions\/9814"}],"wp:attachment":[{"href":"https:\/\/www.24baires.com\/index.php?rest_route=%2Fwp%2Fv2%2Fmedia&parent=9812"}],"wp:term":[{"taxonomy":"category","embeddable":true,"href":"https:\/\/www.24baires.com\/index.php?rest_route=%2Fwp%2Fv2%2Fcategories&post=9812"},{"taxonomy":"post_tag","embeddable":true,"href":"https:\/\/www.24baires.com\/index.php?rest_route=%2Fwp%2Fv2%2Ftags&post=9812"}],"curies":[{"name":"wp","href":"https:\/\/api.w.org\/{rel}","templated":true}]}}