{"id":9790,"date":"2012-12-19T16:00:13","date_gmt":"2012-12-19T19:00:13","guid":{"rendered":"http:\/\/www.24baires.com\/?p=9790"},"modified":"2012-12-20T12:24:50","modified_gmt":"2012-12-20T15:24:50","slug":"la-corte-suprema-ya-tiene-en-sus-manos-el-pedido-de-per-saltum-y-debe-resolver-tratarlo","status":"publish","type":"post","link":"https:\/\/www.24baires.com\/?p=9790","title":{"rendered":"La Corte Suprema ya tiene en sus manos el pedido de &#8216;per saltum&#8217; y debe resolver tratarlo"},"content":{"rendered":"<p><a href=\"http:\/\/www.24baires.com\/medios\/9790-la-corte-suprema-ya-tiene-en-sus-manos-el-pedido-de-per-saltum-y-debe-resolver-tratarlo\/attachment\/corte-suprema\/\" rel=\"attachment wp-att-9793\"><img data-recalc-dims=\"1\" loading=\"lazy\" decoding=\"async\" class=\"aligncenter size-full wp-image-9793\" alt=\"corte suprema\" src=\"https:\/\/i0.wp.com\/www.24baires.com\/wp-content\/uploads\/2012\/12\/corte-suprema.jpg?resize=560%2C239\" width=\"560\" height=\"239\" srcset=\"https:\/\/i0.wp.com\/www.24baires.com\/wp-content\/uploads\/2012\/12\/corte-suprema.jpg?w=560&amp;ssl=1 560w, https:\/\/i0.wp.com\/www.24baires.com\/wp-content\/uploads\/2012\/12\/corte-suprema.jpg?resize=300%2C128&amp;ssl=1 300w\" sizes=\"auto, (max-width: 560px) 100vw, 560px\" \/><\/a><\/p>\n<p>La Corte Suprema de Justicia recibi\u00f3 el pedido del Gobierno de avocarse a la causa sobre la constitucionalidad de la ley de medios, sancionada hace tres a\u00f1os y bloqueada desde entonces por una medida cautelar. Ahora deber\u00e1 resolver si lo acepta.<!--more--><\/p>\n<p>La presentaci\u00f3n ante el m\u00e1ximo tribunal se realiz\u00f3 este mediod\u00eda poco despu\u00e9s de que el ministro de Justicia, Julio Alak, justificara la decisi\u00f3n en la \u201cgravedad institucional\u201d de la demora que implica la prorroga indefinida de la cautelar.<\/p>\n<p>El escrito fue firmado por el jefe de Gabinete de Ministros, Juan Abal Medina y es patrocinado por la Procuradora del Tesoro, Angelina Abbona, jefa de los abogados del Estado. El pedido ingres\u00f3 por Mesa de Entradas a las 13.20 bajo el n\u00famero de registro E 300\/2012 PVA (presentaciones varias).<\/p>\n<p>Fuentes judiciales dijeron que en este segundo pedido de per saltum, el gobierno manifest\u00f3 su \u201cagravio\u201d por aspectos del fallo del juez de primera instancia Horacio Alfonso, quien el viernes pasado declar\u00f3 la constitucionalidad plena de los art\u00edculos 161 y 45 de la ley, objetados por Clar\u00edn.<\/p>\n<p>En este aval, Alfonso tambi\u00e9n acept\u00f3 la legitimaci\u00f3n del grupo como parte de la querella objetada por el Estado dado que, pese a poseer 236 licencias, ninguna figura bajo esa denominaci\u00f3n sino a nombre de Cablevisi\u00f3n y otras empresas del multimedio.<\/p>\n<p>El per saltum fue sancionado hace un mes por el Congreso y establece que la Corte Suprema \u201cpodr\u00e1 rechazar el recurso sin m\u00e1s tr\u00e1mite si no se observaren prima facie los requisitos para su procedencia\u201d.<\/p>\n<p>&nbsp;<\/p>\n<p>&nbsp;<\/p>\n<p>&nbsp;<\/p>\n<p>&nbsp;<\/p>\n<p>&nbsp;<\/p>\n<p>&nbsp;<\/p>\n<p>&nbsp;<\/p>\n<p>&nbsp;<\/p>\n<p>&nbsp;<\/p>\n<p>&nbsp;<\/p>\n<p>&nbsp;<\/p>\n<p>&nbsp;<\/p>\n<p>&nbsp;<\/p>\n<p>&nbsp;<\/p>\n<p>&nbsp;<\/p>\n<p>&nbsp;<\/p>\n","protected":false},"excerpt":{"rendered":"<p>La Corte Suprema de Justicia recibi\u00f3 el pedido del Gobierno de avocarse a la causa sobre la constitucionalidad de la ley de medios, sancionada hace tres a\u00f1os y bloqueada desde entonces por una medida cautelar. Ahora deber\u00e1 resolver si lo acepta.<\/p>\n","protected":false},"author":11,"featured_media":0,"comment_status":"open","ping_status":"open","sticky":false,"template":"","format":"standard","meta":{"_jetpack_newsletter_access":"","_jetpack_dont_email_post_to_subs":false,"_jetpack_newsletter_tier_id":0,"_jetpack_memberships_contains_paywalled_content":false,"_jetpack_memberships_contains_paid_content":false,"footnotes":""},"categories":[54],"tags":[],"class_list":["post-9790","post","type-post","status-publish","format-standard","hentry","category-medios"],"jetpack_featured_media_url":"","jetpack_shortlink":"https:\/\/wp.me\/p2JWE0-2xU","jetpack-related-posts":[{"id":10904,"url":"https:\/\/www.24baires.com\/?p=10904","url_meta":{"origin":9790,"position":0},"title":"El Gobierno solicitar\u00e1 la habilitaci\u00f3n de la feria judicial para tratar la Ley de Medios","author":"AF","date":"01\/01\/2013","format":false,"excerpt":"El gobierno pedir\u00e1 este mi\u00e9rcoles, en el primer d\u00eda h\u00e1bil del a\u00f1o, que la C\u00e1mara Federal Civil y Comercial Federal habilite la feria judicial de enero para resolver con \u201cceleridad\u201d la causa planteada por el grupo Clar\u00edn contra la Ley de Medios. La presentaci\u00f3n la har\u00e1 a primera hora la\u2026","rel":"","context":"En \u00abMedios\u00bb","block_context":{"text":"Medios","link":"https:\/\/www.24baires.com\/?cat=54"},"img":{"alt_text":"","src":"","width":0,"height":0},"classes":[]},{"id":107617,"url":"https:\/\/www.24baires.com\/?p=107617","url_meta":{"origin":9790,"position":1},"title":"La Suprema Corte ratific\u00f3 la inaplicabilidad de la bonificaci\u00f3n docente","author":"GB","date":"11\/04\/2019","format":false,"excerpt":"MAR DEL PLATA-El m\u00e1ximo tribunal desestim\u00f3 la solicitud del Concejo de levantar la medida cautelar que ordena suspender la aplicaci\u00f3n de la ordenanza Por unanimidad, la Suprema Corte de Justicia ratific\u00f3 la inaplicabilidad de la bonificaci\u00f3n docente. De esta manera, el m\u00e1ximo tribunal desestim\u00f3 la solicitud del Concejo Deliberante de\u2026","rel":"","context":"En \u00abMunicipios\u00bb","block_context":{"text":"Municipios","link":"https:\/\/www.24baires.com\/?cat=44"},"img":{"alt_text":"","src":"https:\/\/i0.wp.com\/www.24baires.com\/wp-content\/uploads\/2017\/09\/arroyo-300x200.jpg?resize=350%2C200","width":350,"height":200},"classes":[]},{"id":108209,"url":"https:\/\/www.24baires.com\/?p=108209","url_meta":{"origin":9790,"position":2},"title":"El juicio a CFK por la obra p\u00fablica comenzar\u00e1 el pr\u00f3ximo martes, confirm\u00f3 la Corte Suprema","author":"AF","date":"16\/05\/2019","format":false,"excerpt":"El m\u00e1ximo tribunal anunci\u00f3 mediante un comunicado que devolver\u00e1 el expediente al TOF 2 \"en tiempo oportuno\", por lo que el inicio del debate judicial \"no se suspende\". La Corte Suprema confirm\u00f3 este jueves que el juicio contra la ex presidenta Cristina Kirchner por la obra p\u00fablica comenzar\u00e1 el pr\u00f3ximo\u2026","rel":"","context":"En \u00abJUDICIALES\u00bb","block_context":{"text":"JUDICIALES","link":"https:\/\/www.24baires.com\/?cat=68"},"img":{"alt_text":"","src":"https:\/\/i0.wp.com\/www.24baires.com\/wp-content\/uploads\/2017\/05\/corte-suprema.jpg?resize=350%2C200","width":350,"height":200,"srcset":"https:\/\/i0.wp.com\/www.24baires.com\/wp-content\/uploads\/2017\/05\/corte-suprema.jpg?resize=350%2C200 1x, https:\/\/i0.wp.com\/www.24baires.com\/wp-content\/uploads\/2017\/05\/corte-suprema.jpg?resize=525%2C300 1.5x"},"classes":[]},{"id":7018,"url":"https:\/\/www.24baires.com\/?p=7018","url_meta":{"origin":9790,"position":3},"title":"La Corte rechaz\u00f3 el pedido del grupo de Magnetto de prorrogar la cautelar","author":"Grupo Sierra","date":"27\/11\/2012","format":false,"excerpt":"La Corte rechaz\u00f3 el pedido del grupo que reclamaba una pr\u00f3rroga de la cautelar que paraliza la aplicaci\u00f3n del art\u00edculo 161 sobre la adecuaci\u00f3n de licencias e inst\u00f3 a los jueces a dictar \u201cuna sentencia de fondo\u201d. \u201cLa ley de medios est\u00e1 vigente y el AFSCA (Autoridad Federal de Servicio\u2026","rel":"","context":"En \u00abMedios\u00bb","block_context":{"text":"Medios","link":"https:\/\/www.24baires.com\/?cat=54"},"img":{"alt_text":"","src":"https:\/\/i0.wp.com\/www.24baires.com\/wp-content\/uploads\/2012\/11\/tribunales.jpg?resize=350%2C200","width":350,"height":200,"srcset":"https:\/\/i0.wp.com\/www.24baires.com\/wp-content\/uploads\/2012\/11\/tribunales.jpg?resize=350%2C200 1x, https:\/\/i0.wp.com\/www.24baires.com\/wp-content\/uploads\/2012\/11\/tribunales.jpg?resize=525%2C300 1.5x"},"classes":[]},{"id":59781,"url":"https:\/\/www.24baires.com\/?p=59781","url_meta":{"origin":9790,"position":4},"title":"Por la adecuaci\u00f3n de Clar\u00edn habilitan la feria judicial","author":"Grupo Sierra","date":"08\/01\/2015","format":false,"excerpt":"La Justicia hizo lugar a un planteo del AFSCA para que la justicia contin\u00fae adelante con el expediente durante el receso de verano. La medida la adopt\u00f3 el conjuez de primera instancia en lo Civil y Comercial Federal, Antonio Rojas Salinas, al hacer lugar a un reclamo de la Autoridad\u2026","rel":"","context":"En \u00abMedios\u00bb","block_context":{"text":"Medios","link":"https:\/\/www.24baires.com\/?cat=54"},"img":{"alt_text":"clar\u00edn mitre","src":"https:\/\/i0.wp.com\/www.24baires.com\/wp-content\/uploads\/2014\/11\/clar%C3%ADn-mitre.jpg?resize=350%2C200","width":350,"height":200,"srcset":"https:\/\/i0.wp.com\/www.24baires.com\/wp-content\/uploads\/2014\/11\/clar%C3%ADn-mitre.jpg?resize=350%2C200 1x, https:\/\/i0.wp.com\/www.24baires.com\/wp-content\/uploads\/2014\/11\/clar%C3%ADn-mitre.jpg?resize=525%2C300 1.5x"},"classes":[]},{"id":7153,"url":"https:\/\/www.24baires.com\/?p=7153","url_meta":{"origin":9790,"position":5},"title":"\u00abEl 7 de diciembre es la fecha final\u00bb","author":"AF","date":"28\/11\/2012","format":false,"excerpt":"El ministro de Justicia y Derechos Humanos, Julio Alak, asegur\u00f3 que \"el 7 de diciembre es la fecha final para las cautelares de Clar\u00edn\", luego de que la Corte Suprema de Justicia dispusiera este martes no otorgar una nueva pr\u00f3rroga al grupo medi\u00e1tico respecto al cumplimiento pleno de la Ley\u2026","rel":"","context":"En \u00abMedios\u00bb","block_context":{"text":"Medios","link":"https:\/\/www.24baires.com\/?cat=54"},"img":{"alt_text":"","src":"","width":0,"height":0},"classes":[]}],"jetpack_sharing_enabled":true,"jetpack_likes_enabled":true,"_links":{"self":[{"href":"https:\/\/www.24baires.com\/index.php?rest_route=\/wp\/v2\/posts\/9790","targetHints":{"allow":["GET"]}}],"collection":[{"href":"https:\/\/www.24baires.com\/index.php?rest_route=\/wp\/v2\/posts"}],"about":[{"href":"https:\/\/www.24baires.com\/index.php?rest_route=\/wp\/v2\/types\/post"}],"author":[{"embeddable":true,"href":"https:\/\/www.24baires.com\/index.php?rest_route=\/wp\/v2\/users\/11"}],"replies":[{"embeddable":true,"href":"https:\/\/www.24baires.com\/index.php?rest_route=%2Fwp%2Fv2%2Fcomments&post=9790"}],"version-history":[{"count":3,"href":"https:\/\/www.24baires.com\/index.php?rest_route=\/wp\/v2\/posts\/9790\/revisions"}],"predecessor-version":[{"id":9800,"href":"https:\/\/www.24baires.com\/index.php?rest_route=\/wp\/v2\/posts\/9790\/revisions\/9800"}],"wp:attachment":[{"href":"https:\/\/www.24baires.com\/index.php?rest_route=%2Fwp%2Fv2%2Fmedia&parent=9790"}],"wp:term":[{"taxonomy":"category","embeddable":true,"href":"https:\/\/www.24baires.com\/index.php?rest_route=%2Fwp%2Fv2%2Fcategories&post=9790"},{"taxonomy":"post_tag","embeddable":true,"href":"https:\/\/www.24baires.com\/index.php?rest_route=%2Fwp%2Fv2%2Ftags&post=9790"}],"curies":[{"name":"wp","href":"https:\/\/api.w.org\/{rel}","templated":true}]}}