{"id":9763,"date":"2012-12-19T16:53:25","date_gmt":"2012-12-19T19:53:25","guid":{"rendered":"http:\/\/www.24baires.com\/?p=9763"},"modified":"2012-12-19T16:53:37","modified_gmt":"2012-12-19T19:53:37","slug":"la-moda-de-crear-grupos-en-facebook-para-pedir-por-el-estado-de-las-rutas-bonaerenses","status":"publish","type":"post","link":"https:\/\/www.24baires.com\/?p=9763","title":{"rendered":"La moda de crear grupos en Facebook para pedir por el estado de las rutas bonaerenses"},"content":{"rendered":"<p><a href=\"http:\/\/www.24baires.com\/sociedad\/9763-la-moda-de-crear-grupos-en-facebook-para-pedir-por-el-estado-de-las-rutas-bonaerenses\/attachment\/carita-ruta-74\/\" rel=\"attachment wp-att-9764\"><img data-recalc-dims=\"1\" loading=\"lazy\" decoding=\"async\" class=\"aligncenter size-full wp-image-9764\" alt=\"carita ruta 74\" src=\"https:\/\/i0.wp.com\/www.24baires.com\/wp-content\/uploads\/2012\/12\/carita-ruta-74.jpg?resize=560%2C305\" width=\"560\" height=\"305\" srcset=\"https:\/\/i0.wp.com\/www.24baires.com\/wp-content\/uploads\/2012\/12\/carita-ruta-74.jpg?w=560&amp;ssl=1 560w, https:\/\/i0.wp.com\/www.24baires.com\/wp-content\/uploads\/2012\/12\/carita-ruta-74.jpg?resize=300%2C163&amp;ssl=1 300w\" sizes=\"auto, (max-width: 560px) 100vw, 560px\" \/><\/a><\/p>\n<p>Cansados de los accidentes viales, muchos vecinos bonaerenses utilizan las redes sociales para mostrar su fastidio por la falta de mantenimiento de las rutas provinciales. Suben fotos y testimonios de automovilistas que las transitan casi a diario y piden que se cumpla con las obras prometidas. Un llamado de atenci\u00f3n para los funcionarios.<!--more--><\/p>\n<p>En septiembre pasado vecinos de San Antonio de Areco mantuvieron cortada la ruta 41 que une Castelli con Baradero en sus casi 350 km. Durante varias horas reclamaron por el p\u00e9simo estado de esa v\u00eda.<\/p>\n<p>Pese a que consiguieron la promesa de obras por parte del Ministro de Infraestructura Alejandro Arl\u00eda y del Director Provincial de Vialidad, Ricardo Curetti, denuncian que \u201cni siquiera se mont\u00f3 el obrador\u201d.<\/p>\n<p>Quienes concurren asiduamente por esta ruta, fundaron un grupo en Facebook denominado \u201cArreglen la Ruta 41\u201d, en el cual sedenuncia sobre accidentes y suben fotos para mostrar y advertir sobre los peligros que hay en el camino.<\/p>\n<p>Tambi\u00e9n existe un grupo denominado \u201cV\u00edctimas de la Ruta 74\u201d, donde los usuarios de esa red social denuncian el \u201ccalamitoso estado\u201d de esa arteria que conecta a Benito Ju\u00e1rez con la ruta 11 en el empalme de Pinamar y reclaman \u201cla inmediata repavimentaci\u00f3n, porque queremos dejar de ser ciudadanos de cuarta en la provincia de Buenos Aires\u201d, seg\u00fan reza el cartel de bienvenida al sitio.<br \/>\nEn el tramo \u201cAyacucho-Tandil\u201d a alguien se le ocurri\u00f3 la idea de se\u00f1alizar \u201clos cr\u00e1teres\u201d dibujando caritas, para que los desprevenidos automovilistas puedan tomarse el tiempo para esquivarlos.<\/p>\n<p>Otra ruta que tambi\u00e9n tiene grupo en esta red social es la provincial n\u00famero 65, que a lo largo de sus 463 kil\u00f3metros entre General Arenales y Carhu\u00e9 presenta numerosos problemas, entre los que se enumeran: pozos de importantes dimensiones, ausencia de banquina, pastizales altos y una cantidad de accidentes fatales que asusta.<br \/>\nCon la consigna \u201cla uni\u00f3n hace la fuerza\u201d intentan conseguir que alg\u00fan funcionario se interiorice sobre un pedido que se repite en la mayor\u00eda de estos grupos: \u201cla repavimentaci\u00f3n de la calzada y que, una vez realizado esto, se realicen las tareas de mantenimiento\u201d.<\/p>\n<p>En tanto, vecinos de la ruta 6 (cuya licitaci\u00f3n de obras se realiz\u00f3 en septiembre pasado), denunciaron en un sitio web de Ca\u00f1uelas la cantidad de fallecidos y heridos por accidentes registrados en ese corredor: El informe releva 297 siniestros con 82 muertos y 253 heridos en el per\u00edodo comprendido entre los a\u00f1os 2004 y 2012.<\/p>\n<p>Vecinos del corredor de esa arteria crearon un grupo al que denominaron \u201cRuta 6, hagamos algo\u201d, en el que denuncian escasa iluminaci\u00f3n y hasta hay alguien que propone enumerar los pozos.<\/p>\n<p><a href=\"http:\/\/www.24baires.com\/sociedad\/9763-la-moda-de-crear-grupos-en-facebook-para-pedir-por-el-estado-de-las-rutas-bonaerenses\/attachment\/carita-2-ruta-74\/\" rel=\"attachment wp-att-9766\"><img data-recalc-dims=\"1\" loading=\"lazy\" decoding=\"async\" class=\"aligncenter size-full wp-image-9766\" alt=\"carita 2 ruta 74\" src=\"https:\/\/i0.wp.com\/www.24baires.com\/wp-content\/uploads\/2012\/12\/carita-2-ruta-74.jpg?resize=560%2C335\" width=\"560\" height=\"335\" srcset=\"https:\/\/i0.wp.com\/www.24baires.com\/wp-content\/uploads\/2012\/12\/carita-2-ruta-74.jpg?w=560&amp;ssl=1 560w, https:\/\/i0.wp.com\/www.24baires.com\/wp-content\/uploads\/2012\/12\/carita-2-ruta-74.jpg?resize=300%2C179&amp;ssl=1 300w\" sizes=\"auto, (max-width: 560px) 100vw, 560px\" \/><\/a><\/p>\n<p>Las fotos hablan por s\u00ed solas, todas muestran un estado preocupante del pavimento o lo que queda de \u00e9l y, debajo de una de las im\u00e1genes donde se ve un auto queriendo pasar a un veh\u00edculo de mayor porte, el administrador del sitio pregunta \u00bfa qui\u00e9n no le toco tener que ir a 30 (kil\u00f3metros por hora)detr\u00e1s de un cami\u00f3n?, mientras que otro usuario le responde \u201cSi te tiras a pasarlo, capaz te com\u00e9s un pozo y rompes el auto. O te mat\u00e1s\u201d, advierte.<\/p>\n<p>Por \u00faltimo, \u201cRutas Bonaerenses\u201d, creado recientemente, promete recopilar fotos de todos los caminos provinciales que presenten dificultades, falta de obras o mantenimiento y para eso invita a cada persona que se agregue al grupo a enviar informaci\u00f3n e im\u00e1genes que grafiquen la situaci\u00f3n.<\/p>\n<p>Con la consigna \u201csuban fotos con ruta, kil\u00f3metro y fecha para que nuestras autoridades hagan lo que deben, porque no es un favor, es un derecho nuestro y una obligaci\u00f3n de ellos\u201d, quieren levantar la bandera de todos los reclamos y esperar alguna respuesta por parte de alg\u00fan funcionario.<\/p>\n","protected":false},"excerpt":{"rendered":"<p>Cansados de los accidentes viales, muchos vecinos bonaerenses utilizan las redes sociales para mostrar su fastidio por la falta de mantenimiento de las rutas provinciales. Suben fotos y testimonios de automovilistas que las transitan casi a diario y piden que se cumpla con las obras prometidas. Un llamado de atenci\u00f3n para los funcionarios.<\/p>\n","protected":false},"author":11,"featured_media":0,"comment_status":"open","ping_status":"open","sticky":false,"template":"","format":"standard","meta":{"_jetpack_newsletter_access":"","_jetpack_dont_email_post_to_subs":false,"_jetpack_newsletter_tier_id":0,"_jetpack_memberships_contains_paywalled_content":false,"_jetpack_memberships_contains_paid_content":false,"footnotes":""},"categories":[1],"tags":[],"class_list":["post-9763","post","type-post","status-publish","format-standard","hentry","category-sociedad"],"jetpack_featured_media_url":"","jetpack_shortlink":"https:\/\/wp.me\/p2JWE0-2xt","jetpack-related-posts":[{"id":47259,"url":"https:\/\/www.24baires.com\/?p=47259","url_meta":{"origin":9763,"position":0},"title":"Licitaron obras para las Rutas Provinciales 30, 51, 76 y 80","author":"AF","date":"03\/06\/2014","format":false,"excerpt":"Con un presupuesto oficial de casi 100 millones de pesos, el ministerio de Infraestructura bonaerense licit\u00f3 este lunes obras viales de rehabilitaci\u00f3n y mejoramiento para las rutas provinciales que atraviesan los partidos de Olavarr\u00eda, Gral. La Madrid, Azul, Rauch, Tapalqu\u00e9, Saladillo, Laprida y Gral. Alvear. En tanto, el titular de\u2026","rel":"","context":"En \u00abLocales\u00bb","block_context":{"text":"Locales","link":"https:\/\/www.24baires.com\/?cat=38"},"img":{"alt_text":"ruta partida","src":"https:\/\/i0.wp.com\/www.24baires.com\/wp-content\/uploads\/2012\/11\/ruta-50.jpg?resize=350%2C200","width":350,"height":200,"srcset":"https:\/\/i0.wp.com\/www.24baires.com\/wp-content\/uploads\/2012\/11\/ruta-50.jpg?resize=350%2C200 1x, https:\/\/i0.wp.com\/www.24baires.com\/wp-content\/uploads\/2012\/11\/ruta-50.jpg?resize=525%2C300 1.5x"},"classes":[]},{"id":54185,"url":"https:\/\/www.24baires.com\/?p=54185","url_meta":{"origin":9763,"position":1},"title":"La mayor\u00eda de las rutas bonaerenses no est\u00e1n asfaltadas","author":"AF","date":"24\/09\/2014","format":false,"excerpt":"Son casi 26 mil kil\u00f3metros. Los caminos asfaltados, en tanto, llegan a cubrir un poco m\u00e1s de 10.600 Km. Y las rutas nacionales que pasan por la provincia, son las de mayor \u00edndice de peligrosidad. Las cifras sobre caminos asfaltados y de tierra pertenecen a la Direcci\u00f3n de Vialidad provincial,\u2026","rel":"","context":"En \u00abProvincia\u00bb","block_context":{"text":"Provincia","link":"https:\/\/www.24baires.com\/?cat=40"},"img":{"alt_text":"ruta sin asfalto","src":"https:\/\/i0.wp.com\/www.24baires.com\/wp-content\/uploads\/2014\/09\/ruta-sin-asfalto.jpg?resize=350%2C200","width":350,"height":200,"srcset":"https:\/\/i0.wp.com\/www.24baires.com\/wp-content\/uploads\/2014\/09\/ruta-sin-asfalto.jpg?resize=350%2C200 1x, https:\/\/i0.wp.com\/www.24baires.com\/wp-content\/uploads\/2014\/09\/ruta-sin-asfalto.jpg?resize=525%2C300 1.5x"},"classes":[]},{"id":31837,"url":"https:\/\/www.24baires.com\/?p=31837","url_meta":{"origin":9763,"position":2},"title":"En octubre repavimentar\u00e1n la Ruta 41","author":"GB","date":"14\/09\/2013","format":false,"excerpt":"MERCEDES- Juan Ignacio Ustarroz confirm\u00f3 que en octubre se har\u00e1 la licitaci\u00f3n para la repavimentaci\u00f3n total de la Ruta provincial 41. Asegur\u00f3 que \"las obras ser\u00e1n el resultado de un trabajo en equipo con los vecinos de la Comisi\u00f3n, la confirmaci\u00f3n de que tenemos que tirar todos para el mismo\u2026","rel":"","context":"En \u00abLocales\u00bb","block_context":{"text":"Locales","link":"https:\/\/www.24baires.com\/?cat=38"},"img":{"alt_text":"Mercedes","src":"https:\/\/i0.wp.com\/www.24baires.com\/wp-content\/uploads\/2013\/09\/Mercedes.jpg?resize=350%2C200","width":350,"height":200,"srcset":"https:\/\/i0.wp.com\/www.24baires.com\/wp-content\/uploads\/2013\/09\/Mercedes.jpg?resize=350%2C200 1x, https:\/\/i0.wp.com\/www.24baires.com\/wp-content\/uploads\/2013\/09\/Mercedes.jpg?resize=525%2C300 1.5x"},"classes":[]},{"id":115874,"url":"https:\/\/www.24baires.com\/?p=115874","url_meta":{"origin":9763,"position":3},"title":"Alberto anuncia obras en rutas bonaerenses","author":"GB","date":"06\/08\/2020","format":false,"excerpt":"Axel Kicillof participar\u00e1 del evento que impulsar\u00e1 el reinicio de las obras para convertir en semi-autopista el Corredor del Atl\u00e1ntico, sobre rutas provinciales N\u00b011 y N\u00b056. Las otras provincias beneficiadas ser\u00e1n Entre R\u00edos, Corrientes, San Juan y Santa Cruz. El presidente Alberto Fern\u00e1ndez anunciar\u00e1 hoy desde Olivos la ejecuci\u00f3n de\u2026","rel":"","context":"En \u00abPol\u00edtica\u00bb","block_context":{"text":"Pol\u00edtica","link":"https:\/\/www.24baires.com\/?cat=51"},"img":{"alt_text":"","src":"https:\/\/i0.wp.com\/www.24baires.com\/wp-content\/uploads\/2020\/07\/alberto-f.jpg?resize=350%2C200","width":350,"height":200,"srcset":"https:\/\/i0.wp.com\/www.24baires.com\/wp-content\/uploads\/2020\/07\/alberto-f.jpg?resize=350%2C200 1x, https:\/\/i0.wp.com\/www.24baires.com\/wp-content\/uploads\/2020\/07\/alberto-f.jpg?resize=525%2C300 1.5x"},"classes":[]},{"id":14722,"url":"https:\/\/www.24baires.com\/?p=14722","url_meta":{"origin":9763,"position":4},"title":"Intendentes colocan carteler\u00eda alertando sobre el mal estado de las rutas","author":"AF","date":"05\/02\/2013","format":false,"excerpt":"En el acceso a Alvear se coloc\u00f3 un mensaje por el mal estado de la Ruta Provincial 61 y los reiterados accidentes. \u201cAtenci\u00f3n: ruta provincial en mal estado. Circule con precauci\u00f3n\u201d. El mensaje est\u00e1 firmado por el intendente Alejandro Celillo y fue colocado semanas atr\u00e1s en el acceso al distrito\u2026","rel":"","context":"En \u00abPol\u00edtica\u00bb","block_context":{"text":"Pol\u00edtica","link":"https:\/\/www.24baires.com\/?cat=51"},"img":{"alt_text":"cartel mal estado ruta","src":"https:\/\/i0.wp.com\/www.24baires.com\/wp-content\/uploads\/2013\/02\/cartel-mal-estado-ruta.jpg?resize=350%2C200","width":350,"height":200,"srcset":"https:\/\/i0.wp.com\/www.24baires.com\/wp-content\/uploads\/2013\/02\/cartel-mal-estado-ruta.jpg?resize=350%2C200 1x, https:\/\/i0.wp.com\/www.24baires.com\/wp-content\/uploads\/2013\/02\/cartel-mal-estado-ruta.jpg?resize=525%2C300 1.5x"},"classes":[]},{"id":47605,"url":"https:\/\/www.24baires.com\/?p=47605","url_meta":{"origin":9763,"position":5},"title":"Sufri\u00f3 accidente en una ruta de Pig\u00fce y demand\u00f3 a Scioli","author":"Grupo Sierra","date":"07\/06\/2014","format":false,"excerpt":"Guillermo Riega, un vecino de Pig\u00fce, demand\u00f3 al gobernador Daniel Scioli, al ministro de Obras P\u00fablicas Alejandro Arl\u00eda y a la Administradora General de la direcci\u00f3n de Vialidad Provincial Patricia Tombesi, por un incidente de tr\u00e1nsito que vivi\u00f3 debido al mal estado de la ruta provincial 67. La demanda es\u2026","rel":"","context":"En \u00abProvincia\u00bb","block_context":{"text":"Provincia","link":"https:\/\/www.24baires.com\/?cat=40"},"img":{"alt_text":"ruta","src":"https:\/\/i0.wp.com\/www.24baires.com\/wp-content\/uploads\/2013\/12\/ruta.jpg?resize=350%2C200","width":350,"height":200,"srcset":"https:\/\/i0.wp.com\/www.24baires.com\/wp-content\/uploads\/2013\/12\/ruta.jpg?resize=350%2C200 1x, https:\/\/i0.wp.com\/www.24baires.com\/wp-content\/uploads\/2013\/12\/ruta.jpg?resize=525%2C300 1.5x"},"classes":[]}],"jetpack_sharing_enabled":true,"jetpack_likes_enabled":true,"_links":{"self":[{"href":"https:\/\/www.24baires.com\/index.php?rest_route=\/wp\/v2\/posts\/9763","targetHints":{"allow":["GET"]}}],"collection":[{"href":"https:\/\/www.24baires.com\/index.php?rest_route=\/wp\/v2\/posts"}],"about":[{"href":"https:\/\/www.24baires.com\/index.php?rest_route=\/wp\/v2\/types\/post"}],"author":[{"embeddable":true,"href":"https:\/\/www.24baires.com\/index.php?rest_route=\/wp\/v2\/users\/11"}],"replies":[{"embeddable":true,"href":"https:\/\/www.24baires.com\/index.php?rest_route=%2Fwp%2Fv2%2Fcomments&post=9763"}],"version-history":[{"count":3,"href":"https:\/\/www.24baires.com\/index.php?rest_route=\/wp\/v2\/posts\/9763\/revisions"}],"predecessor-version":[{"id":9769,"href":"https:\/\/www.24baires.com\/index.php?rest_route=\/wp\/v2\/posts\/9763\/revisions\/9769"}],"wp:attachment":[{"href":"https:\/\/www.24baires.com\/index.php?rest_route=%2Fwp%2Fv2%2Fmedia&parent=9763"}],"wp:term":[{"taxonomy":"category","embeddable":true,"href":"https:\/\/www.24baires.com\/index.php?rest_route=%2Fwp%2Fv2%2Fcategories&post=9763"},{"taxonomy":"post_tag","embeddable":true,"href":"https:\/\/www.24baires.com\/index.php?rest_route=%2Fwp%2Fv2%2Ftags&post=9763"}],"curies":[{"name":"wp","href":"https:\/\/api.w.org\/{rel}","templated":true}]}}