{"id":9754,"date":"2012-12-19T17:30:32","date_gmt":"2012-12-19T20:30:32","guid":{"rendered":"http:\/\/www.24baires.com\/?p=9754"},"modified":"2012-12-19T17:30:50","modified_gmt":"2012-12-19T20:30:50","slug":"condenan-a-12-anos-de-prision-a-una-partera-por-apropiacion-de-menores","status":"publish","type":"post","link":"https:\/\/www.24baires.com\/?p=9754","title":{"rendered":"Condenan a 12 a\u00f1os de prisi\u00f3n a una partera por apropiaci\u00f3n de menores"},"content":{"rendered":"<p><strong>SAN MART\u00cdN &#8211;<\/strong> Lo decidi\u00f3 este mi\u00e9rcoles el Tribunal Oral en lo Criminal Federal N\u00b0 2 de San Mart\u00edn. Se trat\u00f3 de una investigaci\u00f3n por el caso de tres mujeres nacidas entre 1969 y 1978. Las v\u00edctimas fueron las propias denunciantes.<!--more--><\/p>\n<p>El Tribunal Oral Federal N\u00ba 2 de San Mart\u00edn, integrado por los jueces Daniel Alberto Cisneros, Daniel Antonio Petrone y H\u00e9ctor Omar Sagretti, conden\u00f3 este mi\u00e9rcoles a Nilda Bomina Civale a la pena de doce a\u00f1os de prisi\u00f3n, con accesorias legales, multa de $90.000 y costas, por ser coautora del delito de sustracci\u00f3n y ocultamiento de menores, supresi\u00f3n del estado civil y falsedad ideol\u00f3gica de documento p\u00fablico, tres hechos en concurso real entre s\u00ed en perjuicio de Andrea Fabiana Belmonte, Patricia Guadalupe Uriondo y Clara Lis Pereyra, hechos ocurridos entre 1969 y 1978.<\/p>\n<p>El tribunal adem\u00e1s rechaz\u00f3 los pedidos de prescripci\u00f3n de la acci\u00f3n penal realizados por la defensa.<\/p>\n<p>Seg\u00fan la acusaci\u00f3n del fiscal de juicio, Alberto Adri\u00e1n Gentili, la imputada, de profesi\u00f3n obst\u00e9trica, atend\u00eda clandestinamente partos en el Partido de La Matanza, y con fin de lucro entregaba los reci\u00e9n nacidos a otras familias, adulterando las constancias de nacimiento, sustrayendo as\u00ed a los menores, quienes a\u00fan hoy desconocen su verdadera identidad al continuar el ocultamiento por parte de ella.<\/p>\n<p>El fiscal general se\u00f1al\u00f3 que \u201choy las querellantes saben quienes no son, pero no saben a\u00fan quienes son\u201d. La querella y el fiscal indicaron adem\u00e1s que estos tres casos juzgados son s\u00f3lo parte de una maniobra mayor, existiendo en investigaci\u00f3n varios otros casos\u00a0atribuidos\u00a0a Civale.<br \/>\nLa difusi\u00f3n de los fundamentos de la sentencia est\u00e1 prevista para el pr\u00f3ximo 7 de febrero.<\/p>\n<p>&nbsp;<\/p>\n<p>&nbsp;<\/p>\n<p>&nbsp;<\/p>\n","protected":false},"excerpt":{"rendered":"<p>SAN MART\u00cdN &#8211; Lo decidi\u00f3 este mi\u00e9rcoles el Tribunal Oral en lo Criminal Federal N\u00b0 2 de San Mart\u00edn. Se trat\u00f3 de una investigaci\u00f3n por el caso de tres mujeres nacidas entre 1969 y 1978. Las v\u00edctimas fueron las propias denunciantes.<\/p>\n","protected":false},"author":11,"featured_media":0,"comment_status":"open","ping_status":"open","sticky":false,"template":"","format":"standard","meta":{"_jetpack_newsletter_access":"","_jetpack_dont_email_post_to_subs":false,"_jetpack_newsletter_tier_id":0,"_jetpack_memberships_contains_paywalled_content":false,"_jetpack_memberships_contains_paid_content":false,"footnotes":""},"categories":[1],"tags":[],"class_list":["post-9754","post","type-post","status-publish","format-standard","hentry","category-sociedad"],"jetpack_featured_media_url":"","jetpack_shortlink":"https:\/\/wp.me\/p2JWE0-2xk","jetpack-related-posts":[{"id":117997,"url":"https:\/\/www.24baires.com\/?p=117997","url_meta":{"origin":9754,"position":0},"title":"Condenaron a 24 a\u00f1os de prisi\u00f3n al Tigre Acosta por delitos sexuales en la ESMA","author":"AF","date":"13\/08\/2021","format":false,"excerpt":"El Tribunal Oral Federal 5 conden\u00f3 adem\u00e1s a 20 a\u00f1os de c\u00e1rcel a otro represor que integr\u00f3 el grupo de tareas 3.3.2, Alberto Gonz\u00e1lez. En ambos casos las penas fueron unificadas a prisi\u00f3n perpetua por la sumatoria de condenas anteriores. El Tribunal Oral Federal 5 conden\u00f3 hoy a 24 a\u00f1os\u2026","rel":"","context":"En \u00abSociedad\u00bb","block_context":{"text":"Sociedad","link":"https:\/\/www.24baires.com\/?cat=1"},"img":{"alt_text":"","src":"https:\/\/i0.wp.com\/www.24baires.com\/wp-content\/uploads\/2013\/01\/ESMA.jpg?resize=350%2C200","width":350,"height":200,"srcset":"https:\/\/i0.wp.com\/www.24baires.com\/wp-content\/uploads\/2013\/01\/ESMA.jpg?resize=350%2C200 1x, https:\/\/i0.wp.com\/www.24baires.com\/wp-content\/uploads\/2013\/01\/ESMA.jpg?resize=525%2C300 1.5x"},"classes":[]},{"id":105879,"url":"https:\/\/www.24baires.com\/?p=105879","url_meta":{"origin":9754,"position":1},"title":"Condenaron por delitos de lesa humanidad a dos ex directivos de Ford","author":"GB","date":"12\/12\/2018","format":false,"excerpt":"El Tribunal Oral Federal 1 de San Mart\u00edn conden\u00f3 a Pedro M\u00fcller y a H\u00e9ctor Sibila a 10 y a 12 a\u00f1os de prisi\u00f3n, respectivamente, por secuestros y torturas en la planta de General Pacheco. Tambi\u00e9n le dio 15 a\u00f1os al militar Santiago Riveros. El Tribunal Oral en lo Criminal\u2026","rel":"","context":"En \u00abMemoria\u00bb","block_context":{"text":"Memoria","link":"https:\/\/www.24baires.com\/?cat=50"},"img":{"alt_text":"","src":"https:\/\/i0.wp.com\/www.24baires.com\/wp-content\/uploads\/2018\/12\/ford-lesa-humanidad.jpg?resize=350%2C200","width":350,"height":200,"srcset":"https:\/\/i0.wp.com\/www.24baires.com\/wp-content\/uploads\/2018\/12\/ford-lesa-humanidad.jpg?resize=350%2C200 1x, https:\/\/i0.wp.com\/www.24baires.com\/wp-content\/uploads\/2018\/12\/ford-lesa-humanidad.jpg?resize=525%2C300 1.5x"},"classes":[]},{"id":101922,"url":"https:\/\/www.24baires.com\/?p=101922","url_meta":{"origin":9754,"position":2},"title":"Se conocer\u00e1 la sentencia del juicio por los ataques neonazis","author":"GB","date":"03\/05\/2018","format":false,"excerpt":"MAR DEL PLATA-Se resolver\u00e1 esta ma\u00f1ana en el Tribunal Oral Federal N\u00b0 1, compuesto por los jueces Roberto Falcone, Mario Portela y Bernardo Bibel. Se conocer\u00e1 hoy en el Tribunal Oral Federal N\u00b0 1, compuesto por los jueces Roberto Falcone, Mario Portela y Bernardo Bibel, la sentencia por los ataques\u2026","rel":"","context":"En \u00abPol\u00edtica\u00bb","block_context":{"text":"Pol\u00edtica","link":"https:\/\/www.24baires.com\/?cat=51"},"img":{"alt_text":"","src":"https:\/\/i0.wp.com\/www.24baires.com\/wp-content\/uploads\/2018\/05\/juicio-nazi.jpg?resize=350%2C200","width":350,"height":200,"srcset":"https:\/\/i0.wp.com\/www.24baires.com\/wp-content\/uploads\/2018\/05\/juicio-nazi.jpg?resize=350%2C200 1x, https:\/\/i0.wp.com\/www.24baires.com\/wp-content\/uploads\/2018\/05\/juicio-nazi.jpg?resize=525%2C300 1.5x"},"classes":[]},{"id":118096,"url":"https:\/\/www.24baires.com\/?p=118096","url_meta":{"origin":9754,"position":3},"title":"Condenaron a perpetua a tres exmiembros del Ej\u00e9rcito por violar derechos humanos","author":"AF","date":"04\/10\/2021","format":false,"excerpt":"El tribunal estableci\u00f3 la prisi\u00f3n perpetua para los exoficiales de Inteligencia del Ej\u00e9rcito Carlos Alberto Su\u00e1rez, Rub\u00e9n Enrique Fern\u00e1ndez y Carlos V\u00edctor Milanese, como coautores de los delitos \"privaci\u00f3n ileg\u00edtima de la libertad agravada por mediar violencia y amenazas e imposici\u00f3n de tormentos agravado por haberse cometido en perjuicio de\u2026","rel":"","context":"En \u00abJUDICIALES\u00bb","block_context":{"text":"JUDICIALES","link":"https:\/\/www.24baires.com\/?cat=68"},"img":{"alt_text":"","src":"https:\/\/i0.wp.com\/www.24baires.com\/wp-content\/uploads\/2020\/03\/dia-de-la-memoria.jpg?resize=350%2C200","width":350,"height":200,"srcset":"https:\/\/i0.wp.com\/www.24baires.com\/wp-content\/uploads\/2020\/03\/dia-de-la-memoria.jpg?resize=350%2C200 1x, https:\/\/i0.wp.com\/www.24baires.com\/wp-content\/uploads\/2020\/03\/dia-de-la-memoria.jpg?resize=525%2C300 1.5x"},"classes":[]},{"id":30936,"url":"https:\/\/www.24baires.com\/?p=30936","url_meta":{"origin":9754,"position":4},"title":"Campo de Mayo: fueron condenados  tres represores","author":"GB","date":"28\/08\/2013","format":false,"excerpt":"Fueron condenados a prisi\u00f3n, por delitos de lesa humanidad cometidos en Campo de Mayo durante la dictadura, en el juicio llevado adelante por el Tribunal Oral en lo Criminal Federal N\u00b05 de San Mart\u00edn. Los condenados fueron Santiago Omar Riveros a 25 a\u00f1os de prisi\u00f3n a cumplirse en Ezeiza, siendo\u2026","rel":"","context":"En \u00abMemoria\u00bb","block_context":{"text":"Memoria","link":"https:\/\/www.24baires.com\/?cat=50"},"img":{"alt_text":"","src":"","width":0,"height":0},"classes":[]},{"id":93451,"url":"https:\/\/www.24baires.com\/?p=93451","url_meta":{"origin":9754,"position":5},"title":"San Mart\u00edn: condenas de hasta 30 a\u00f1os de prisi\u00f3n por secuestros extorsivos","author":"AF","date":"30\/03\/2017","format":false,"excerpt":"Los hechos tuvieron lugar entre mediados de 2014 y principios de 2015, en la zona oeste del conurbano. Una de las v\u00edctimas era discapacitada. El Tribunal Oral en lo Criminal Federal N\u00b02 de San Mart\u00edn resolvi\u00f3 en l\u00ednea con la solicitud de pena de la fiscal Gentili. En concordancia con\u2026","rel":"","context":"En \u00abJUDICIALES\u00bb","block_context":{"text":"JUDICIALES","link":"https:\/\/www.24baires.com\/?cat=68"},"img":{"alt_text":"","src":"https:\/\/i0.wp.com\/www.24baires.com\/wp-content\/uploads\/2014\/05\/secuestro-virtual.jpg?resize=350%2C200","width":350,"height":200,"srcset":"https:\/\/i0.wp.com\/www.24baires.com\/wp-content\/uploads\/2014\/05\/secuestro-virtual.jpg?resize=350%2C200 1x, https:\/\/i0.wp.com\/www.24baires.com\/wp-content\/uploads\/2014\/05\/secuestro-virtual.jpg?resize=525%2C300 1.5x"},"classes":[]}],"jetpack_sharing_enabled":true,"jetpack_likes_enabled":true,"_links":{"self":[{"href":"https:\/\/www.24baires.com\/index.php?rest_route=\/wp\/v2\/posts\/9754","targetHints":{"allow":["GET"]}}],"collection":[{"href":"https:\/\/www.24baires.com\/index.php?rest_route=\/wp\/v2\/posts"}],"about":[{"href":"https:\/\/www.24baires.com\/index.php?rest_route=\/wp\/v2\/types\/post"}],"author":[{"embeddable":true,"href":"https:\/\/www.24baires.com\/index.php?rest_route=\/wp\/v2\/users\/11"}],"replies":[{"embeddable":true,"href":"https:\/\/www.24baires.com\/index.php?rest_route=%2Fwp%2Fv2%2Fcomments&post=9754"}],"version-history":[{"count":3,"href":"https:\/\/www.24baires.com\/index.php?rest_route=\/wp\/v2\/posts\/9754\/revisions"}],"predecessor-version":[{"id":9771,"href":"https:\/\/www.24baires.com\/index.php?rest_route=\/wp\/v2\/posts\/9754\/revisions\/9771"}],"wp:attachment":[{"href":"https:\/\/www.24baires.com\/index.php?rest_route=%2Fwp%2Fv2%2Fmedia&parent=9754"}],"wp:term":[{"taxonomy":"category","embeddable":true,"href":"https:\/\/www.24baires.com\/index.php?rest_route=%2Fwp%2Fv2%2Fcategories&post=9754"},{"taxonomy":"post_tag","embeddable":true,"href":"https:\/\/www.24baires.com\/index.php?rest_route=%2Fwp%2Fv2%2Ftags&post=9754"}],"curies":[{"name":"wp","href":"https:\/\/api.w.org\/{rel}","templated":true}]}}