{"id":9748,"date":"2012-12-19T09:20:23","date_gmt":"2012-12-19T12:20:23","guid":{"rendered":"http:\/\/www.24baires.com\/?p=9748"},"modified":"2012-12-19T15:40:23","modified_gmt":"2012-12-19T18:40:23","slug":"brandsen-ya-esta-disenado-el-monumento-homenaje-a-cabo-y-pirles","status":"publish","type":"post","link":"https:\/\/www.24baires.com\/?p=9748","title":{"rendered":"Brandsen: ya est\u00e1 dise\u00f1ado el monumento homenaje a Cabo y Pirles"},"content":{"rendered":"<p><a href=\"http:\/\/www.24baires.com\/sociedad\/9748-brandsen-ya-esta-disenado-el-monumento-homenaje-a-cabo-y-pirles\/attachment\/brandsen-monumento\/\" rel=\"attachment wp-att-9749\"><img data-recalc-dims=\"1\" loading=\"lazy\" decoding=\"async\" class=\"aligncenter size-full wp-image-9749\" alt=\"brandsen monumento\" src=\"https:\/\/i0.wp.com\/www.24baires.com\/wp-content\/uploads\/2012\/12\/brandsen-monumento.jpg?resize=560%2C420\" width=\"560\" height=\"420\" srcset=\"https:\/\/i0.wp.com\/www.24baires.com\/wp-content\/uploads\/2012\/12\/brandsen-monumento.jpg?w=560&amp;ssl=1 560w, https:\/\/i0.wp.com\/www.24baires.com\/wp-content\/uploads\/2012\/12\/brandsen-monumento.jpg?resize=300%2C225&amp;ssl=1 300w\" sizes=\"auto, (max-width: 560px) 100vw, 560px\" \/><\/a><\/p>\n<p>El monumento homenaje\u00a0a los fusilados\u00a0<b>Dardo Cabo<\/b>\u00a0y\u00a0<b>Rufino Pirles <\/b>el 6 de enero de 1977, ya \u00a0fue dise\u00f1ado. El mismo ser\u00e1 emplazado en el kil\u00f3metro 56 de la ruta 215, en <strong>Brandsen<\/strong>.\u00a0<!--more--><\/p>\n<p>&nbsp;<\/p>\n<p>La obra ser\u00e1 llevada a cabo por la\u00a0Direcci\u00f3n de Proyectos Especiales, perteneciente al Ministerio de Infraestructura bonaerense. Seg\u00fan lo detallado en un comunicado del Municipio de Brandsen\u00a0\u201cLa tem\u00e1tica fue impulsada por el concejal Giovannone en el mes de septiembre del a\u00f1o 2010 mediante la Ordenanza N\u00ba 1442. Posteriormente en el mes de julio del 2012 se solicit\u00f3 la obra mediante la Resoluci\u00f3n N\u00ba 19-12\u201d.<\/p>\n<p>Dardo Cabo y Rufino Pirles pasaron a la historia por formar parte del \u00abOperativo C\u00f3ndor\u00bb, donde desviaron un avi\u00f3n de Aerol\u00edneas Argentinas y lo obligaron a aterrizar en las Islas Malvinas. Estos j\u00f3venes, posteriormente detenidos, fueron asesinados a mansalva en el kil\u00f3metro 56 de la ruta 215, justamente donde se emplazar\u00e1 este monumento.<\/p>\n","protected":false},"excerpt":{"rendered":"<p>El monumento homenaje\u00a0a los fusilados\u00a0Dardo Cabo\u00a0y\u00a0Rufino Pirles el 6 de enero de 1977, ya \u00a0fue dise\u00f1ado. El mismo ser\u00e1 emplazado en el kil\u00f3metro 56 de la ruta 215, en Brandsen.\u00a0<\/p>\n","protected":false},"author":4,"featured_media":0,"comment_status":"open","ping_status":"open","sticky":false,"template":"","format":"standard","meta":{"_jetpack_newsletter_access":"","_jetpack_dont_email_post_to_subs":false,"_jetpack_newsletter_tier_id":0,"_jetpack_memberships_contains_paywalled_content":false,"_jetpack_memberships_contains_paid_content":false,"footnotes":""},"categories":[1],"tags":[],"class_list":["post-9748","post","type-post","status-publish","format-standard","hentry","category-sociedad"],"jetpack_featured_media_url":"","jetpack_shortlink":"https:\/\/wp.me\/p2JWE0-2xe","jetpack-related-posts":[{"id":59509,"url":"https:\/\/www.24baires.com\/?p=59509","url_meta":{"origin":9748,"position":0},"title":"Casaci\u00f3n de La Plata confirm\u00f3 las condenas de 13 represores y neg\u00f3 una absoluci\u00f3n","author":"Grupo Sierra","date":"03\/01\/2015","format":false,"excerpt":"La C\u00e1mara Federal de Casaci\u00f3n Penal confirm\u00f3 ayer las condenas a 13 encausados por cr\u00edmenes de lesa humanidad en la Unidad Penal 9 (U-9) de La Plata y revoc\u00f3 la absoluci\u00f3n de un agente penitenciario. La Sala II del m\u00e1ximo tribunal penal del pa\u00eds, integrada por los jueces \u00c1ngela Ledesma,\u2026","rel":"","context":"En \u00abMemoria\u00bb","block_context":{"text":"Memoria","link":"https:\/\/www.24baires.com\/?cat=50"},"img":{"alt_text":"","src":"","width":0,"height":0},"classes":[]},{"id":57918,"url":"https:\/\/www.24baires.com\/?p=57918","url_meta":{"origin":9748,"position":1},"title":"Se\u00f1alizaron una c\u00e1rcel donde funcion\u00f3 un centro clandestino de detenci\u00f3n en La Plata","author":"GB","date":"30\/11\/2014","format":false,"excerpt":"La Unidad Penal 9 que durante la \u00faltima dictadura c\u00edvico militar funcion\u00f3 como centro clandestino de detenci\u00f3n, tortura y desaparici\u00f3n de presos pol\u00edticos, fue se\u00f1alizada durante un acto que organiz\u00f3 la Red Federal de Sitios de Memoria de la Secretar\u00eda de Derechos Humanos de la Naci\u00f3n. \u201cAqu\u00ed se cometieron cr\u00edmenes\u2026","rel":"","context":"En \u00abMemoria\u00bb","block_context":{"text":"Memoria","link":"https:\/\/www.24baires.com\/?cat=50"},"img":{"alt_text":"","src":"","width":0,"height":0},"classes":[]},{"id":24198,"url":"https:\/\/www.24baires.com\/?p=24198","url_meta":{"origin":9748,"position":2},"title":"Descubrir\u00e1n un busto en homenaje a N\u00e9stor Kirchner en la Plaza de Brandsen","author":"Grupo Sierra","date":"23\/05\/2013","format":false,"excerpt":"Con motivo de conmemorarse diez a\u00f1os de la asunci\u00f3n a la presidencia de la Naci\u00f3n de N\u00e9stor Kirchner, la Agrupaci\u00f3n Kolina-Brandsen inaugurar\u00e1 un busto en su homenaje este viernes 24 de mayo a las 19 horas. La obra fue realizada por el artista local Francisco \u201cPancho\u201d Rodr\u00edguez y ser\u00e1 colocada\u2026","rel":"","context":"En \u00abPol\u00edtica\u00bb","block_context":{"text":"Pol\u00edtica","link":"https:\/\/www.24baires.com\/?cat=51"},"img":{"alt_text":"","src":"","width":0,"height":0},"classes":[]},{"id":49081,"url":"https:\/\/www.24baires.com\/?p=49081","url_meta":{"origin":9748,"position":3},"title":"La Universidad de La Plata realizar\u00e1 un estudio de las v\u00edas a Brandsen","author":"Grupo Sierra","date":"01\/07\/2014","format":false,"excerpt":"La Facultad de Ingenier\u00eda firm\u00f3 hoy un acta de compromiso para la realizaci\u00f3n de un estudio t\u00e9cnico de las v\u00edas. Alumnos y docentes de Agrimensura desarrollar\u00e1n una cartograf\u00eda actualizada de la zona. En el Pasaje Dardo Rocha se realiz\u00f3 hoy un acto en conmemoraci\u00f3n de los 131 a\u00f1os del campanazo\u2026","rel":"","context":"En \u00abLocales\u00bb","block_context":{"text":"Locales","link":"https:\/\/www.24baires.com\/?cat=38"},"img":{"alt_text":"brandsen","src":"https:\/\/i0.wp.com\/www.24baires.com\/wp-content\/uploads\/2013\/05\/brandsen.jpg?resize=350%2C200","width":350,"height":200},"classes":[]},{"id":1242,"url":"https:\/\/www.24baires.com\/?p=1242","url_meta":{"origin":9748,"position":4},"title":"\u00abHemos sido estafados electoralmente por el Gobierno bonaerense\u00bb","author":"AF","date":"06\/10\/2012","format":false,"excerpt":"La C\u00e1mara de Diputados aval\u00f3, en la sesi\u00f3n del pasado jueves, el reclamo de la ejecuci\u00f3n de obras que est\u00e1n paralizadas en Brandsen, as\u00ed como el inicio de otras que fueron gestionadas hace tiempo y la instalaci\u00f3n definitiva de la Unidad Fiscal de Instrucci\u00f3n en esa ciudad, prometida por las\u2026","rel":"","context":"En \u00abPol\u00edtica\u00bb","block_context":{"text":"Pol\u00edtica","link":"https:\/\/www.24baires.com\/?cat=51"},"img":{"alt_text":"","src":"","width":0,"height":0},"classes":[]},{"id":26022,"url":"https:\/\/www.24baires.com\/?p=26022","url_meta":{"origin":9748,"position":5},"title":"Contin\u00faan gestiones para el regreso del tren La Plata-Brandsen","author":"AF","date":"15\/06\/2013","format":false,"excerpt":"Vecinos de ambos distritos participaron de una reuni\u00f3n en la UNLP para avanzar en la realizaci\u00f3n del proyecto, en el marco de una serie de encuentros con distintos sectores. En los pr\u00f3ximos d\u00edas, realizar\u00e1n adem\u00e1s la primera reuni\u00f3n formal de la \u201cMesa Regional\u201d que re\u00fane distintos reclamos similares en otras\u2026","rel":"","context":"En \u00abLocales\u00bb","block_context":{"text":"Locales","link":"https:\/\/www.24baires.com\/?cat=38"},"img":{"alt_text":"brandsen","src":"https:\/\/i0.wp.com\/www.24baires.com\/wp-content\/uploads\/2013\/05\/brandsen.jpg?resize=350%2C200","width":350,"height":200},"classes":[]}],"jetpack_sharing_enabled":true,"jetpack_likes_enabled":true,"_links":{"self":[{"href":"https:\/\/www.24baires.com\/index.php?rest_route=\/wp\/v2\/posts\/9748","targetHints":{"allow":["GET"]}}],"collection":[{"href":"https:\/\/www.24baires.com\/index.php?rest_route=\/wp\/v2\/posts"}],"about":[{"href":"https:\/\/www.24baires.com\/index.php?rest_route=\/wp\/v2\/types\/post"}],"author":[{"embeddable":true,"href":"https:\/\/www.24baires.com\/index.php?rest_route=\/wp\/v2\/users\/4"}],"replies":[{"embeddable":true,"href":"https:\/\/www.24baires.com\/index.php?rest_route=%2Fwp%2Fv2%2Fcomments&post=9748"}],"version-history":[{"count":3,"href":"https:\/\/www.24baires.com\/index.php?rest_route=\/wp\/v2\/posts\/9748\/revisions"}],"predecessor-version":[{"id":9753,"href":"https:\/\/www.24baires.com\/index.php?rest_route=\/wp\/v2\/posts\/9748\/revisions\/9753"}],"wp:attachment":[{"href":"https:\/\/www.24baires.com\/index.php?rest_route=%2Fwp%2Fv2%2Fmedia&parent=9748"}],"wp:term":[{"taxonomy":"category","embeddable":true,"href":"https:\/\/www.24baires.com\/index.php?rest_route=%2Fwp%2Fv2%2Fcategories&post=9748"},{"taxonomy":"post_tag","embeddable":true,"href":"https:\/\/www.24baires.com\/index.php?rest_route=%2Fwp%2Fv2%2Ftags&post=9748"}],"curies":[{"name":"wp","href":"https:\/\/api.w.org\/{rel}","templated":true}]}}