{"id":974,"date":"2012-10-04T11:48:41","date_gmt":"2012-10-04T14:48:41","guid":{"rendered":"http:\/\/www.24baires.com\/?p=974"},"modified":"2012-10-05T10:26:07","modified_gmt":"2012-10-05T13:26:07","slug":"empresas-culpables-de-la-mala-construccion-de-la-rp-6-luchan-por-obtener-licitacion-para-repararla","status":"publish","type":"post","link":"https:\/\/www.24baires.com\/?p=974","title":{"rendered":"Empresas culpables de la mala construcci\u00f3n de la RP 6 luchan por obtener licitaci\u00f3n para repararla"},"content":{"rendered":"<p><img data-recalc-dims=\"1\" loading=\"lazy\" decoding=\"async\" class=\"alignleft size-medium wp-image-976\" title=\"ruta6\" src=\"https:\/\/i0.wp.com\/www.24baires.com\/wp-content\/uploads\/2012\/10\/ruta6.jpg?resize=300%2C199\" alt=\"\" width=\"300\" height=\"199\" srcset=\"https:\/\/i0.wp.com\/www.24baires.com\/wp-content\/uploads\/2012\/10\/ruta6.jpg?resize=300%2C199&amp;ssl=1 300w, https:\/\/i0.wp.com\/www.24baires.com\/wp-content\/uploads\/2012\/10\/ruta6.jpg?w=560&amp;ssl=1 560w\" sizes=\"auto, (max-width: 300px) 100vw, 300px\" \/>La mitad de las empresas ya particip\u00f3 en las obras de 2003-2006, hoy destruidas. Desde el gobierno se hab\u00eda prometido \u201crigurosidad\u201d.<!--more--><\/p>\n<p>Pese a que el ministro de Infraestructura bonaerense, Alejandro Arl\u00eda, hab\u00eda prometido \u201crigurosidad\u201d en la licitaci\u00f3n para la reparaci\u00f3n de la Ruta Provincial N\u00ba6, se conoci\u00f3 que la mitad de las 14 firmas que se presentaron para la concesi\u00f3n ya participaron en las construcciones que se hicieron sobre esa calzada entre 2003 y 2006; obras que hoy exhiben su r\u00e1pido deterioro.<\/p>\n<p>Las propuestas para la licitaci\u00f3n presentadas la semana pasada fueron ocho, en las que se fusionan las 14 empresas. En ese n\u00facleo de empresas se encuentran las firmas Esuco S.A., Decavial S.A.I.C.A.C., Jos\u00e9 Luis Trevi\u00f1o, ICF S.A., OCSA S.A., Jos\u00e9 J. Chediack S.A. y JCR S.A., todas involucradas en la elaboraci\u00f3n de las obras que ya se realizaron sobre la Ruta 6 a\u00f1os atr\u00e1s.<\/p>\n<p>El dato, publicado por el portal El Civismo, muestra la vinculaci\u00f3n de esas empresas con el poder pol\u00edtico de turno y va contra las declaraciones del ministro Arl\u00eda quien prometi\u00f3 el d\u00eda de la apertura de ofertas -acto que presidi\u00f3 el gobernador Daniel Scioli- que \u201cse exigir\u00e1 rigurosidad\u201d a las empresas licitantes en la b\u00fasqueda de \u201ccalidad\u201d en la obra.<\/p>\n<p>Con ese panorama solo resta saber qui\u00e9n ser\u00e1 la ganadora de la licitaci\u00f3n que promete convertirse, seg\u00fan lo asegur\u00f3 Scioli, en una de las obras \u201cm\u00e1s trascendentes\u201d de su gesti\u00f3n, aunque los vecinos que lindan con la ruta que une los puertos de Campana y La Plata pocas esperanzas tienen de que finalmente se pueda construir una calzada que dure m\u00e1s de uno o dos mandatos.<\/p>\n","protected":false},"excerpt":{"rendered":"<p>La mitad de las empresas ya particip\u00f3 en las obras de 2003-2006, hoy destruidas. Desde el gobierno se hab\u00eda prometido \u201crigurosidad\u201d.<\/p>\n","protected":false},"author":4,"featured_media":0,"comment_status":"open","ping_status":"open","sticky":false,"template":"","format":"standard","meta":{"_jetpack_newsletter_access":"","_jetpack_dont_email_post_to_subs":false,"_jetpack_newsletter_tier_id":0,"_jetpack_memberships_contains_paywalled_content":false,"_jetpack_memberships_contains_paid_content":false,"footnotes":""},"categories":[1],"tags":[],"class_list":["post-974","post","type-post","status-publish","format-standard","hentry","category-sociedad"],"jetpack_featured_media_url":"","jetpack_shortlink":"https:\/\/wp.me\/p2JWE0-fI","jetpack-related-posts":[{"id":4533,"url":"https:\/\/www.24baires.com\/?p=4533","url_meta":{"origin":974,"position":0},"title":"Denunciaron penalmente al Juez que deb\u00eda remediar la cuenca Matanza-Riachuelo","author":"Grupo Sierra","date":"05\/11\/2012","format":false,"excerpt":"El Gobierno denunci\u00f3 al juez y pidi\u00f3 su juicio pol\u00edtico por \"mal desempe\u00f1o de sus funciones\", debido a las irregularidades en contrataciones de las obras de saneamiento de la cuenca Matanza-Riachuelo. Armella, titular del Juzgado Federal de Primera Instancia de Quilmes, fue designado por la Corte Suprema de Justicia en\u2026","rel":"","context":"En \u00abPol\u00edtica\u00bb","block_context":{"text":"Pol\u00edtica","link":"https:\/\/www.24baires.com\/?cat=51"},"img":{"alt_text":"","src":"","width":0,"height":0},"classes":[]},{"id":34079,"url":"https:\/\/www.24baires.com\/?p=34079","url_meta":{"origin":974,"position":1},"title":"Licitan obras para el cementerio de Ensenada","author":"AF","date":"25\/10\/2013","format":false,"excerpt":"Con la presencia del intendente Mario Secco, se llev\u00f3 a cabo el acto de licitaci\u00f3n para una nueva etapa en la construcci\u00f3n del Cementerio Municipal de Ensenada. En esta oportunidad, la obra contempla la terminaci\u00f3n del muro de entrada al predio con adoquines de distintas calles de la ciudad de\u2026","rel":"","context":"En \u00abLocales\u00bb","block_context":{"text":"Locales","link":"https:\/\/www.24baires.com\/?cat=38"},"img":{"alt_text":"","src":"","width":0,"height":0},"classes":[]},{"id":102532,"url":"https:\/\/www.24baires.com\/?p=102532","url_meta":{"origin":974,"position":2},"title":"Ratifican la denuncia penal contra el intendente de Pinamar por el desv\u00edo de 12 millones de pesos","author":"GB","date":"05\/06\/2018","format":false,"excerpt":"El intendente Mart\u00edn Yeza est\u00e1 cada vez mas complicado por el presunto desv\u00edo de m\u00e1s de $ 12 millones de pesos destinados a una obra p\u00fablica en Pinamar. Hoy se conoci\u00f3 la ratificaci\u00f3n del diputado nacional Rodolfo Tailhade y el concejal de Pinamar Gregorio Estanga. El diputado nacional Rodolfo Tailhade\u2026","rel":"","context":"En \u00abMunicipios\u00bb","block_context":{"text":"Municipios","link":"https:\/\/www.24baires.com\/?cat=44"},"img":{"alt_text":"","src":"https:\/\/i0.wp.com\/www.24baires.com\/wp-content\/uploads\/2018\/06\/pinamar.jpg?resize=350%2C200","width":350,"height":200,"srcset":"https:\/\/i0.wp.com\/www.24baires.com\/wp-content\/uploads\/2018\/06\/pinamar.jpg?resize=350%2C200 1x, https:\/\/i0.wp.com\/www.24baires.com\/wp-content\/uploads\/2018\/06\/pinamar.jpg?resize=525%2C300 1.5x"},"classes":[]},{"id":82683,"url":"https:\/\/www.24baires.com\/?p=82683","url_meta":{"origin":974,"position":3},"title":"Tras la declaraci\u00f3n de B\u00e1ez, piden investigar al primo de Macri","author":"GB","date":"13\/05\/2016","format":false,"excerpt":"El primo hermano del presidente Mauricio Macri y uno de los principales beneficarios de la obra p\u00fablica en la Ciudad durante la gesti\u00f3n PRO fue socio de L\u00e1zaro B\u00e1ez en la Uni\u00f3n Transitoria de Empresas que se present\u00f3 a la licitaci\u00f3n p\u00fablica para la construcci\u00f3n de dos represas en Santa\u2026","rel":"","context":"En \u00abJUDICIALES\u00bb","block_context":{"text":"JUDICIALES","link":"https:\/\/www.24baires.com\/?cat=68"},"img":{"alt_text":"primo macri","src":"https:\/\/i0.wp.com\/www.24baires.com\/wp-content\/uploads\/2016\/05\/primo-macri.jpg?resize=350%2C200","width":350,"height":200,"srcset":"https:\/\/i0.wp.com\/www.24baires.com\/wp-content\/uploads\/2016\/05\/primo-macri.jpg?resize=350%2C200 1x, https:\/\/i0.wp.com\/www.24baires.com\/wp-content\/uploads\/2016\/05\/primo-macri.jpg?resize=525%2C300 1.5x"},"classes":[]},{"id":16934,"url":"https:\/\/www.24baires.com\/?p=16934","url_meta":{"origin":974,"position":4},"title":"Exigen la intervenci\u00f3n judicial de Canal 13 y declarar nula su licitaci\u00f3n","author":"AF","date":"27\/02\/2013","format":false,"excerpt":"El ex delegado del personal de Artear S.A., Jos\u00e9 Carbonelli, solicit\u00f3 en la Justicia la intervenci\u00f3n judicial de Canal 13 y la declaraci\u00f3n de nulidad de la licitaci\u00f3n y privatizaci\u00f3n de la emisora. El reclamo se fundamenta, entre otras pruebas en el informe de la Sindicatura General de la Naci\u00f3n\u2026","rel":"","context":"En \u00abMedios\u00bb","block_context":{"text":"Medios","link":"https:\/\/www.24baires.com\/?cat=54"},"img":{"alt_text":"Canal 13","src":"https:\/\/i0.wp.com\/www.24baires.com\/wp-content\/uploads\/2013\/02\/Canal-13.jpg?resize=350%2C200","width":350,"height":200},"classes":[]},{"id":49767,"url":"https:\/\/www.24baires.com\/?p=49767","url_meta":{"origin":974,"position":5},"title":"Covelia no operar\u00e1 m\u00e1s en la Municipalidad de Tres de Febrero","author":"GB","date":"13\/07\/2014","format":false,"excerpt":"A partir de agosto, la empresa dejar\u00e1 de operar en el partido bonaerense, por presentar fuera de t\u00e9rmino su propuesta para la renovaci\u00f3n del contrato. Tras la estatizaci\u00f3n del servicio en el municipio de Quilmes hace dos meses, donde tambi\u00e9n operaba Covelia, el intendente de Tres de Febrero, Hugo Curto,\u2026","rel":"","context":"En \u00abMunicipios\u00bb","block_context":{"text":"Municipios","link":"https:\/\/www.24baires.com\/?cat=44"},"img":{"alt_text":"","src":"","width":0,"height":0},"classes":[]}],"jetpack_sharing_enabled":true,"jetpack_likes_enabled":true,"_links":{"self":[{"href":"https:\/\/www.24baires.com\/index.php?rest_route=\/wp\/v2\/posts\/974","targetHints":{"allow":["GET"]}}],"collection":[{"href":"https:\/\/www.24baires.com\/index.php?rest_route=\/wp\/v2\/posts"}],"about":[{"href":"https:\/\/www.24baires.com\/index.php?rest_route=\/wp\/v2\/types\/post"}],"author":[{"embeddable":true,"href":"https:\/\/www.24baires.com\/index.php?rest_route=\/wp\/v2\/users\/4"}],"replies":[{"embeddable":true,"href":"https:\/\/www.24baires.com\/index.php?rest_route=%2Fwp%2Fv2%2Fcomments&post=974"}],"version-history":[{"count":0,"href":"https:\/\/www.24baires.com\/index.php?rest_route=\/wp\/v2\/posts\/974\/revisions"}],"wp:attachment":[{"href":"https:\/\/www.24baires.com\/index.php?rest_route=%2Fwp%2Fv2%2Fmedia&parent=974"}],"wp:term":[{"taxonomy":"category","embeddable":true,"href":"https:\/\/www.24baires.com\/index.php?rest_route=%2Fwp%2Fv2%2Fcategories&post=974"},{"taxonomy":"post_tag","embeddable":true,"href":"https:\/\/www.24baires.com\/index.php?rest_route=%2Fwp%2Fv2%2Ftags&post=974"}],"curies":[{"name":"wp","href":"https:\/\/api.w.org\/{rel}","templated":true}]}}