{"id":9727,"date":"2012-12-19T13:24:58","date_gmt":"2012-12-19T16:24:58","guid":{"rendered":"http:\/\/www.24baires.com\/?p=9727"},"modified":"2012-12-19T13:24:58","modified_gmt":"2012-12-19T16:24:58","slug":"otro-gremio-en-conflicto-con-scioli-ahora-los-trabajadores-de-la-salud","status":"publish","type":"post","link":"https:\/\/www.24baires.com\/?p=9727","title":{"rendered":"Otro gremio en conflicto con Scioli: ahora los trabajadores de la salud"},"content":{"rendered":"<p>Sostienen que a diferencia de los docentes, no se comunicaron con ellos para discutir las paritarias. \u201cCuando Scioli tuvo que darnos la mala noticia del pago escalonado del aguinaldo, nos mand\u00f3 a llamar y nos recibi\u00f3 en su despacho pero en las buenas no nos tuvo en cuenta\u201d, sostuvo el titular del sindicato Miguel Zubieta.<!--more--><\/p>\n<p>Desde el Sindicato de la Salud de la Provincia se quejaron de que el gobierno bonaerense no los haya llamado para las negociaciones salariales del a\u00f1o pr\u00f3ximo, como s\u00ed lo hizo con los gremios docentes.<\/p>\n<p>\u201cEl Gobernador -Daniel Scioli-se lo anunci\u00f3 a los docentes y nosotros nos enteramos por el diario\u201d, coment\u00f3 el titular del sindicato de la Salud, Miguel Zubieta. De esta manera, el sector dej\u00f3 en claro su malestar porque desde el gobierno de Scioli no se comunicaron con ellos para comenzar a discutir las negociaciones paritarias.<\/p>\n<p>\u201cCuando Scioli tuvo que darnos la mala noticia del pago escalonado del aguinaldo, nos mand\u00f3 a llamar y nos recibi\u00f3 en su despacho\u201d, remarc\u00f3 Zubieta. Agreg\u00f3 que el gobierno \u201cen las buenas no nos tuvo en cuenta\u201d.<\/p>\n<p>La respuesta de Provincia a gremios docentes se produjo luego de que estos anunciaran una convocatoria a las paritarias para el 14 de enero. Est\u00e1 previsto que Provincia y los gremios docentes \u2013principalmente FEB y SUTEBA- comiencen a dialogar a mediados de enero por el aumento salarial de 2013.<\/p>\n<p>&nbsp;<\/p>\n<p>&nbsp;<\/p>\n<p>&nbsp;<\/p>\n<p>&nbsp;<\/p>\n<p>&nbsp;<\/p>\n<p>&nbsp;<\/p>\n<p>&nbsp;<\/p>\n<p>&nbsp;<\/p>\n<p>&nbsp;<\/p>\n<p>&nbsp;<\/p>\n","protected":false},"excerpt":{"rendered":"<p>Sostienen que a diferencia de los docentes, no se comunicaron con ellos para discutir las paritarias. \u201cCuando Scioli tuvo que darnos la mala noticia del pago escalonado del aguinaldo, nos mand\u00f3 a llamar y nos recibi\u00f3 en su despacho pero en las buenas no nos tuvo en cuenta\u201d, sostuvo el titular del sindicato Miguel Zubieta.<\/p>\n","protected":false},"author":11,"featured_media":0,"comment_status":"open","ping_status":"open","sticky":false,"template":"","format":"standard","meta":{"_jetpack_newsletter_access":"","_jetpack_dont_email_post_to_subs":false,"_jetpack_newsletter_tier_id":0,"_jetpack_memberships_contains_paywalled_content":false,"_jetpack_memberships_contains_paid_content":false,"footnotes":""},"categories":[40],"tags":[],"class_list":["post-9727","post","type-post","status-publish","format-standard","hentry","category-provincia"],"jetpack_featured_media_url":"","jetpack_shortlink":"https:\/\/wp.me\/p2JWE0-2wT","jetpack-related-posts":[{"id":41001,"url":"https:\/\/www.24baires.com\/?p=41001","url_meta":{"origin":9727,"position":0},"title":"Paro total de enfermeros y trabajadores de la salud p\u00fablica bonaerense","author":"GB","date":"24\/02\/2014","format":false,"excerpt":"El Sindicato de Salud P\u00fablica (SSP) realiza hoy un paro total de las actividades en los hospitales de la Provincia. Es en reclamo por el incumplimiento del decreto de insalubridad, por la no convocatoria a la paritaria salarial y por la situaci\u00f3n de inseguridad y peligro que se vive en\u2026","rel":"","context":"En \u00abProvincia\u00bb","block_context":{"text":"Provincia","link":"https:\/\/www.24baires.com\/?cat=40"},"img":{"alt_text":"","src":"","width":0,"height":0},"classes":[]},{"id":100134,"url":"https:\/\/www.24baires.com\/?p=100134","url_meta":{"origin":9727,"position":1},"title":"La Provincia prev\u00e9 una dura negociaci\u00f3n con los gremios docentes","author":"GB","date":"24\/01\/2018","format":false,"excerpt":"En el gobierno bonaerense afirman que \"no hay ni piso ni techo\" para la paritaria; avanzan en la \"depuraci\u00f3n\" de las afiliaciones de los sindicatos que agrupan a maestros y profesores Volvi\u00f3 descansada y feliz de Villa La Angostura. Ya de regreso en su despacho, Mar\u00eda Eugenia Vidal se pondr\u00e1\u2026","rel":"","context":"En \u00abProvincia\u00bb","block_context":{"text":"Provincia","link":"https:\/\/www.24baires.com\/?cat=40"},"img":{"alt_text":"","src":"https:\/\/i0.wp.com\/www.24baires.com\/wp-content\/uploads\/2017\/11\/docentes.jpg?resize=350%2C200","width":350,"height":200,"srcset":"https:\/\/i0.wp.com\/www.24baires.com\/wp-content\/uploads\/2017\/11\/docentes.jpg?resize=350%2C200 1x, https:\/\/i0.wp.com\/www.24baires.com\/wp-content\/uploads\/2017\/11\/docentes.jpg?resize=525%2C300 1.5x"},"classes":[]},{"id":16794,"url":"https:\/\/www.24baires.com\/?p=16794","url_meta":{"origin":9727,"position":2},"title":"Reclaman a la Provincia que se designen m\u00e1s enfermeros para los Hospitales","author":"AF","date":"26\/02\/2013","format":false,"excerpt":"El Sindicato de Salud P\u00fablica de la Provincia reclam\u00f3 al gobierno bonaerense la designaci\u00f3n de enfermeros en los hospitales p\u00fablicos. Desde el sector eval\u00faan llevar adelante medidas de fuerza. Seg\u00fan advirti\u00f3 el titular del sindicato Miguel Zubieta, quien record\u00f3 \u201cla promesa del ministro de Salud Alejandro Collia del d\u00eda 26\u2026","rel":"","context":"En \u00abProvincia\u00bb","block_context":{"text":"Provincia","link":"https:\/\/www.24baires.com\/?cat=40"},"img":{"alt_text":"","src":"","width":0,"height":0},"classes":[]},{"id":114863,"url":"https:\/\/www.24baires.com\/?p=114863","url_meta":{"origin":9727,"position":3},"title":"Trabajadores de la Salud acordaron un bono de 5 mil pesos con Provincia","author":"GB","date":"29\/04\/2020","format":false,"excerpt":"El titular del Sindicato de Salud P\u00fablica, Miguel \u00c1ngel Zubieta, confirm\u00f3 el acuerdo y brind\u00f3 los detalles de la negociaci\u00f3n. Tras una reuni\u00f3n paritaria sectorial de Salud de agentes alcanzados por la Ley 10.430 en la provincia de Buenos Aires, se defini\u00f3 que la bonificaci\u00f3n para el personal sanitario que\u2026","rel":"","context":"En \u00abProvincia\u00bb","block_context":{"text":"Provincia","link":"https:\/\/www.24baires.com\/?cat=40"},"img":{"alt_text":"","src":"https:\/\/i0.wp.com\/www.24baires.com\/wp-content\/uploads\/2020\/04\/paritaria-salud.jpg?resize=350%2C200","width":350,"height":200,"srcset":"https:\/\/i0.wp.com\/www.24baires.com\/wp-content\/uploads\/2020\/04\/paritaria-salud.jpg?resize=350%2C200 1x, https:\/\/i0.wp.com\/www.24baires.com\/wp-content\/uploads\/2020\/04\/paritaria-salud.jpg?resize=525%2C300 1.5x"},"classes":[]},{"id":26263,"url":"https:\/\/www.24baires.com\/?p=26263","url_meta":{"origin":9727,"position":4},"title":"Declaran insalubre el trabajo en hospitales p\u00fablicos","author":"AF","date":"18\/06\/2013","format":false,"excerpt":"El titular del Sindicato de Salud P\u00fablica bonaerense, Miguel Zubieta, se mostr\u00f3 satisfecho con la respuesta del gobierno de Scioli a un reclamo de larga data: declarar como insalubre el trabajo que realiza todo el personal de hospitales en cualquier \u00e1rea. Por Radio Provincia sostuvo que se trata de \u201cuna\u2026","rel":"","context":"En \u00abSociedad\u00bb","block_context":{"text":"Sociedad","link":"https:\/\/www.24baires.com\/?cat=1"},"img":{"alt_text":"foto-medicos-hospital-de-ninos","src":"https:\/\/i0.wp.com\/www.24baires.com\/wp-content\/uploads\/2012\/11\/foto-medicos-hospital-de-ninos.jpg?resize=350%2C200","width":350,"height":200,"srcset":"https:\/\/i0.wp.com\/www.24baires.com\/wp-content\/uploads\/2012\/11\/foto-medicos-hospital-de-ninos.jpg?resize=350%2C200 1x, https:\/\/i0.wp.com\/www.24baires.com\/wp-content\/uploads\/2012\/11\/foto-medicos-hospital-de-ninos.jpg?resize=525%2C300 1.5x"},"classes":[]},{"id":41061,"url":"https:\/\/www.24baires.com\/?p=41061","url_meta":{"origin":9727,"position":5},"title":"Cicop, ATE y Judiciales llevan adelante un nuevo paro en reclamo de mejoras salariales","author":"GB","date":"25\/02\/2014","format":false,"excerpt":"La CICOP (m\u00e9dicos) retoma las medidas de fuerza en la Provincia de Buenos Aires s\u00f3lo dos d\u00edas h\u00e1biles despu\u00e9s de la anterior huelga: parar\u00e1n este martes y el mi\u00e9rcoles. ATE (estatales) y la AJB (judiciales) confirmaron paro para el mi\u00e9rcoles y una movilizaci\u00f3n hasta el Ministerio de Trabajo bonaerense, junto\u2026","rel":"","context":"En \u00abProvincia\u00bb","block_context":{"text":"Provincia","link":"https:\/\/www.24baires.com\/?cat=40"},"img":{"alt_text":"","src":"","width":0,"height":0},"classes":[]}],"jetpack_sharing_enabled":true,"jetpack_likes_enabled":true,"_links":{"self":[{"href":"https:\/\/www.24baires.com\/index.php?rest_route=\/wp\/v2\/posts\/9727","targetHints":{"allow":["GET"]}}],"collection":[{"href":"https:\/\/www.24baires.com\/index.php?rest_route=\/wp\/v2\/posts"}],"about":[{"href":"https:\/\/www.24baires.com\/index.php?rest_route=\/wp\/v2\/types\/post"}],"author":[{"embeddable":true,"href":"https:\/\/www.24baires.com\/index.php?rest_route=\/wp\/v2\/users\/11"}],"replies":[{"embeddable":true,"href":"https:\/\/www.24baires.com\/index.php?rest_route=%2Fwp%2Fv2%2Fcomments&post=9727"}],"version-history":[{"count":2,"href":"https:\/\/www.24baires.com\/index.php?rest_route=\/wp\/v2\/posts\/9727\/revisions"}],"predecessor-version":[{"id":9729,"href":"https:\/\/www.24baires.com\/index.php?rest_route=\/wp\/v2\/posts\/9727\/revisions\/9729"}],"wp:attachment":[{"href":"https:\/\/www.24baires.com\/index.php?rest_route=%2Fwp%2Fv2%2Fmedia&parent=9727"}],"wp:term":[{"taxonomy":"category","embeddable":true,"href":"https:\/\/www.24baires.com\/index.php?rest_route=%2Fwp%2Fv2%2Fcategories&post=9727"},{"taxonomy":"post_tag","embeddable":true,"href":"https:\/\/www.24baires.com\/index.php?rest_route=%2Fwp%2Fv2%2Ftags&post=9727"}],"curies":[{"name":"wp","href":"https:\/\/api.w.org\/{rel}","templated":true}]}}