{"id":9716,"date":"2012-12-19T13:06:53","date_gmt":"2012-12-19T16:06:53","guid":{"rendered":"http:\/\/www.24baires.com\/?p=9716"},"modified":"2012-12-19T21:43:36","modified_gmt":"2012-12-20T00:43:36","slug":"ley-de-medios-el-gobierno-pedira-el-per-saltum-a-la-corte","status":"publish","type":"post","link":"https:\/\/www.24baires.com\/?p=9716","title":{"rendered":"Ley de Medios: El Gobierno pedir\u00e1 el &#8216;per saltum&#8217; a la Corte"},"content":{"rendered":"<p><a href=\"http:\/\/www.24baires.com\/medios\/7965-el-fuero-que-busco-el-grupo-clarin-no-es-el-competente-explico-alak\/attachment\/alak-ley-medios\/\" rel=\"attachment wp-att-7966\"><img data-recalc-dims=\"1\" loading=\"lazy\" decoding=\"async\" class=\"aligncenter size-full wp-image-7966\" alt=\"alak ley medios\" src=\"https:\/\/i0.wp.com\/www.24baires.com\/wp-content\/uploads\/2012\/12\/alak-ley-medios.jpg?resize=560%2C335\" width=\"560\" height=\"335\" srcset=\"https:\/\/i0.wp.com\/www.24baires.com\/wp-content\/uploads\/2012\/12\/alak-ley-medios.jpg?w=560&amp;ssl=1 560w, https:\/\/i0.wp.com\/www.24baires.com\/wp-content\/uploads\/2012\/12\/alak-ley-medios.jpg?resize=300%2C179&amp;ssl=1 300w\" sizes=\"auto, (max-width: 560px) 100vw, 560px\" \/><\/a><\/p>\n<p>El ministro de Justicia, Julio Alak, anunci\u00f3 que el gobierno nacional recurrir\u00e1 a la figura del `per saltum\u00b4 para que la Corte Suprema de Justicia se expida sobre la constitucionalidad de la ley de medios.<!--more--><\/p>\n<p>Solicitaremos que la Corte se aboque al tratamiento de la causa judicial que promoviera el grupo Clar\u00edn, (grupo) que ha impedido y que ha obstaculizado en forma clara que esta ley se aplique\u00bb, agreg\u00f3 Alak.<\/p>\n<p>\u00abEste recurso de `per saltum\u00b4 pretende que una ley que fue votada por el Congreso sea aplicable a todos los grupos que en Argentina pretenden encuadrarse en la nueva ley de Servicios de Comunicaci\u00f3n Audiovisual\u00bb, indic\u00f3.<\/p>\n","protected":false},"excerpt":{"rendered":"<p>El ministro de Justicia, Julio Alak, anunci\u00f3 que el gobierno nacional recurrir\u00e1 a la figura del `per saltum\u00b4 para que la Corte Suprema de Justicia se expida sobre la constitucionalidad de la ley de medios.<\/p>\n","protected":false},"author":11,"featured_media":0,"comment_status":"open","ping_status":"open","sticky":false,"template":"","format":"standard","meta":{"_jetpack_newsletter_access":"","_jetpack_dont_email_post_to_subs":false,"_jetpack_newsletter_tier_id":0,"_jetpack_memberships_contains_paywalled_content":false,"_jetpack_memberships_contains_paid_content":false,"footnotes":""},"categories":[54],"tags":[],"class_list":["post-9716","post","type-post","status-publish","format-standard","hentry","category-medios"],"jetpack_featured_media_url":"","jetpack_shortlink":"https:\/\/wp.me\/p2JWE0-2wI","jetpack-related-posts":[{"id":9790,"url":"https:\/\/www.24baires.com\/?p=9790","url_meta":{"origin":9716,"position":0},"title":"La Corte Suprema ya tiene en sus manos el pedido de &#8216;per saltum&#8217; y debe resolver tratarlo","author":"Grupo Sierra","date":"19\/12\/2012","format":false,"excerpt":"La Corte Suprema de Justicia recibi\u00f3 el pedido del Gobierno de avocarse a la causa sobre la constitucionalidad de la ley de medios, sancionada hace tres a\u00f1os y bloqueada desde entonces por una medida cautelar. Ahora deber\u00e1 resolver si lo acepta. La presentaci\u00f3n ante el m\u00e1ximo tribunal se realiz\u00f3 este\u2026","rel":"","context":"En \u00abMedios\u00bb","block_context":{"text":"Medios","link":"https:\/\/www.24baires.com\/?cat=54"},"img":{"alt_text":"corte suprema","src":"https:\/\/i0.wp.com\/www.24baires.com\/wp-content\/uploads\/2012\/12\/corte-suprema.jpg?resize=350%2C200","width":350,"height":200,"srcset":"https:\/\/i0.wp.com\/www.24baires.com\/wp-content\/uploads\/2012\/12\/corte-suprema.jpg?resize=350%2C200 1x, https:\/\/i0.wp.com\/www.24baires.com\/wp-content\/uploads\/2012\/12\/corte-suprema.jpg?resize=525%2C300 1.5x"},"classes":[]},{"id":9914,"url":"https:\/\/www.24baires.com\/?p=9914","url_meta":{"origin":9716,"position":1},"title":"Ley de Medios: El jueves pr\u00f3ximo la Corte tratar\u00e1 el &#8216;per saltum&#8217; pedido por el Gobierno","author":"Grupo Sierra","date":"20\/12\/2012","format":false,"excerpt":"El M\u00e1ximo Tribunal anunci\u00f3 que se reunir\u00e1 la semana que viene luego del an\u00e1lisis individual que har\u00e1 cada uno de los ministros. \u201cEl expediente est\u00e1 circulando desde que entr\u00f3 por todas las vocal\u00edas. Los jueces lo est\u00e1n analizando\", se\u00f1alaron fuentes de la Justicia. Luego del pedido que hizo el Gobierno,\u2026","rel":"","context":"En \u00abMedios\u00bb","block_context":{"text":"Medios","link":"https:\/\/www.24baires.com\/?cat=54"},"img":{"alt_text":"","src":"","width":0,"height":0},"classes":[]},{"id":59349,"url":"https:\/\/www.24baires.com\/?p=59349","url_meta":{"origin":9716,"position":2},"title":"La Justicia rechaz\u00f3 el per saltum de la AFSCA para que Clar\u00edn se adec\u00fae","author":"GB","date":"30\/12\/2014","format":false,"excerpt":"El M\u00e1ximo Tribunal declar\u00f3 inadmisible el pedido presentado por la AFSCA en la causa por la adecuaci\u00f3n de oficio del Grupo Clar\u00edn, tal como lo inform\u00f3 la vocera de la Corte. La Corte Suprema rechaz\u00f3 este martes el pedido de per saltum formulado por la Administraci\u00f3n Federal de Servicios de\u2026","rel":"","context":"En \u00abMedios\u00bb","block_context":{"text":"Medios","link":"https:\/\/www.24baires.com\/?cat=54"},"img":{"alt_text":"corte","src":"https:\/\/i0.wp.com\/www.24baires.com\/wp-content\/uploads\/2014\/12\/corte.jpg?resize=350%2C200","width":350,"height":200,"srcset":"https:\/\/i0.wp.com\/www.24baires.com\/wp-content\/uploads\/2014\/12\/corte.jpg?resize=350%2C200 1x, https:\/\/i0.wp.com\/www.24baires.com\/wp-content\/uploads\/2014\/12\/corte.jpg?resize=525%2C300 1.5x"},"classes":[]},{"id":25632,"url":"https:\/\/www.24baires.com\/?p=25632","url_meta":{"origin":9716,"position":3},"title":"\u00abPer Saltum\u00bb del Colegio de Abogados de Dolores contra la democratizaci\u00f3n judicial","author":"Grupo Sierra","date":"11\/06\/2013","format":false,"excerpt":"El Colegio de Abogados de Dolores presentar\u00e1 un \"per saltum\" ante la Corte Suprema de Justicia de la Naci\u00f3n contra la reforma al Consejo de la Magistratura de la Naci\u00f3n que estableci\u00f3 la elecci\u00f3n popular de sus miembros y una nueva integraci\u00f3n de 19 personas. Ser\u00e1 el primer \"per saltum\"\u2026","rel":"","context":"En \u00abPol\u00edtica\u00bb","block_context":{"text":"Pol\u00edtica","link":"https:\/\/www.24baires.com\/?cat=51"},"img":{"alt_text":"consejo magistratura","src":"https:\/\/i0.wp.com\/www.24baires.com\/wp-content\/uploads\/2012\/10\/consejo-magistratura.jpg?resize=350%2C200","width":350,"height":200,"srcset":"https:\/\/i0.wp.com\/www.24baires.com\/wp-content\/uploads\/2012\/10\/consejo-magistratura.jpg?resize=350%2C200 1x, https:\/\/i0.wp.com\/www.24baires.com\/wp-content\/uploads\/2012\/10\/consejo-magistratura.jpg?resize=525%2C300 1.5x"},"classes":[]},{"id":10904,"url":"https:\/\/www.24baires.com\/?p=10904","url_meta":{"origin":9716,"position":4},"title":"El Gobierno solicitar\u00e1 la habilitaci\u00f3n de la feria judicial para tratar la Ley de Medios","author":"AF","date":"01\/01\/2013","format":false,"excerpt":"El gobierno pedir\u00e1 este mi\u00e9rcoles, en el primer d\u00eda h\u00e1bil del a\u00f1o, que la C\u00e1mara Federal Civil y Comercial Federal habilite la feria judicial de enero para resolver con \u201cceleridad\u201d la causa planteada por el grupo Clar\u00edn contra la Ley de Medios. La presentaci\u00f3n la har\u00e1 a primera hora la\u2026","rel":"","context":"En \u00abMedios\u00bb","block_context":{"text":"Medios","link":"https:\/\/www.24baires.com\/?cat=54"},"img":{"alt_text":"","src":"","width":0,"height":0},"classes":[]},{"id":10621,"url":"https:\/\/www.24baires.com\/?p=10621","url_meta":{"origin":9716,"position":5},"title":"Alak conf\u00eda en la \u201cpronta vigencia\u201d de la Ley de Medios","author":"AF","date":"27\/12\/2012","format":false,"excerpt":"As\u00ed lo destac\u00f3 el Ministro de Justicia y Derechos Humanos de la Naci\u00f3n Julio Alak al participar de un encuentro en el senado bonaerense junto al vicegobernador Gabriel Mariotto. Asegur\u00f3 que \u201csi no hay regulaci\u00f3n, el monopolio Clar\u00edn va a llegar al control del 100 por ciento de la televisi\u00f3n\u2026","rel":"","context":"En \u00abMedios\u00bb","block_context":{"text":"Medios","link":"https:\/\/www.24baires.com\/?cat=54"},"img":{"alt_text":"","src":"","width":0,"height":0},"classes":[]}],"jetpack_sharing_enabled":true,"jetpack_likes_enabled":true,"_links":{"self":[{"href":"https:\/\/www.24baires.com\/index.php?rest_route=\/wp\/v2\/posts\/9716","targetHints":{"allow":["GET"]}}],"collection":[{"href":"https:\/\/www.24baires.com\/index.php?rest_route=\/wp\/v2\/posts"}],"about":[{"href":"https:\/\/www.24baires.com\/index.php?rest_route=\/wp\/v2\/types\/post"}],"author":[{"embeddable":true,"href":"https:\/\/www.24baires.com\/index.php?rest_route=\/wp\/v2\/users\/11"}],"replies":[{"embeddable":true,"href":"https:\/\/www.24baires.com\/index.php?rest_route=%2Fwp%2Fv2%2Fcomments&post=9716"}],"version-history":[{"count":3,"href":"https:\/\/www.24baires.com\/index.php?rest_route=\/wp\/v2\/posts\/9716\/revisions"}],"predecessor-version":[{"id":9720,"href":"https:\/\/www.24baires.com\/index.php?rest_route=\/wp\/v2\/posts\/9716\/revisions\/9720"}],"wp:attachment":[{"href":"https:\/\/www.24baires.com\/index.php?rest_route=%2Fwp%2Fv2%2Fmedia&parent=9716"}],"wp:term":[{"taxonomy":"category","embeddable":true,"href":"https:\/\/www.24baires.com\/index.php?rest_route=%2Fwp%2Fv2%2Fcategories&post=9716"},{"taxonomy":"post_tag","embeddable":true,"href":"https:\/\/www.24baires.com\/index.php?rest_route=%2Fwp%2Fv2%2Ftags&post=9716"}],"curies":[{"name":"wp","href":"https:\/\/api.w.org\/{rel}","templated":true}]}}