{"id":971,"date":"2012-10-04T09:36:59","date_gmt":"2012-10-04T12:36:59","guid":{"rendered":"http:\/\/www.24baires.com\/?p=971"},"modified":"2012-10-04T22:40:06","modified_gmt":"2012-10-05T01:40:06","slug":"misteriosa-desaparicion-de-testigo-del-crimen-de-mariano-ferreyra","status":"publish","type":"post","link":"https:\/\/www.24baires.com\/?p=971","title":{"rendered":"Misteriosa desaparici\u00f3n de testigo del crimen de Mariano Ferreyra"},"content":{"rendered":"<p>Una fuerte preocupaci\u00f3n acoge a la familia de Alfonso Severo, ferroviario, testigo que debe declarar hoy jueves 4 a mediod\u00eda en el juicio que investiga el asesinato de Mariano Ferreyra. Desde anoche se desconoce su paradero.<!--more--><\/p>\n<p><em>\u201cAnoche habl\u00f3 con la mam\u00e1 de mi hijo, que hab\u00eda sido operado, y le dijo que lo ir\u00eda a visitar y lo mismo le dijo a mi mam\u00e1. Eran las diez y media. Nunca lleg\u00f3 a destino y desde las once que llamamos a su celular y da directamente el contestador\u201d<\/em>, cuenta Gast\u00f3n, hijo del testigo. Alfonso Severo es un ferroviario, trabajador de Ferrobaires -con sede en Constituci\u00f3n- que fue desalojado de su puesto de trabajo en Mantenimiento por una patota armada en 2009. El acontecimiento fue una de las primeras muestras de la degradaci\u00f3n violenta que hab\u00eda copado el ferrocarril. Severo parti\u00f3 de su hogar a bordo de un Renault Cl\u00edo negro placa HGA-137.\u00a0<em>\u201cRecorrimos hospitales e hicimos denuncias en las comisar\u00edas 4\u00b0 y 6\u00b0 de Avellaneda, incluso recorrimos con un patrullero el trayecto hasta la casa de mi hijo para ver si hab\u00eda alg\u00fan rastro, pero no encontramos nada -contin\u00faa Gast\u00f3n-. A la tarde lo hab\u00edan llamado al celular y se escuchaba el sonido de la tele y de una radio, seg\u00fan me cont\u00f3. \u2018\u00bfQu\u00e9 se piensan, que me van a intimidar?\u2019, me dijo \u201c.<\/em><\/p>\n<p>El testimonio de Alfonso Severo cobra vital importancia en este tramo del juicio que se desarrolla en Comodoro Py. Este cronista se entrevist\u00f3 recientemente con Severo para recabar datos sobre los posibles v\u00ednculos de la patota de Constituci\u00f3n con Favale y la trama que envuelve el destino de las armas que se usaron en el ataque que cost\u00f3 la vida a Mariano Ferreyra e hiri\u00f3 gravemente a Elsa Rodr\u00edguez. El testigo conoce de primera mano los v\u00ednculos entre las patotas delictivas de Constituci\u00f3n y la direcci\u00f3n sindical de la Uni\u00f3n Ferroviaria.<\/p>\n<p>Plazademayo.com pudo comprobar que el ministerio de Seguridad, a trav\u00e9s de la subsecretaria Cristina Caama\u00f1o, ha tomado cartas en el asunto. Alfonso Severo debe presentarse en Comodoro Py a mediod\u00eda. En estos momentos no hay rastros de su paradero. Esta nota expresa la profunda preocupaci\u00f3n de su familia ante la alarmante circunstancia, que no se puede desvincular de las recientes amenazas que profiri\u00f3 la patota de Pedraza a testigos de esta causa.<\/p>\n","protected":false},"excerpt":{"rendered":"<p>Una fuerte preocupaci\u00f3n acoge a la familia de Alfonso Severo, ferroviario, testigo que debe declarar hoy jueves 4 a mediod\u00eda en el juicio que investiga el asesinato de Mariano Ferreyra. Desde anoche se desconoce su paradero.<\/p>\n","protected":false},"author":4,"featured_media":0,"comment_status":"open","ping_status":"open","sticky":false,"template":"","format":"standard","meta":{"_jetpack_newsletter_access":"","_jetpack_dont_email_post_to_subs":false,"_jetpack_newsletter_tier_id":0,"_jetpack_memberships_contains_paywalled_content":false,"_jetpack_memberships_contains_paid_content":false,"footnotes":""},"categories":[1],"tags":[],"class_list":["post-971","post","type-post","status-publish","format-standard","hentry","category-sociedad"],"jetpack_featured_media_url":"","jetpack_shortlink":"https:\/\/wp.me\/p2JWE0-fF","jetpack-related-posts":[{"id":1009,"url":"https:\/\/www.24baires.com\/?p=1009","url_meta":{"origin":971,"position":0},"title":"Severo, el testigo clave del caso Ferreyra, fue hallado con vida en Avellaneda","author":"AF","date":"04\/10\/2012","format":false,"excerpt":"Alfonso Severo, testigo clave en el juicio por el crimen de Mariano Ferreyra, que desapareci\u00f3 en mi\u00e9rcoles a la noche, horas antes de presentarse en los tribunales, fue hallado con vida en Avellaneda. El Tribunal Oral en lo Criminal 24 inform\u00f3 este jueves que Alfonso Severo, testigo en el juicio\u2026","rel":"","context":"En \u00abSociedad\u00bb","block_context":{"text":"Sociedad","link":"https:\/\/www.24baires.com\/?cat=1"},"img":{"alt_text":"","src":"https:\/\/i0.wp.com\/www.24baires.com\/wp-content\/uploads\/2012\/10\/severo-300x225.jpg?resize=350%2C200","width":350,"height":200},"classes":[]},{"id":2166,"url":"https:\/\/www.24baires.com\/?p=2166","url_meta":{"origin":971,"position":1},"title":"El caso Severo y las complicidades peligrosas de Clar\u00edn y La Naci\u00f3n","author":"Grupo Sierra","date":"14\/10\/2012","format":false,"excerpt":"El secuestro del ex ferroviario Alfonso Severo, testigo clave en la causa que investiga a los responsables del asesinato de Mariano Ferreyra, puso al descubierto la metodolog\u00eda de la llamada \u201ccadena privada e ilegal de mentiras\u201d. La ausencia de informaci\u00f3n sobre su los hechos que derivaron en su desaparici\u00f3n y\u2026","rel":"","context":"En \u00abMedios\u00bb","block_context":{"text":"Medios","link":"https:\/\/www.24baires.com\/?cat=54"},"img":{"alt_text":"","src":"","width":0,"height":0},"classes":[]},{"id":1160,"url":"https:\/\/www.24baires.com\/?p=1160","url_meta":{"origin":971,"position":2},"title":"Ferrobaires niega haber calificado de \u00abmentiroso\u00bb a Severo","author":"AF","date":"06\/10\/2012","format":false,"excerpt":"El Gobierno bonaerense desminti\u00f3 que la empresa estatal Ferrobaires haya enviado un comunicado acusando de \u201cmentiroso\u201d al testigo Alfonso Severo, secuestrado durante 24 horas el d\u00eda en que deb\u00eda declarar en el juicio por la muerte de Mariano Ferreyra. La intervenci\u00f3n de la empresa, controlada por la Provincia desde principios\u2026","rel":"","context":"En \u00abSociedad\u00bb","block_context":{"text":"Sociedad","link":"https:\/\/www.24baires.com\/?cat=1"},"img":{"alt_text":"","src":"","width":0,"height":0},"classes":[]},{"id":2348,"url":"https:\/\/www.24baires.com\/?p=2348","url_meta":{"origin":971,"position":3},"title":"Severo finalmente declar\u00f3 por el asesinato de Ferreyra","author":"AF","date":"16\/10\/2012","format":false,"excerpt":"El testigo afirm\u00f3 que el detenido titular de la Uni\u00f3n Ferroviaria, Jos\u00e9 Pedraza, tuvo una actitud \"irresponsable\" cuando opt\u00f3 por convertirse en \"empresario\" y no defendi\u00f3 a miles de trabajadores ferroviarios en la d\u00e9cada del 90\".\u00a0En tanto, apunt\u00f3 a \"mafias enquistadas\" desde hace veinte a\u00f1os en la empresa Ferrobaires, a\u2026","rel":"","context":"En \u00abSociedad\u00bb","block_context":{"text":"Sociedad","link":"https:\/\/www.24baires.com\/?cat=1"},"img":{"alt_text":"","src":"","width":0,"height":0},"classes":[]},{"id":1113,"url":"https:\/\/www.24baires.com\/?p=1113","url_meta":{"origin":971,"position":4},"title":"\u00abMe dijeron que ni los derechos humanos ni la Presidenta me iban a salvar\u00bb","author":"AF","date":"05\/10\/2012","format":false,"excerpt":"Alfonso Severo, testigo del caso Ferreyra, dio detalles de su secuestro al declarar hoy viernes \u00a0ante la Justicia. Dijo que dos hombres lo mantuvieron cautivo en una furgoneta hasta que el jueves a la noche lo liberaron en Gerli. Ratific\u00f3 que fue golpeado y maniatado con precintos de pl\u00e1stico. Severo\u2026","rel":"","context":"En \u00abSociedad\u00bb","block_context":{"text":"Sociedad","link":"https:\/\/www.24baires.com\/?cat=1"},"img":{"alt_text":"","src":"https:\/\/i0.wp.com\/www.24baires.com\/wp-content\/uploads\/2012\/10\/severook1.jpg?resize=350%2C200","width":350,"height":200,"srcset":"https:\/\/i0.wp.com\/www.24baires.com\/wp-content\/uploads\/2012\/10\/severook1.jpg?resize=350%2C200 1x, https:\/\/i0.wp.com\/www.24baires.com\/wp-content\/uploads\/2012\/10\/severook1.jpg?resize=525%2C300 1.5x"},"classes":[]},{"id":12818,"url":"https:\/\/www.24baires.com\/?p=12818","url_meta":{"origin":971,"position":5},"title":"Caso Ferreyra: \u00abNosotros no mandamos a matar a nadie\u00bb","author":"AF","date":"19\/01\/2013","format":false,"excerpt":"El n\u00famero 2 de los Ferroviarios, Juan Carlos \"Gallego\" Fern\u00e1ndez, rechaz\u00f3 las acusaciones que se les imputa por el crimen del militante del Partido Obrero. Juan Carlos \"Gallego\" Fern\u00e1ndez, uno de los principales acusados del crimen de Mariano Ferreyra y entonces n\u00famero dos de la Uni\u00f3n Ferroviaria, dijo que desde\u2026","rel":"","context":"En \u00abSociedad\u00bb","block_context":{"text":"Sociedad","link":"https:\/\/www.24baires.com\/?cat=1"},"img":{"alt_text":"mariano ferreyra marcha","src":"https:\/\/i0.wp.com\/www.24baires.com\/wp-content\/uploads\/2013\/01\/mariano-ferreyra-marcha.jpg?resize=350%2C200","width":350,"height":200},"classes":[]}],"jetpack_sharing_enabled":true,"jetpack_likes_enabled":true,"_links":{"self":[{"href":"https:\/\/www.24baires.com\/index.php?rest_route=\/wp\/v2\/posts\/971","targetHints":{"allow":["GET"]}}],"collection":[{"href":"https:\/\/www.24baires.com\/index.php?rest_route=\/wp\/v2\/posts"}],"about":[{"href":"https:\/\/www.24baires.com\/index.php?rest_route=\/wp\/v2\/types\/post"}],"author":[{"embeddable":true,"href":"https:\/\/www.24baires.com\/index.php?rest_route=\/wp\/v2\/users\/4"}],"replies":[{"embeddable":true,"href":"https:\/\/www.24baires.com\/index.php?rest_route=%2Fwp%2Fv2%2Fcomments&post=971"}],"version-history":[{"count":0,"href":"https:\/\/www.24baires.com\/index.php?rest_route=\/wp\/v2\/posts\/971\/revisions"}],"wp:attachment":[{"href":"https:\/\/www.24baires.com\/index.php?rest_route=%2Fwp%2Fv2%2Fmedia&parent=971"}],"wp:term":[{"taxonomy":"category","embeddable":true,"href":"https:\/\/www.24baires.com\/index.php?rest_route=%2Fwp%2Fv2%2Fcategories&post=971"},{"taxonomy":"post_tag","embeddable":true,"href":"https:\/\/www.24baires.com\/index.php?rest_route=%2Fwp%2Fv2%2Ftags&post=971"}],"curies":[{"name":"wp","href":"https:\/\/api.w.org\/{rel}","templated":true}]}}