{"id":97068,"date":"2017-08-30T12:00:46","date_gmt":"2017-08-30T15:00:46","guid":{"rendered":"http:\/\/www.24baires.com\/?p=97068"},"modified":"2017-08-30T15:22:47","modified_gmt":"2017-08-30T18:22:47","slug":"querias-grieta-toma","status":"publish","type":"post","link":"https:\/\/www.24baires.com\/?p=97068","title":{"rendered":"\u00bfQuer\u00edas grieta? Tom\u00e1"},"content":{"rendered":"<p><img data-recalc-dims=\"1\" loading=\"lazy\" decoding=\"async\" class=\"aligncenter size-full wp-image-97059\" src=\"https:\/\/i0.wp.com\/www.24baires.com\/wp-content\/uploads\/2017\/08\/protesa-maldonado.jpg?resize=560%2C254\" alt=\"\" width=\"560\" height=\"254\" srcset=\"https:\/\/i0.wp.com\/www.24baires.com\/wp-content\/uploads\/2017\/08\/protesa-maldonado.jpg?w=560&amp;ssl=1 560w, https:\/\/i0.wp.com\/www.24baires.com\/wp-content\/uploads\/2017\/08\/protesa-maldonado.jpg?resize=300%2C136&amp;ssl=1 300w\" sizes=\"auto, (max-width: 560px) 100vw, 560px\" \/><em>\u201cFijate de qu\u00e9 lado de la mecha te encontr\u00e1s,<\/em><br \/>\n<em> con tanto humo el bello fiero fuego no se ve\u201d<\/em><\/p>\n<p><em>(Queso Ruso, Los Redondos)<\/em><!--more--><\/p>\n<p>Si pregunt\u00e1s por Maldonado y te corren con L\u00f3pez, Arruga, Bru, Cash o cualquier otro u otra, no es porque les interese originalmente la suerte corrida por aquellos que desaparecieron desde el retorno de la democracia, es apenas un intento miserable de justificar la propia inacci\u00f3n, la falta de compromiso con el otro. Es que a ciertas personas les calza justo el traje que le venden por televisi\u00f3n: les inventan una f\u00e1bula de indios peligrosos que enfrentan a unos amables inversores extranjeros. Les cierra perfecto la idea que les miente Lanata al o\u00eddo, porque eso los salva de tener que hacer algo.<\/p>\n<p>Es como si cierta necesidad de justificarse a uno mismo llevara a muchas personas a suscribir a empresas tan horribles como ajenas, para as\u00ed evitar escuchar y ver la realidad, que les grita en la cara. Se tapan las orejas con ambas manos, cierran los ojos fuerte, y cantan alaridos, as\u00ed pasan entre medio del infierno que es la Argentina y creen, pobres ilusos ego\u00edstas, que no se queman.<\/p>\n<p>Y la desaparici\u00f3n forzada de Santiago Maldonado es fuego, y todos y todas estamos envueltos por \u00e9l. Porque el Estado es responsable, porque la maquinaria del terror est\u00e1 activa, porque Patricia Bullrich s\u00f3lo dijo la verdad cuando afirm\u00f3 que estaba en el bando de los que no quer\u00edan encontrar a Maldonado.<\/p>\n<p>Porque los que hoy reclamamos por la aparici\u00f3n con vida de Santiago, somos los mismos que pedimos y marchamos por Jorge Julio L\u00f3pez, por Luciano Arruga, por cada mujer asesinada por ser mujer, por cada derecho que nos arrebata este ato de ladrones y asesinos. Porque estamos en el bando contrario a los que quieren corrernos desde el sill\u00f3n de sus casas, control remoto en mano, c\u00f3modos y calentitos, mientras en las calles son nuestras las voces que exigen y demandan cada vez que, justamente en nuestro bando, tomamos lista y nos falt\u00f3 alguien.<\/p>\n<p>Entonces, los que ahora no quieren preguntar por Santiago, son los mismos que siempre se callaron, los que miran para otro lado, los que eligen comprar las mentiras que los medios les venden tan caro, pagando con la propia dignidad para evitar el acto responsable de no desviar la mirada, de pensar y ponerse en el lugar de los dem\u00e1s. Son los que gustan burlarse y banalizar una acci\u00f3n que no admite minimizaci\u00f3n posible: el Estado desapareci\u00f3 a un ciudadano e intenta encubrir los hechos desparramando mentiras por los grandes medios.<\/p>\n<p>Entonces, con esta realidad innegable, no queda lugar en el medio. \u00bfQuer\u00edas grieta? Tom\u00e1. Ac\u00e1 est\u00e1 la m\u00e1s profunda y abismal de todas las grietas: de un lado estamos reclamando y exigi\u00e9ndole al Estado que le diga al pueblo qu\u00e9 pas\u00f3 con Maldonado despu\u00e9s que lo secuestr\u00f3 Gendarmer\u00eda Nacional. Del otro lado est\u00e1n quienes justifican y encubren la desaparici\u00f3n forzada de un hombre. Fijate bien de qu\u00e9 lado ubic\u00e1s tus pies, porque la verdad no se negocia y de esta complicidad perversa no se vuelve.<\/p>\n","protected":false},"excerpt":{"rendered":"<p>\u201cFijate de qu\u00e9 lado de la mecha te encontr\u00e1s, con tanto humo el bello fiero fuego no se ve\u201d (Queso Ruso, Los Redondos)<\/p>\n","protected":false},"author":4,"featured_media":0,"comment_status":"open","ping_status":"open","sticky":false,"template":"","format":"standard","meta":{"_jetpack_newsletter_access":"","_jetpack_dont_email_post_to_subs":false,"_jetpack_newsletter_tier_id":0,"_jetpack_memberships_contains_paywalled_content":false,"_jetpack_memberships_contains_paid_content":false,"footnotes":""},"categories":[64],"tags":[],"class_list":["post-97068","post","type-post","status-publish","format-standard","hentry","category-opinion"],"jetpack_featured_media_url":"","jetpack_shortlink":"https:\/\/wp.me\/p2JWE0-pfC","jetpack-related-posts":[{"id":105096,"url":"https:\/\/www.24baires.com\/?p=105096","url_meta":{"origin":97068,"position":0},"title":"Carri\u00f3 neg\u00f3 la represi\u00f3n mientras la Polic\u00eda agred\u00eda a otros legisladores","author":"AF","date":"24\/10\/2018","format":false,"excerpt":"Una delegaci\u00f3n de parlamentarios, quienes dialogaron con el jefe del Operativo para que detenga el ataque contra los manifestantes, fueron heridos y rociados con gas pimienta. El diputado Andr\u00e9s Larroque, del Frente para la Victoria, tuvo que recurrir a un puesto de enfermer\u00eda por las secuelas del gas pimienta y\u2026","rel":"","context":"En \u00abSociedad\u00bb","block_context":{"text":"Sociedad","link":"https:\/\/www.24baires.com\/?cat=1"},"img":{"alt_text":"","src":"https:\/\/i0.wp.com\/www.24baires.com\/wp-content\/uploads\/2018\/10\/represi%C3%B3n.jpg?resize=350%2C200","width":350,"height":200,"srcset":"https:\/\/i0.wp.com\/www.24baires.com\/wp-content\/uploads\/2018\/10\/represi%C3%B3n.jpg?resize=350%2C200 1x, https:\/\/i0.wp.com\/www.24baires.com\/wp-content\/uploads\/2018\/10\/represi%C3%B3n.jpg?resize=525%2C300 1.5x"},"classes":[]},{"id":9382,"url":"https:\/\/www.24baires.com\/?p=9382","url_meta":{"origin":97068,"position":1},"title":"Ahora un peritaje psicol\u00f3gico dice que Sonia Molina \u00abestaba de acuerdo en realizar ayunos\u00bb","author":"Grupo Sierra","date":"16\/12\/2012","format":false,"excerpt":"CORONEL SU\u00c1REZ - Un peritaje psicol\u00f3gico incorporado a la causa en la que est\u00e1n detenidos la periodista Estefan\u00eda Heit y su marido, Jes\u00fas Olivera, afirma que Sonia Molina \"estaba de acuerdo con los ayunos\" .En base a este resultado, el abogado de Heit, Leonardo G\u00f3mez Talamoni, solicit\u00f3 la libertad de\u2026","rel":"","context":"En \u00abPoliciales\u00bb","block_context":{"text":"Policiales","link":"https:\/\/www.24baires.com\/?cat=49"},"img":{"alt_text":"molina sonia","src":"https:\/\/i0.wp.com\/www.24baires.com\/wp-content\/uploads\/2012\/11\/molina-sonia-266x300.jpg?resize=350%2C200","width":350,"height":200},"classes":[]},{"id":65670,"url":"https:\/\/www.24baires.com\/?p=65670","url_meta":{"origin":97068,"position":2},"title":"Cuestionan a los medios que justifican los femicidios \u00abpor amor\u00bb","author":"AF","date":"10\/05\/2015","format":false,"excerpt":"El asesinato de Gabriela Parra, perpetrado el 2 de mayo en un bar porte\u00f1o ante decenas de personas, impact\u00f3 en la prensa, que en algunos casos eligi\u00f3 hablar de \"amor tr\u00e1gico\" o de \"matar por amor\", lo que fue cuestionado por especialistas en g\u00e9nero y en comunicaci\u00f3n que coincidieron en\u2026","rel":"","context":"En \u00abSociedad\u00bb","block_context":{"text":"Sociedad","link":"https:\/\/www.24baires.com\/?cat=1"},"img":{"alt_text":"femicidio","src":"https:\/\/i0.wp.com\/www.24baires.com\/wp-content\/uploads\/2015\/05\/femicidio.jpg?resize=350%2C200","width":350,"height":200,"srcset":"https:\/\/i0.wp.com\/www.24baires.com\/wp-content\/uploads\/2015\/05\/femicidio.jpg?resize=350%2C200 1x, https:\/\/i0.wp.com\/www.24baires.com\/wp-content\/uploads\/2015\/05\/femicidio.jpg?resize=525%2C300 1.5x"},"classes":[]},{"id":119294,"url":"https:\/\/www.24baires.com\/?p=119294","url_meta":{"origin":97068,"position":3},"title":"El gobierno discute el esquema de seguridad de los ministros","author":"AF","date":"05\/09\/2022","format":false,"excerpt":"El titular de la AFI hizo el planteo en la reuni\u00f3n del gabinete del viernes pasado, horas despu\u00e9s del atentado. Casa Militar -que tiene a cargo la seguridad del Presidente- sali\u00f3 a bajarle el tono a las alarmas: \"Nadie est\u00e1 pensando variaciones del protocolo m\u00e1s all\u00e1 de lo obvio\", dijeron.\u2026","rel":"","context":"En \u00abPol\u00edtica\u00bb","block_context":{"text":"Pol\u00edtica","link":"https:\/\/www.24baires.com\/?cat=51"},"img":{"alt_text":"","src":"https:\/\/i0.wp.com\/www.24baires.com\/wp-content\/uploads\/2022\/09\/fernandez-ministros.jpg?resize=350%2C200","width":350,"height":200,"srcset":"https:\/\/i0.wp.com\/www.24baires.com\/wp-content\/uploads\/2022\/09\/fernandez-ministros.jpg?resize=350%2C200 1x, https:\/\/i0.wp.com\/www.24baires.com\/wp-content\/uploads\/2022\/09\/fernandez-ministros.jpg?resize=525%2C300 1.5x, https:\/\/i0.wp.com\/www.24baires.com\/wp-content\/uploads\/2022\/09\/fernandez-ministros.jpg?resize=700%2C400 2x"},"classes":[]},{"id":72919,"url":"https:\/\/www.24baires.com\/?p=72919","url_meta":{"origin":97068,"position":4},"title":"Hasta el 8 de octubre se puede justificar por qu\u00e9 no se vot\u00f3 en las PASO","author":"GB","date":"30\/09\/2015","format":false,"excerpt":"Los electores que no votaron en las primarias del 9 de agosto tienen tiempo hasta el 8 de octubre para justificar por qu\u00e9 no emitieron su voto, sino son considerados infractores y deber\u00e1n pagar una multa en caso de no poder explicar no haber votado, aunque esto no impide que\u2026","rel":"","context":"En \u00abElecciones 2015\u00bb","block_context":{"text":"Elecciones 2015","link":"https:\/\/www.24baires.com\/?cat=74"},"img":{"alt_text":"","src":"","width":0,"height":0},"classes":[]},{"id":73287,"url":"https:\/\/www.24baires.com\/?p=73287","url_meta":{"origin":97068,"position":5},"title":"Vence el plazo para justificar la no emisi\u00f3n del voto","author":"AF","date":"07\/10\/2015","format":false,"excerpt":"La C\u00e1mara Nacional Electoral inform\u00f3 este mi\u00e9rcoles que a partir de ma\u00f1ana vence el plazo para justificar la no emisi\u00f3n del voto del 9 de agosto de 2015. En la Ciudad de Buenos Aires, la justificaci\u00f3n se puede hacer personalmente en Leandro N. Alem 232, en el horario de 8\u2026","rel":"","context":"En \u00abElecciones 2015\u00bb","block_context":{"text":"Elecciones 2015","link":"https:\/\/www.24baires.com\/?cat=74"},"img":{"alt_text":"urna3","src":"https:\/\/i0.wp.com\/www.24baires.com\/wp-content\/uploads\/2013\/08\/urna3.jpg?resize=350%2C200","width":350,"height":200,"srcset":"https:\/\/i0.wp.com\/www.24baires.com\/wp-content\/uploads\/2013\/08\/urna3.jpg?resize=350%2C200 1x, https:\/\/i0.wp.com\/www.24baires.com\/wp-content\/uploads\/2013\/08\/urna3.jpg?resize=525%2C300 1.5x"},"classes":[]}],"jetpack_sharing_enabled":true,"jetpack_likes_enabled":true,"_links":{"self":[{"href":"https:\/\/www.24baires.com\/index.php?rest_route=\/wp\/v2\/posts\/97068","targetHints":{"allow":["GET"]}}],"collection":[{"href":"https:\/\/www.24baires.com\/index.php?rest_route=\/wp\/v2\/posts"}],"about":[{"href":"https:\/\/www.24baires.com\/index.php?rest_route=\/wp\/v2\/types\/post"}],"author":[{"embeddable":true,"href":"https:\/\/www.24baires.com\/index.php?rest_route=\/wp\/v2\/users\/4"}],"replies":[{"embeddable":true,"href":"https:\/\/www.24baires.com\/index.php?rest_route=%2Fwp%2Fv2%2Fcomments&post=97068"}],"version-history":[{"count":3,"href":"https:\/\/www.24baires.com\/index.php?rest_route=\/wp\/v2\/posts\/97068\/revisions"}],"predecessor-version":[{"id":97071,"href":"https:\/\/www.24baires.com\/index.php?rest_route=\/wp\/v2\/posts\/97068\/revisions\/97071"}],"wp:attachment":[{"href":"https:\/\/www.24baires.com\/index.php?rest_route=%2Fwp%2Fv2%2Fmedia&parent=97068"}],"wp:term":[{"taxonomy":"category","embeddable":true,"href":"https:\/\/www.24baires.com\/index.php?rest_route=%2Fwp%2Fv2%2Fcategories&post=97068"},{"taxonomy":"post_tag","embeddable":true,"href":"https:\/\/www.24baires.com\/index.php?rest_route=%2Fwp%2Fv2%2Ftags&post=97068"}],"curies":[{"name":"wp","href":"https:\/\/api.w.org\/{rel}","templated":true}]}}