{"id":96841,"date":"2017-08-20T15:18:58","date_gmt":"2017-08-20T18:18:58","guid":{"rendered":"http:\/\/www.24baires.com\/?p=96841"},"modified":"2017-08-20T15:18:58","modified_gmt":"2017-08-20T18:18:58","slug":"clarin-se-burlo-de-la-desaparicion-de-santiago-maldonado-con-una-lamentable-frase","status":"publish","type":"post","link":"https:\/\/www.24baires.com\/?p=96841","title":{"rendered":"Clar\u00edn se burl\u00f3 de la desaparici\u00f3n de Santiago Maldonado con una lamentable frase"},"content":{"rendered":"<p><img data-recalc-dims=\"1\" loading=\"lazy\" decoding=\"async\" src=\"https:\/\/i0.wp.com\/www.24baires.com\/wp-content\/uploads\/2017\/08\/maldonado.jpg?resize=560%2C314\" alt=\"\" width=\"560\" height=\"314\" class=\"aligncenter size-full wp-image-96519\" srcset=\"https:\/\/i0.wp.com\/www.24baires.com\/wp-content\/uploads\/2017\/08\/maldonado.jpg?w=560&amp;ssl=1 560w, https:\/\/i0.wp.com\/www.24baires.com\/wp-content\/uploads\/2017\/08\/maldonado.jpg?resize=300%2C168&amp;ssl=1 300w\" sizes=\"auto, (max-width: 560px) 100vw, 560px\" \/>Lo escribi\u00f3 Eduardo van der Kooy y ya genera fuerte rechazo.<!--more--><\/p>\n<p>El diario Clar\u00edn public\u00f3 hoy un lamentable editorial sobre la desaparici\u00f3n de Santiago Maldonado.<\/p>\n<p>El mismo fue escrito por el periodista del diario y de TN Eduardo van der Kooy y ya genera fuerte rechazo.<\/p>\n<p>En el mismo, el diario afirma que \u00abel artesano se hizo humo\u00bb. El periodista adem\u00e1s ejerce una suerte de defensa de Patricia Bullrich y revela que la ministra maneja la hip\u00f3tesis de que la desaparici\u00f3n se debe una interna de los mapuches.<\/p>\n","protected":false},"excerpt":{"rendered":"<p>Lo escribi\u00f3 Eduardo van der Kooy y ya genera fuerte rechazo.<\/p>\n","protected":false},"author":8,"featured_media":0,"comment_status":"open","ping_status":"open","sticky":false,"template":"","format":"standard","meta":{"_jetpack_newsletter_access":"","_jetpack_dont_email_post_to_subs":false,"_jetpack_newsletter_tier_id":0,"_jetpack_memberships_contains_paywalled_content":false,"_jetpack_memberships_contains_paid_content":false,"footnotes":""},"categories":[54],"tags":[],"class_list":["post-96841","post","type-post","status-publish","format-standard","hentry","category-medios"],"jetpack_featured_media_url":"","jetpack_shortlink":"https:\/\/wp.me\/p2JWE0-pbX","jetpack-related-posts":[{"id":21899,"url":"https:\/\/www.24baires.com\/?p=21899","url_meta":{"origin":96841,"position":0},"title":"Moreno y Kicillof patoteados en Asamblea de Accionistas del Grupo Clar\u00edn","author":"Grupo Sierra","date":"25\/04\/2013","format":false,"excerpt":"El secretario de Comercio Interior, Guillermo Moreno, y el viceministro de Econom\u00eda, Axel Kicillof, ingresaron al edificio del Grupo Clar\u00edn en el barrio porte\u00f1o de Barracas, con el fin de participar de la asamblea de accionistas en representaci\u00f3n del Estado. En medio de insultos y amenazas de algunos empleados de\u2026","rel":"","context":"En \u00abPol\u00edtica\u00bb","block_context":{"text":"Pol\u00edtica","link":"https:\/\/www.24baires.com\/?cat=51"},"img":{"alt_text":"grupo clarin","src":"https:\/\/i0.wp.com\/www.24baires.com\/wp-content\/uploads\/2013\/04\/grupo-clarin.jpg?resize=350%2C200","width":350,"height":200,"srcset":"https:\/\/i0.wp.com\/www.24baires.com\/wp-content\/uploads\/2013\/04\/grupo-clarin.jpg?resize=350%2C200 1x, https:\/\/i0.wp.com\/www.24baires.com\/wp-content\/uploads\/2013\/04\/grupo-clarin.jpg?resize=525%2C300 1.5x"},"classes":[]},{"id":58210,"url":"https:\/\/www.24baires.com\/?p=58210","url_meta":{"origin":96841,"position":1},"title":"Para Cabandi\u00e9, el amparo contra la ley de medios \u00abes una actitud de expl\u00edcito autoritarismo\u00bb","author":"GB","date":"06\/12\/2014","format":false,"excerpt":"El diputado nacional del Frente para la Victoria, Juan Cabandi\u00e9, dijo hoy que \u201ces una actitud de expl\u00edcito autoritarismo\u201d la presentaci\u00f3n del recurso de amparo interpuesta por periodistas famosos del Grupo Clar\u00edn, en contra de que el multimedio cumpla con la adecuaci\u00f3n a la Ley de Servicios de Comunicaci\u00f3n Audiovisual.\u2026","rel":"","context":"En \u00abMedios\u00bb","block_context":{"text":"Medios","link":"https:\/\/www.24baires.com\/?cat=54"},"img":{"alt_text":"cabandi\u00e9","src":"https:\/\/i0.wp.com\/www.24baires.com\/wp-content\/uploads\/2013\/10\/cabandi%C3%A9.jpg?resize=350%2C200","width":350,"height":200,"srcset":"https:\/\/i0.wp.com\/www.24baires.com\/wp-content\/uploads\/2013\/10\/cabandi%C3%A9.jpg?resize=350%2C200 1x, https:\/\/i0.wp.com\/www.24baires.com\/wp-content\/uploads\/2013\/10\/cabandi%C3%A9.jpg?resize=525%2C300 1.5x"},"classes":[]},{"id":62039,"url":"https:\/\/www.24baires.com\/?p=62039","url_meta":{"origin":96841,"position":2},"title":"Ley de Medios: confirmaron la suspensi\u00f3n de la adecuaci\u00f3n de Clar\u00edn","author":"Grupo Sierra","date":"20\/02\/2015","format":false,"excerpt":"La Sala I de la C\u00e1mara Nacional de Apelaciones en lo Civil y Comercial Federal ratific\u00f3 este viernes el fallo del juez Horacio Alfonso que, como medida cautelar, hab\u00eda dispuesto el 9 de diciembre pasado la suspensi\u00f3n de los efectos de la Resoluci\u00f3n N\u00ba 1121\/AFSCA\/2014 y, por ende, del \"Procedimiento\u2026","rel":"","context":"En \u00abJUDICIALES\u00bb","block_context":{"text":"JUDICIALES","link":"https:\/\/www.24baires.com\/?cat=68"},"img":{"alt_text":"clar\u00edn","src":"https:\/\/i0.wp.com\/www.24baires.com\/wp-content\/uploads\/2014\/10\/clar%C3%ADn.jpg?resize=350%2C200","width":350,"height":200,"srcset":"https:\/\/i0.wp.com\/www.24baires.com\/wp-content\/uploads\/2014\/10\/clar%C3%ADn.jpg?resize=350%2C200 1x, https:\/\/i0.wp.com\/www.24baires.com\/wp-content\/uploads\/2014\/10\/clar%C3%ADn.jpg?resize=525%2C300 1.5x"},"classes":[]},{"id":58545,"url":"https:\/\/www.24baires.com\/?p=58545","url_meta":{"origin":96841,"position":3},"title":"Afsca present\u00f3 su descargo a la cautelar solicitada por el Grupo Clar\u00edn","author":"GB","date":"12\/12\/2014","format":false,"excerpt":"La Autoridad Federal de Servicios de Comunicaci\u00f3n Audiovisual (Afsca) present\u00f3 ante la justicia su descargo al pedido de amparo solicitado la semana pasada por periodistas del Grupo Clar\u00edn, quienes objetaron la adecuaci\u00f3n de oficio de la empresa a la ley de medios por considerarla un acto de censura indirecta. En\u2026","rel":"","context":"En \u00abMedios\u00bb","block_context":{"text":"Medios","link":"https:\/\/www.24baires.com\/?cat=54"},"img":{"alt_text":"AFSCA","src":"https:\/\/i0.wp.com\/www.24baires.com\/wp-content\/uploads\/2012\/11\/AFSCA.jpg?resize=350%2C200","width":350,"height":200},"classes":[]},{"id":58312,"url":"https:\/\/www.24baires.com\/?p=58312","url_meta":{"origin":96841,"position":4},"title":"Periodistas de Clar\u00edn presentaron un amparo contra la adecuaci\u00f3n a la ley de Medios","author":"Grupo Sierra","date":"08\/12\/2014","format":false,"excerpt":"Nelson Castro, Fern\u00e1ndez D\u00edaz, Blanck, Lanata, Leuco, Longobardi, Morales Sol\u00e1, Ruiz Gui\u00f1az\u00fa y Van der Kooy quieren detener la adecuaci\u00f3n de oficio de Clar\u00edn. Ins\u00f3litamente, los periodistas presentaron una acci\u00f3n de amparo contra la resoluci\u00f3n de AFSCA que establece el inicio de la adecuaci\u00f3n de oficio del Grupo Clar\u00edn a\u2026","rel":"","context":"En \u00abJUDICIALES\u00bb","block_context":{"text":"JUDICIALES","link":"https:\/\/www.24baires.com\/?cat=68"},"img":{"alt_text":"clar\u00edn mitre","src":"https:\/\/i0.wp.com\/www.24baires.com\/wp-content\/uploads\/2014\/11\/clar%C3%ADn-mitre.jpg?resize=350%2C200","width":350,"height":200,"srcset":"https:\/\/i0.wp.com\/www.24baires.com\/wp-content\/uploads\/2014\/11\/clar%C3%ADn-mitre.jpg?resize=350%2C200 1x, https:\/\/i0.wp.com\/www.24baires.com\/wp-content\/uploads\/2014\/11\/clar%C3%ADn-mitre.jpg?resize=525%2C300 1.5x"},"classes":[]},{"id":101982,"url":"https:\/\/www.24baires.com\/?p=101982","url_meta":{"origin":96841,"position":5},"title":"Seguir\u00e1n investigando la muerte de Santiago como desaparici\u00f3n forzada","author":"AF","date":"06\/05\/2018","format":false,"excerpt":"El juez rechaz\u00f3 el pedido del Gobierno para cambiar la car\u00e1tula a muerte dudosa. El juez federal de Rawson Gustavo Lleral ratific\u00f3 su negativa a modificar la car\u00e1tula por la muerte del joven Santiago Maldonado. El Ministerio de Seguridad de la Naci\u00f3n hab\u00eda presentado a fines de abril un recurso\u2026","rel":"","context":"En \u00abJUDICIALES\u00bb","block_context":{"text":"JUDICIALES","link":"https:\/\/www.24baires.com\/?cat=68"},"img":{"alt_text":"","src":"https:\/\/i0.wp.com\/www.24baires.com\/wp-content\/uploads\/2017\/08\/maldonadoo.jpg?resize=350%2C200","width":350,"height":200,"srcset":"https:\/\/i0.wp.com\/www.24baires.com\/wp-content\/uploads\/2017\/08\/maldonadoo.jpg?resize=350%2C200 1x, https:\/\/i0.wp.com\/www.24baires.com\/wp-content\/uploads\/2017\/08\/maldonadoo.jpg?resize=525%2C300 1.5x"},"classes":[]}],"jetpack_sharing_enabled":true,"jetpack_likes_enabled":true,"_links":{"self":[{"href":"https:\/\/www.24baires.com\/index.php?rest_route=\/wp\/v2\/posts\/96841","targetHints":{"allow":["GET"]}}],"collection":[{"href":"https:\/\/www.24baires.com\/index.php?rest_route=\/wp\/v2\/posts"}],"about":[{"href":"https:\/\/www.24baires.com\/index.php?rest_route=\/wp\/v2\/types\/post"}],"author":[{"embeddable":true,"href":"https:\/\/www.24baires.com\/index.php?rest_route=\/wp\/v2\/users\/8"}],"replies":[{"embeddable":true,"href":"https:\/\/www.24baires.com\/index.php?rest_route=%2Fwp%2Fv2%2Fcomments&post=96841"}],"version-history":[{"count":1,"href":"https:\/\/www.24baires.com\/index.php?rest_route=\/wp\/v2\/posts\/96841\/revisions"}],"predecessor-version":[{"id":96842,"href":"https:\/\/www.24baires.com\/index.php?rest_route=\/wp\/v2\/posts\/96841\/revisions\/96842"}],"wp:attachment":[{"href":"https:\/\/www.24baires.com\/index.php?rest_route=%2Fwp%2Fv2%2Fmedia&parent=96841"}],"wp:term":[{"taxonomy":"category","embeddable":true,"href":"https:\/\/www.24baires.com\/index.php?rest_route=%2Fwp%2Fv2%2Fcategories&post=96841"},{"taxonomy":"post_tag","embeddable":true,"href":"https:\/\/www.24baires.com\/index.php?rest_route=%2Fwp%2Fv2%2Ftags&post=96841"}],"curies":[{"name":"wp","href":"https:\/\/api.w.org\/{rel}","templated":true}]}}