{"id":9680,"date":"2012-12-19T10:17:15","date_gmt":"2012-12-19T13:17:15","guid":{"rendered":"http:\/\/www.24baires.com\/?p=9680"},"modified":"2012-12-19T10:17:20","modified_gmt":"2012-12-19T13:17:20","slug":"aprobaran-la-reforma-a-la-ley-de-trata","status":"publish","type":"post","link":"https:\/\/www.24baires.com\/?p=9680","title":{"rendered":"Aprobar\u00e1n la reforma a la Ley de Trata"},"content":{"rendered":"<p><a href=\"http:\/\/www.24baires.com\/sociedad\/9680-aprobaran-la-reforma-a-la-ley-de-trata\/attachment\/congreso-nacional\/\" rel=\"attachment wp-att-9681\"><img data-recalc-dims=\"1\" loading=\"lazy\" decoding=\"async\" class=\"alignleft size-full wp-image-9681\" alt=\"congreso nacional\" src=\"https:\/\/i0.wp.com\/www.24baires.com\/wp-content\/uploads\/2012\/12\/congreso-nacional.jpg?resize=300%2C200\" width=\"300\" height=\"200\" \/><\/a>La C\u00e1mara de Diputados sancionar\u00e1 el texto proveniente del Senado que aumenta las penas por este delito y elimina el consentimiento como causal para eximir a los acusados de responsabilidad penal. La sesi\u00f3n fue convocada para las 13.<!--more--><\/p>\n<p>La C\u00e1mara de Diputados convertir\u00e1 en ley este mi\u00e9rcoles las modificaciones a la Ley 26.364 de Prevenci\u00f3n y Sanci\u00f3n de la Trata de Personas y Asistencia a sus V\u00edctimas. Lo har\u00e1 en el marco de una sesi\u00f3n convocada para las 13, y que se extender\u00e1 durante toda la jornada.<\/p>\n<p>A la hora de votar, el oficialismo contar\u00e1 con el apoyo en general de los bloques opositores, que formular\u00e1n algunas observaciones. El texto proveniente del Senado cuenta con dictamen favorable de las comisiones de Legislaci\u00f3n Penal, Familia y Presupuesto.<\/p>\n<p>Ejes del proyecto<\/p>\n<p>La propuesta de ley define como \u201ctrata de personas\u201d al \u201cofrecimiento, la captaci\u00f3n, el traslado, la recepci\u00f3n o acogida de personas con fines de explotaci\u00f3n, ya sea dentro del territorio nacional, como desde o hacia otros pa\u00edses\u201d.<\/p>\n<p>Adem\u00e1s establece que \u201cel consentimiento dado por la v\u00edctima de la trata y explotaci\u00f3n de personas no constituir\u00e1 en ning\u00fan caso causal de eximici\u00f3n de responsabilidad penal, civil o administrativa de los autores, part\u00edcipes, cooperadores o instigadores\u201d.<\/p>\n<p>Adem\u00e1s, castiga al proxenetismo con prisi\u00f3n de cuatro a seis a\u00f1os, al que explote econ\u00f3micamente el ejercicio de la prostituci\u00f3n de una persona, y tambi\u00e9n al que \u201cpromueva o facilite la prostituci\u00f3n\u201d de la misma. Asimismo, cuando la v\u00edctima fuere menor de 18 a\u00f1os, la pena ser\u00eda de 10 a 15 a\u00f1os de prisi\u00f3n.<\/p>\n<p>Se contemplan agravantes cuando, para someter a la v\u00edctima, se emplee violencia, amenazas o cualquier otro medio de intimidaci\u00f3n o coerci\u00f3n; cuando el autor fuera familiar, c\u00f3nyuge, autoridad o ministro de cualquier culto, o encargado de la educaci\u00f3n o de la guarda de la v\u00edctima, o funcionario p\u00fablico o miembro de una fuerza de seguridad.<\/p>\n<p>Otro de los puntos importantes tiene que ver con obligar al Estado nacional a brindar, gratuitamente, asistencia m\u00e9dica y psicol\u00f3gica; otorgar capacitaci\u00f3n laboral y ayuda en la b\u00fasqueda de empleo; y a colaborar en la incorporaci\u00f3n de la v\u00edctima en el sistema educativo.<\/p>\n<p>El proyecto crea tambi\u00e9n tanto un Consejo Federal como un Comit\u00e9 Ejecutivo para la Lucha contra la Trata de Personas y para la Protecci\u00f3n y Asistencia a las V\u00edctimas, con la funci\u00f3n de dise\u00f1ar la estrategia destinada a combatir la trata y explotaci\u00f3n de personas.<\/p>\n<p>La nueva ley crea, en el \u00e1mbito del Ministerio P\u00fablico Fiscal un Sistema Sincronizado de Denuncias sobre el Delito de Trata y Explotaci\u00f3n de Personas, y se le asigna el n\u00famero telef\u00f3nico 145 en todo el territorio nacional.<\/p>\n<p>Tambi\u00e9n se establece que, \u201csiempre que fuere posible, las declaraciones de las v\u00edctimas de los delitos de trata y explotaci\u00f3n de personas ser\u00e1n entrevistadas por un psic\u00f3logo, no pudiendo en ning\u00fan caso ser interrogadas en forma directa por las partes\u201d.<\/p>\n<p>&nbsp;<\/p>\n<p>&nbsp;<\/p>\n<p>&nbsp;<\/p>\n<p>&nbsp;<\/p>\n<p>&nbsp;<\/p>\n<p>&nbsp;<\/p>\n<p>&nbsp;<\/p>\n<p>&nbsp;<\/p>\n<p>&nbsp;<\/p>\n<p>&nbsp;<\/p>\n<p>&nbsp;<\/p>\n<p>&nbsp;<\/p>\n<p>&nbsp;<\/p>\n<p>&nbsp;<\/p>\n","protected":false},"excerpt":{"rendered":"<p>La C\u00e1mara de Diputados sancionar\u00e1 el texto proveniente del Senado que aumenta las penas por este delito y elimina el consentimiento como causal para eximir a los acusados de responsabilidad penal. La sesi\u00f3n fue convocada para las 13.<\/p>\n","protected":false},"author":4,"featured_media":0,"comment_status":"open","ping_status":"open","sticky":false,"template":"","format":"standard","meta":{"_jetpack_newsletter_access":"","_jetpack_dont_email_post_to_subs":false,"_jetpack_newsletter_tier_id":0,"_jetpack_memberships_contains_paywalled_content":false,"_jetpack_memberships_contains_paid_content":false,"footnotes":""},"categories":[1],"tags":[],"class_list":["post-9680","post","type-post","status-publish","format-standard","hentry","category-sociedad"],"jetpack_featured_media_url":"","jetpack_shortlink":"https:\/\/wp.me\/p2JWE0-2w8","jetpack-related-posts":[{"id":113519,"url":"https:\/\/www.24baires.com\/?p=113519","url_meta":{"origin":9680,"position":0},"title":"Tras la media sanci\u00f3n, el senado debate este viernes la Ley de Solidaridad Social","author":"GB","date":"20\/12\/2019","format":false,"excerpt":"Tras la media sanci\u00f3n de Diputados y con Cristina al frente del cuerpo, la C\u00e1mara alta trata hoy la emergencia econ\u00f3mica impulsada por el Gobierno. El Senado, en su primera sesi\u00f3n con Cristina Kirchner al frente del cuerpo, debatir\u00e1 a partir de las 14 el proyecto de Ley de Solidaridad\u2026","rel":"","context":"En \u00abPol\u00edtica\u00bb","block_context":{"text":"Pol\u00edtica","link":"https:\/\/www.24baires.com\/?cat=51"},"img":{"alt_text":"","src":"https:\/\/i0.wp.com\/www.24baires.com\/wp-content\/uploads\/2018\/08\/senado.jpg?resize=350%2C200","width":350,"height":200,"srcset":"https:\/\/i0.wp.com\/www.24baires.com\/wp-content\/uploads\/2018\/08\/senado.jpg?resize=350%2C200 1x, https:\/\/i0.wp.com\/www.24baires.com\/wp-content\/uploads\/2018\/08\/senado.jpg?resize=525%2C300 1.5x"},"classes":[]},{"id":105437,"url":"https:\/\/www.24baires.com\/?p=105437","url_meta":{"origin":9680,"position":1},"title":"Cambiemos conf\u00eda que el presupuesto se convertir\u00e1 en ley en el Senado","author":"GB","date":"14\/11\/2018","format":false,"excerpt":"Pese a la fractura en el bloque de Miguel Pichetto que funcionaba como aliado trascendental en las votaciones de la C\u00e1mara Alta, el oficialismo conf\u00eda en que podr\u00e1 darle la restante media sanci\u00f3n al presupuesto de ajuste consensuado con el FMI y que ya cuenta con media sanci\u00f3n en Diputados.\u2026","rel":"","context":"En \u00abEconom\u00eda\u00bb","block_context":{"text":"Econom\u00eda","link":"https:\/\/www.24baires.com\/?cat=45"},"img":{"alt_text":"","src":"https:\/\/i0.wp.com\/www.24baires.com\/wp-content\/uploads\/2018\/08\/senado.jpg?resize=350%2C200","width":350,"height":200,"srcset":"https:\/\/i0.wp.com\/www.24baires.com\/wp-content\/uploads\/2018\/08\/senado.jpg?resize=350%2C200 1x, https:\/\/i0.wp.com\/www.24baires.com\/wp-content\/uploads\/2018\/08\/senado.jpg?resize=525%2C300 1.5x"},"classes":[]},{"id":113720,"url":"https:\/\/www.24baires.com\/?p=113720","url_meta":{"origin":9680,"position":2},"title":"Con media sanci\u00f3n, el Senado trata la Ley Impositiva","author":"AF","date":"08\/01\/2020","format":false,"excerpt":"Tras un cuarto intermedio por negociaciones de \u00faltimo momento con la oposici\u00f3n, el oficialismo bonaerense logr\u00f3 darle media sanci\u00f3n a la ley impositiva. Desde la 16 se trata en el Senado. Luego de un nuevo cuarto intermedio por negociaciones de \u00faltimo momento entre el gobierno de Axel Kicillof y la\u2026","rel":"","context":"En \u00abProvincia\u00bb","block_context":{"text":"Provincia","link":"https:\/\/www.24baires.com\/?cat=40"},"img":{"alt_text":"","src":"https:\/\/i0.wp.com\/www.24baires.com\/wp-content\/uploads\/2019\/11\/kicillof.jpg?resize=350%2C200","width":350,"height":200,"srcset":"https:\/\/i0.wp.com\/www.24baires.com\/wp-content\/uploads\/2019\/11\/kicillof.jpg?resize=350%2C200 1x, https:\/\/i0.wp.com\/www.24baires.com\/wp-content\/uploads\/2019\/11\/kicillof.jpg?resize=525%2C300 1.5x"},"classes":[]},{"id":116717,"url":"https:\/\/www.24baires.com\/?p=116717","url_meta":{"origin":9680,"position":3},"title":"Diputados aprob\u00f3 el Presupuesto 2021 y lo convirti\u00f3 en ley","author":"AF","date":"17\/11\/2020","format":false,"excerpt":"El plan de gastos y recursos del Estado para el pr\u00f3ximo a\u00f1o fue sancionado por 139 votos, pero hubo 83 abstenciones. La C\u00e1mara de Diputados convirti\u00f3 en ley el proyecto de Presupuesto 2021 durante la sesi\u00f3n de este martes con 139 votos a favor, 20 en contra y 83 abstenciones.\u2026","rel":"","context":"En \u00abSociedad\u00bb","block_context":{"text":"Sociedad","link":"https:\/\/www.24baires.com\/?cat=1"},"img":{"alt_text":"","src":"https:\/\/i0.wp.com\/www.24baires.com\/wp-content\/uploads\/2020\/08\/congreso.jpg?resize=350%2C200","width":350,"height":200,"srcset":"https:\/\/i0.wp.com\/www.24baires.com\/wp-content\/uploads\/2020\/08\/congreso.jpg?resize=350%2C200 1x, https:\/\/i0.wp.com\/www.24baires.com\/wp-content\/uploads\/2020\/08\/congreso.jpg?resize=525%2C300 1.5x"},"classes":[]},{"id":103007,"url":"https:\/\/www.24baires.com\/?p=103007","url_meta":{"origin":9680,"position":4},"title":"El Senado votar\u00e1 el aborto legal el pr\u00f3ximo 8 de agosto","author":"AF","date":"26\/06\/2018","format":false,"excerpt":"Esta semana arranc\u00f3 el tratamiento en comisiones y se acord\u00f3 en la reuni\u00f3n de Labor Parlamentaria de este martes entre los jefes de bloques la fecha del tratamiento del proyecto en el recinto. Los jefes de las bancadas del Senado acordaron este martes que la votaci\u00f3n de la ley del\u2026","rel":"","context":"En \u00abSociedad\u00bb","block_context":{"text":"Sociedad","link":"https:\/\/www.24baires.com\/?cat=1"},"img":{"alt_text":"","src":"https:\/\/i0.wp.com\/www.24baires.com\/wp-content\/uploads\/2018\/02\/aborto.jpg?resize=350%2C200","width":350,"height":200,"srcset":"https:\/\/i0.wp.com\/www.24baires.com\/wp-content\/uploads\/2018\/02\/aborto.jpg?resize=350%2C200 1x, https:\/\/i0.wp.com\/www.24baires.com\/wp-content\/uploads\/2018\/02\/aborto.jpg?resize=525%2C300 1.5x"},"classes":[]},{"id":116905,"url":"https:\/\/www.24baires.com\/?p=116905","url_meta":{"origin":9680,"position":5},"title":"El Senado buscar\u00e1 emitir dictamen al proyecto de legalizaci\u00f3n del aborto","author":"GB","date":"17\/12\/2020","format":false,"excerpt":"Los legisladores se reunir\u00e1n este jueves para pasar a la firma el dictamen con la intenci\u00f3n con el objetivo de debatir el proyecto en la sesi\u00f3n del martes 29 de diciembre El plenario de comisiones de Banca de la Mujer, Justicia y Asuntos Penales y de Salud, que tiene a\u2026","rel":"","context":"En \u00abPol\u00edtica\u00bb","block_context":{"text":"Pol\u00edtica","link":"https:\/\/www.24baires.com\/?cat=51"},"img":{"alt_text":"","src":"https:\/\/i0.wp.com\/www.24baires.com\/wp-content\/uploads\/2020\/11\/el-senado-comenzara-tratar-la-ley-del-aporte-extraordinario-el-martes-300x225.jpg?resize=350%2C200","width":350,"height":200},"classes":[]}],"jetpack_sharing_enabled":true,"jetpack_likes_enabled":true,"_links":{"self":[{"href":"https:\/\/www.24baires.com\/index.php?rest_route=\/wp\/v2\/posts\/9680","targetHints":{"allow":["GET"]}}],"collection":[{"href":"https:\/\/www.24baires.com\/index.php?rest_route=\/wp\/v2\/posts"}],"about":[{"href":"https:\/\/www.24baires.com\/index.php?rest_route=\/wp\/v2\/types\/post"}],"author":[{"embeddable":true,"href":"https:\/\/www.24baires.com\/index.php?rest_route=\/wp\/v2\/users\/4"}],"replies":[{"embeddable":true,"href":"https:\/\/www.24baires.com\/index.php?rest_route=%2Fwp%2Fv2%2Fcomments&post=9680"}],"version-history":[{"count":4,"href":"https:\/\/www.24baires.com\/index.php?rest_route=\/wp\/v2\/posts\/9680\/revisions"}],"predecessor-version":[{"id":9685,"href":"https:\/\/www.24baires.com\/index.php?rest_route=\/wp\/v2\/posts\/9680\/revisions\/9685"}],"wp:attachment":[{"href":"https:\/\/www.24baires.com\/index.php?rest_route=%2Fwp%2Fv2%2Fmedia&parent=9680"}],"wp:term":[{"taxonomy":"category","embeddable":true,"href":"https:\/\/www.24baires.com\/index.php?rest_route=%2Fwp%2Fv2%2Fcategories&post=9680"},{"taxonomy":"post_tag","embeddable":true,"href":"https:\/\/www.24baires.com\/index.php?rest_route=%2Fwp%2Fv2%2Ftags&post=9680"}],"curies":[{"name":"wp","href":"https:\/\/api.w.org\/{rel}","templated":true}]}}