{"id":9674,"date":"2012-12-19T09:59:37","date_gmt":"2012-12-19T12:59:37","guid":{"rendered":"http:\/\/www.24baires.com\/?p=9674"},"modified":"2012-12-19T09:59:37","modified_gmt":"2012-12-19T12:59:37","slug":"moyano-micheli-y-opositores-marchan-a-la-plaza","status":"publish","type":"post","link":"https:\/\/www.24baires.com\/?p=9674","title":{"rendered":"Moyano, Micheli y opositores marchan a la Plaza"},"content":{"rendered":"<p>La CGT moyanista, la CTA de Pablo Micheli y partidos opositores se movilizan este mi\u00e9rcoles a la Plaza de Mayo para exigir un aumento del m\u00ednimo no imponible, la universalizaci\u00f3n del salario familiar y el reparto de fondos de las obras sociales sindicales, entre otras demandas.<!--more--><\/p>\n<p>La CGT-Azul y Blanca del gastron\u00f3mico Luis Barrionuevo, la Federaci\u00f3n Agraria (FAA) de Eduardo Buzzi, el Peronismo Federal, el Movimiento Socialista de los Trabajadores (MST), la Corriente Clasista y Combativa (CCC), Barrios de Pie, el Movimiento Teresa Vive y la FUBA, comprometieron su participaci\u00f3n.<\/p>\n<p>Los diputados del Frente Peronista anunciaron tambi\u00e9n su participaci\u00f3n en la protesta, mientras que la marcha gener\u00f3 pol\u00e9mica en la UCR que la hab\u00eda respaldado y dio a entender su presencia, pero sali\u00f3 a aclarar que no habr\u00e1 convocatoria org\u00e1nica, sino participaci\u00f3n de agrupaciones partidarias.<\/p>\n<p>Los que s\u00ed marchan por ese partido ser\u00e1n los integrantes de la Organizaci\u00f3n de los Trabajadores Radicales (OTR), la Juventud Radical y los referentes de la Federaci\u00f3n Universitaria Argentina, conducida por dirigentes de la UCR.<\/p>\n<p>Las tres centrales obreras concentran a sus afiliados a partir de las 16, para marchar luego hasta la Plaza de Mayo donde a las 18 se realizar\u00e1 un acto que tendr\u00e1 como oradores a la jubilada Lilia Meza de la CTA y a Pablo Micheli, mientras que el cierre estar\u00e1 a cargo de Hugo Moyano. Moyano concentrar\u00e1 a sus seguidores en la Avenida Belgrano y la 9 de Julio y desde all\u00ed se desplazar\u00e1n por la Diagonal Norte hasta la Plaza de Mayo.<\/p>\n<p>Barrionuevo concentrar\u00e1 a los suyos en la Avenida de Mayo y la 9 de Julio y desde ah\u00ed marchar\u00e1n hasta la hist\u00f3rica Plaza. En tanto que Micheli reunir\u00e1 a afiliados en 9 de Julio y Diagonal Norte, desde donde se movilizar\u00e1n hasta la Plaza de Mayo.<\/p>\n<p>&nbsp;<\/p>\n<p>&nbsp;<\/p>\n<p>&nbsp;<\/p>\n<p>&nbsp;<\/p>\n<p>&nbsp;<\/p>\n<p>&nbsp;<\/p>\n<p>&nbsp;<\/p>\n<p>&nbsp;<\/p>\n<p>&nbsp;<\/p>\n<p>&nbsp;<\/p>\n<p>&nbsp;<\/p>\n<p>&nbsp;<\/p>\n<p>&nbsp;<\/p>\n<p>&nbsp;<\/p>\n<p>&nbsp;<\/p>\n<p>&nbsp;<\/p>\n","protected":false},"excerpt":{"rendered":"<p>La CGT moyanista, la CTA de Pablo Micheli y partidos opositores se movilizan este mi\u00e9rcoles a la Plaza de Mayo para exigir un aumento del m\u00ednimo no imponible, la universalizaci\u00f3n del salario familiar y el reparto de fondos de las obras sociales sindicales, entre otras demandas.<\/p>\n","protected":false},"author":4,"featured_media":0,"comment_status":"open","ping_status":"open","sticky":false,"template":"","format":"standard","meta":{"_jetpack_newsletter_access":"","_jetpack_dont_email_post_to_subs":false,"_jetpack_newsletter_tier_id":0,"_jetpack_memberships_contains_paywalled_content":false,"_jetpack_memberships_contains_paid_content":false,"footnotes":""},"categories":[1],"tags":[],"class_list":["post-9674","post","type-post","status-publish","format-standard","hentry","category-sociedad"],"jetpack_featured_media_url":"","jetpack_shortlink":"https:\/\/wp.me\/p2JWE0-2w2","jetpack-related-posts":[{"id":104614,"url":"https:\/\/www.24baires.com\/?p=104614","url_meta":{"origin":9674,"position":0},"title":"Las CTA comienzan el paro nacional con distintos actos","author":"GB","date":"24\/09\/2018","format":false,"excerpt":"En una semana que se prev\u00e9 conflictiva por el llamado a huelga de las centrales sindicales y la participaci\u00f3n de movimientos sociales, los sectores opositores empiezan una medida por 36 horas. Desde las 10 habr\u00e1 un acto en Puente Pueyrred\u00f3n y a las 15 se realizar\u00e1 otro en Plaza de\u2026","rel":"","context":"En \u00abPol\u00edtica\u00bb","block_context":{"text":"Pol\u00edtica","link":"https:\/\/www.24baires.com\/?cat=51"},"img":{"alt_text":"","src":"https:\/\/i0.wp.com\/www.24baires.com\/wp-content\/uploads\/2017\/12\/marcha-mar-del-plata.png?resize=350%2C200","width":350,"height":200,"srcset":"https:\/\/i0.wp.com\/www.24baires.com\/wp-content\/uploads\/2017\/12\/marcha-mar-del-plata.png?resize=350%2C200 1x, https:\/\/i0.wp.com\/www.24baires.com\/wp-content\/uploads\/2017\/12\/marcha-mar-del-plata.png?resize=525%2C300 1.5x"},"classes":[]},{"id":104629,"url":"https:\/\/www.24baires.com\/?p=104629","url_meta":{"origin":9674,"position":1},"title":"Con una masiva movilizaci\u00f3n, arranc\u00f3 el paro de las CTA","author":"AF","date":"24\/09\/2018","format":false,"excerpt":"Durante el acto de cierre de la primera jornada de protesta organizada por las dos CTA, Camioneros y otros gremios adheridos a la CGT, que ma\u00f1ana concretar\u00e1 el cuarto paro general contra las pol\u00edticas econ\u00f3micas sociales de la alianza gobernante, Yasky sostuvo que \"como lo hicimos despu\u00e9s del golpe del\u2026","rel":"","context":"En \u00abSociedad\u00bb","block_context":{"text":"Sociedad","link":"https:\/\/www.24baires.com\/?cat=1"},"img":{"alt_text":"","src":"https:\/\/i0.wp.com\/www.24baires.com\/wp-content\/uploads\/2018\/09\/marcha.jpeg?resize=350%2C200","width":350,"height":200,"srcset":"https:\/\/i0.wp.com\/www.24baires.com\/wp-content\/uploads\/2018\/09\/marcha.jpeg?resize=350%2C200 1x, https:\/\/i0.wp.com\/www.24baires.com\/wp-content\/uploads\/2018\/09\/marcha.jpeg?resize=525%2C300 1.5x"},"classes":[]},{"id":107517,"url":"https:\/\/www.24baires.com\/?p=107517","url_meta":{"origin":9674,"position":2},"title":"D\u00eda de cortes y movilizaciones a la espera de un paro nacional","author":"GB","date":"04\/04\/2019","format":false,"excerpt":"Diversos gremios nucleados en la CGT, organizaciones populares y las dos CTA se movilizar\u00e1n en las calles de todo el pa\u00eds para apurar a la c\u00fapula de la dirigencia gremial a que se convoque un plan de lucha que incluya una jornada de paro total a nivel nacional. Mir\u00e1 como\u2026","rel":"","context":"En \u00abPol\u00edtica\u00bb","block_context":{"text":"Pol\u00edtica","link":"https:\/\/www.24baires.com\/?cat=51"},"img":{"alt_text":"","src":"https:\/\/i0.wp.com\/www.24baires.com\/wp-content\/uploads\/2019\/04\/movilizacion.jpg?resize=350%2C200","width":350,"height":200,"srcset":"https:\/\/i0.wp.com\/www.24baires.com\/wp-content\/uploads\/2019\/04\/movilizacion.jpg?resize=350%2C200 1x, https:\/\/i0.wp.com\/www.24baires.com\/wp-content\/uploads\/2019\/04\/movilizacion.jpg?resize=525%2C300 1.5x"},"classes":[]},{"id":56250,"url":"https:\/\/www.24baires.com\/?p=56250","url_meta":{"origin":9674,"position":3},"title":"La UCR se acerca a la dupla Barrionuevo-Moyano","author":"Grupo Sierra","date":"29\/10\/2014","format":false,"excerpt":"Los dirigentes sindicales, Hugo Moyano (CGT-Azopardo) y Luis Barrionuevo (CGT-Azul y Blanca) participar\u00e1n de la asunci\u00f3n de las nuevas autoridades de la Organizaci\u00f3n de Trabajadores Radicales (OTR), dieron una muestra m\u00e1s de las \"afianzadas\" relaciones que mantiene el centenario partido con los gremialistas opositores. Moyano y Barrionuevo visitar\u00e1n el Comit\u00e9\u2026","rel":"","context":"En \u00abPol\u00edtica\u00bb","block_context":{"text":"Pol\u00edtica","link":"https:\/\/www.24baires.com\/?cat=51"},"img":{"alt_text":"barrionuevo moyano","src":"https:\/\/i0.wp.com\/www.24baires.com\/wp-content\/uploads\/2014\/08\/barrionuevo-moyano.jpg?resize=350%2C200","width":350,"height":200,"srcset":"https:\/\/i0.wp.com\/www.24baires.com\/wp-content\/uploads\/2014\/08\/barrionuevo-moyano.jpg?resize=350%2C200 1x, https:\/\/i0.wp.com\/www.24baires.com\/wp-content\/uploads\/2014\/08\/barrionuevo-moyano.jpg?resize=525%2C300 1.5x"},"classes":[]},{"id":7890,"url":"https:\/\/www.24baires.com\/?p=7890","url_meta":{"origin":9674,"position":4},"title":"Moyano y Micheli acordaron otra marcha para el 19 de diciembre","author":"Grupo Sierra","date":"04\/12\/2012","format":false,"excerpt":"La CGT-Azopardo, que conduce Hugo Moyano y la CTA liderada por Pablo Micheli anunciaron hoy una marcha a Plaza de Mayo que se realizar\u00e1 el 19 de diciembre a partir de las 17 horas. A la marcha se sumar\u00e1 la CGT Azul y Blanca que responde a Luis Barrionuevo, entre\u2026","rel":"","context":"En \u00abPol\u00edtica\u00bb","block_context":{"text":"Pol\u00edtica","link":"https:\/\/www.24baires.com\/?cat=51"},"img":{"alt_text":"","src":"https:\/\/i0.wp.com\/www.24baires.com\/wp-content\/uploads\/2012\/12\/micheli-moyano-300x225.jpg?resize=350%2C200","width":350,"height":200},"classes":[]},{"id":107626,"url":"https:\/\/www.24baires.com\/?p=107626","url_meta":{"origin":9674,"position":5},"title":"Moyano llam\u00f3 a un paro general y cruz\u00f3 a la c\u00fapula de la CGT","author":"AF","date":"11\/04\/2019","format":false,"excerpt":"El l\u00edder de camioneros asegur\u00f3 que se llevar\u00e1 a cabo una huelga general para el 30 de abril. En este sentido, le reclam\u00f3 a la CGT que tome cartas en el asunto. \"No reaccionan\", se quej\u00f3 el dirigente. Los gremios disidentes a la CGT, encabezados por Hugo Moyano y las\u2026","rel":"","context":"En \u00abSociedad\u00bb","block_context":{"text":"Sociedad","link":"https:\/\/www.24baires.com\/?cat=1"},"img":{"alt_text":"","src":"https:\/\/i0.wp.com\/www.24baires.com\/wp-content\/uploads\/2018\/05\/moyano.jpg?resize=350%2C200","width":350,"height":200,"srcset":"https:\/\/i0.wp.com\/www.24baires.com\/wp-content\/uploads\/2018\/05\/moyano.jpg?resize=350%2C200 1x, https:\/\/i0.wp.com\/www.24baires.com\/wp-content\/uploads\/2018\/05\/moyano.jpg?resize=525%2C300 1.5x"},"classes":[]}],"jetpack_sharing_enabled":true,"jetpack_likes_enabled":true,"_links":{"self":[{"href":"https:\/\/www.24baires.com\/index.php?rest_route=\/wp\/v2\/posts\/9674","targetHints":{"allow":["GET"]}}],"collection":[{"href":"https:\/\/www.24baires.com\/index.php?rest_route=\/wp\/v2\/posts"}],"about":[{"href":"https:\/\/www.24baires.com\/index.php?rest_route=\/wp\/v2\/types\/post"}],"author":[{"embeddable":true,"href":"https:\/\/www.24baires.com\/index.php?rest_route=\/wp\/v2\/users\/4"}],"replies":[{"embeddable":true,"href":"https:\/\/www.24baires.com\/index.php?rest_route=%2Fwp%2Fv2%2Fcomments&post=9674"}],"version-history":[{"count":2,"href":"https:\/\/www.24baires.com\/index.php?rest_route=\/wp\/v2\/posts\/9674\/revisions"}],"predecessor-version":[{"id":9676,"href":"https:\/\/www.24baires.com\/index.php?rest_route=\/wp\/v2\/posts\/9674\/revisions\/9676"}],"wp:attachment":[{"href":"https:\/\/www.24baires.com\/index.php?rest_route=%2Fwp%2Fv2%2Fmedia&parent=9674"}],"wp:term":[{"taxonomy":"category","embeddable":true,"href":"https:\/\/www.24baires.com\/index.php?rest_route=%2Fwp%2Fv2%2Fcategories&post=9674"},{"taxonomy":"post_tag","embeddable":true,"href":"https:\/\/www.24baires.com\/index.php?rest_route=%2Fwp%2Fv2%2Ftags&post=9674"}],"curies":[{"name":"wp","href":"https:\/\/api.w.org\/{rel}","templated":true}]}}