{"id":9666,"date":"2012-12-18T20:00:04","date_gmt":"2012-12-18T23:00:04","guid":{"rendered":"http:\/\/www.24baires.com\/?p=9666"},"modified":"2012-12-18T20:00:12","modified_gmt":"2012-12-18T23:00:12","slug":"anunciaron-el-cierre-de-carreras-terciarias-que-afectaran-a-azul-y-la-region","status":"publish","type":"post","link":"https:\/\/www.24baires.com\/?p=9666","title":{"rendered":"Anunciaron el cierre de carreras terciarias que afectar\u00e1n a Azul y la regi\u00f3n"},"content":{"rendered":"<p>Se trata de las Carreras de Tecnicatura Superior en Transporte, Almacenamiento y Embarque de Cereales y Productos Alimenticios, Profesorado de Psicolog\u00eda y Profesorado de Ciencias Pol\u00edticas cuyo cierre fue anunciado por la Direcci\u00f3n Provincial de Educaci\u00f3n Superior.<!--more--><\/p>\n<p>La Direcci\u00f3n Provincial de Educaci\u00f3n Superior, mediante la Profesora Andrea Gatti, Subdirectora de Formaci\u00f3n Docente de la administraci\u00f3n bonaerense, inform\u00f3 el cierre de tres de las ofertas acad\u00e9micas del Instituto de Educaci\u00f3n Superior N\u00b02 \u201cProfesora Marie Mal\u00e9re\u201d de Azul.<\/p>\n<p>En este marco, estudiantes, personal no docente y docentes de la casa de estudios, mediante un comunicado, manifestaron su repudio ante la decisi\u00f3n arbitraria del Estado provincial.<\/p>\n<p>\u201cEsto afecta negativamente las propuestas educativas p\u00fablicas que responden a demandas locales y regionales, dejando sin trabajo a auxiliares, no docentes y a m\u00e1s de 40 profesores y quit\u00e1ndole la oportunidad de estudiar a m\u00e1s de 80 estudiantes pre-inscriptos en dichas carreras de Azul y la regi\u00f3n\u201d, se\u00f1ala en primer instancia.<\/p>\n<p>En este sentido, detallan que las Carreras de Tecnicatura Superior en Transporte, Almacenamiento y Embarque de Cereales y Productos Alimenticios, Profesorado de Psicolog\u00eda y Profesorado de Ciencias Pol\u00edticas no se ofrecen en otras instituciones de la localidad o de los partidos lim\u00edtrofes a Azul (Tapalqu\u00e9, Olavarr\u00eda, Rauch, Benito Ju\u00e1rez y Tandil) por lo que muchos de los estudiantes en curso e ingresantes 2013 pertenecen a dichas lugares.<\/p>\n<p>Consecuentemente, el documento afirma que la decisi\u00f3n \u201creduce las ofertas de educaci\u00f3n p\u00fablica que intervienen en la transformaci\u00f3n de las condiciones sociales y econ\u00f3micas generando fuentes de ingreso y movilidad social\u201d y, en contrapartida, potencia la oferta de las carreras privadas.<\/p>\n<p>Se refirieron tambi\u00e9n a las palabras de la Subdirectora de Formaci\u00f3n Docente de la administraci\u00f3n bonaerense, quien el d\u00eda viernes 14 de diciembre sentenci\u00f3 que \u201cla medida tomada respecto a los profesorados no forma parte de ning\u00fan ajuste econ\u00f3mico sino de una decisi\u00f3n pol\u00edtica\u201d.<\/p>\n<p>Al respecto, refirieron que es una decisi\u00f3n que \u201cse toma lejos de la realidad de la regi\u00f3n\u201d y que, al igual que lo que sucede con el cierre de carreras en el Instituto T\u00e9cnico 130 de Olavaria, afecta a las instituciones m\u00e1s antiguas de la Provincia.<\/p>\n<p>Vale aclarar que los docentes y estudiantes emprendieron una se reunieron con ediles del Concejo Deliberante local y con la Inspectora Distrital, Prof. Betina Ferreyra, para solicitar una reuni\u00f3n de la Unidad de Gesti\u00f3n Distrital de Educaci\u00f3n (UGDE) con el objetivo de plantear la revisi\u00f3n de la medida.<\/p>\n","protected":false},"excerpt":{"rendered":"<p>Se trata de las Carreras de Tecnicatura Superior en Transporte, Almacenamiento y Embarque de Cereales y Productos Alimenticios, Profesorado de Psicolog\u00eda y Profesorado de Ciencias Pol\u00edticas cuyo cierre fue anunciado por la Direcci\u00f3n Provincial de Educaci\u00f3n Superior.<\/p>\n","protected":false},"author":11,"featured_media":0,"comment_status":"open","ping_status":"open","sticky":false,"template":"","format":"standard","meta":{"_jetpack_newsletter_access":"","_jetpack_dont_email_post_to_subs":false,"_jetpack_newsletter_tier_id":0,"_jetpack_memberships_contains_paywalled_content":false,"_jetpack_memberships_contains_paid_content":false,"footnotes":""},"categories":[40],"tags":[],"class_list":["post-9666","post","type-post","status-publish","format-standard","hentry","category-provincia"],"jetpack_featured_media_url":"","jetpack_shortlink":"https:\/\/wp.me\/p2JWE0-2vU","jetpack-related-posts":[{"id":4424,"url":"https:\/\/www.24baires.com\/?p=4424","url_meta":{"origin":9666,"position":0},"title":"Olavarr\u00eda: por falta de docentes, en 2013 abrir\u00edan profesorado de Geograf\u00eda y de Historia","author":"AF","date":"04\/11\/2012","format":false,"excerpt":"El Consejo Regional de Directores pidi\u00f3 que el Profesorado en Ciencias Sociales se dicte en el Instituto de Formaci\u00f3n Docente 22. Necesidad, disponibilidad e inter\u00e9s son las variables que juegan a favor para que se apruebe la solicitud. De dos a\u00f1os a esta parte faltan en Olavarr\u00eda profesores de las\u2026","rel":"","context":"En \u00abLocales\u00bb","block_context":{"text":"Locales","link":"https:\/\/www.24baires.com\/?cat=38"},"img":{"alt_text":"","src":"","width":0,"height":0},"classes":[]},{"id":105855,"url":"https:\/\/www.24baires.com\/?p=105855","url_meta":{"origin":9666,"position":1},"title":"Cierran cursos en Institutos de Formaci\u00f3n Docente y advierten que \u00abpuede continuar\u00bb","author":"GB","date":"11\/12\/2018","format":false,"excerpt":"En La Plata, varios institutos de Formaci\u00f3n Docente se encuentran con cierto recorte en cursos que afecta el acceso a la educaci\u00f3n y tambi\u00e9n el trabajo de un conjunto de profesionales. \u201cNecesitamos formar profesionales. No se entiende que el futuro del nivel inicial est\u00e1 ligado a la formaci\u00f3n docente\u201d, manifestaron.\u2026","rel":"","context":"En \u00abProvincia\u00bb","block_context":{"text":"Provincia","link":"https:\/\/www.24baires.com\/?cat=40"},"img":{"alt_text":"","src":"https:\/\/i0.wp.com\/www.24baires.com\/wp-content\/uploads\/2018\/12\/inst-formacion-docente.jpg?resize=350%2C200","width":350,"height":200,"srcset":"https:\/\/i0.wp.com\/www.24baires.com\/wp-content\/uploads\/2018\/12\/inst-formacion-docente.jpg?resize=350%2C200 1x, https:\/\/i0.wp.com\/www.24baires.com\/wp-content\/uploads\/2018\/12\/inst-formacion-docente.jpg?resize=525%2C300 1.5x"},"classes":[]},{"id":101027,"url":"https:\/\/www.24baires.com\/?p=101027","url_meta":{"origin":9666,"position":2},"title":"Crecen los reclamos y el temor por el futuro de los bachilleratos para adultos","author":"GB","date":"13\/03\/2018","format":false,"excerpt":"Para el Gobierno es una \"reorganizaci\u00f3n de la oferta formativa para las personas que quieran retomar sus estudios\". Para los sindicatos es el cierre de ofertas para que adultos puedan terminar los estudios. Lo cierto es que los cambios dispuestos generan incertidumbre y crecen los reclamos en localidades del interior\u2026","rel":"","context":"En \u00abProvincia\u00bb","block_context":{"text":"Provincia","link":"https:\/\/www.24baires.com\/?cat=40"},"img":{"alt_text":"","src":"https:\/\/i0.wp.com\/www.24baires.com\/wp-content\/uploads\/2018\/03\/contra-cierre-de-bachilleratos-300x200.jpg?resize=350%2C200","width":350,"height":200},"classes":[]},{"id":101182,"url":"https:\/\/www.24baires.com\/?p=101182","url_meta":{"origin":9666,"position":3},"title":"La provincia ech\u00f3 a docentes y dej\u00f3 sin clases a un millar de alumnos","author":"GB","date":"21\/03\/2018","format":false,"excerpt":"Por decisi\u00f3n de Vidal y de S\u00e1nchez Zinny, miles de docentes sin t\u00edtulos de quedaron sin la chance de dictar clases. Pero a dos semanas de iniciado el ciclo lectivo, no tienen quien los reemplace. A fines de 2017, el gobierno de Maria Eugenia Vidal decidi\u00f3 dejar cesantes a casi\u2026","rel":"","context":"En \u00abProvincia\u00bb","block_context":{"text":"Provincia","link":"https:\/\/www.24baires.com\/?cat=40"},"img":{"alt_text":"","src":"https:\/\/i0.wp.com\/www.24baires.com\/wp-content\/uploads\/2018\/03\/vidal-expoagro.jpg?resize=350%2C200","width":350,"height":200,"srcset":"https:\/\/i0.wp.com\/www.24baires.com\/wp-content\/uploads\/2018\/03\/vidal-expoagro.jpg?resize=350%2C200 1x, https:\/\/i0.wp.com\/www.24baires.com\/wp-content\/uploads\/2018\/03\/vidal-expoagro.jpg?resize=525%2C300 1.5x"},"classes":[]},{"id":102262,"url":"https:\/\/www.24baires.com\/?p=102262","url_meta":{"origin":9666,"position":4},"title":"Comenz\u00f3 la Marcha Federal Educativa que llegar\u00e1 a Plaza de Mayo el mi\u00e9rcoles","author":"AF","date":"21\/05\/2018","format":false,"excerpt":"Los gremios reclaman por paritarias, contra el cierre de institutos de formaci\u00f3n, una nueva ley de financiamiento y en alerta por la vuelta del FMI. Los gremios de distintas provincias empezaron esta ma\u00f1ana la Marcha Federal Educativa, donde los gremios de distintas provincias confluir\u00e1n el mi\u00e9rcoles en Plaza de Mayo,\u2026","rel":"","context":"En \u00abSociedad\u00bb","block_context":{"text":"Sociedad","link":"https:\/\/www.24baires.com\/?cat=1"},"img":{"alt_text":"","src":"https:\/\/i0.wp.com\/www.24baires.com\/wp-content\/uploads\/2017\/03\/marcha-federal-docente.jpg?resize=350%2C200","width":350,"height":200,"srcset":"https:\/\/i0.wp.com\/www.24baires.com\/wp-content\/uploads\/2017\/03\/marcha-federal-docente.jpg?resize=350%2C200 1x, https:\/\/i0.wp.com\/www.24baires.com\/wp-content\/uploads\/2017\/03\/marcha-federal-docente.jpg?resize=525%2C300 1.5x"},"classes":[]},{"id":105460,"url":"https:\/\/www.24baires.com\/?p=105460","url_meta":{"origin":9666,"position":5},"title":"Viernes sin universidades: docentes paran y exigen que se reabran las paritarias","author":"GB","date":"15\/11\/2018","format":false,"excerpt":"La medida de fuerza es impulsada por la Conadu y, en Mar del Plata, por ADUM. El sector reclama una revisi\u00f3n del acuerdo, a ra\u00edz de la suba de precios y el \u00edndice de inflaci\u00f3n Este viernes 16 de noviembre, los docentes universitarios realizar\u00e1n un paro total de actividades para\u2026","rel":"","context":"En \u00abSociedad\u00bb","block_context":{"text":"Sociedad","link":"https:\/\/www.24baires.com\/?cat=1"},"img":{"alt_text":"","src":"https:\/\/i0.wp.com\/www.24baires.com\/wp-content\/uploads\/2016\/05\/universitarios.jpg?resize=350%2C200","width":350,"height":200,"srcset":"https:\/\/i0.wp.com\/www.24baires.com\/wp-content\/uploads\/2016\/05\/universitarios.jpg?resize=350%2C200 1x, https:\/\/i0.wp.com\/www.24baires.com\/wp-content\/uploads\/2016\/05\/universitarios.jpg?resize=525%2C300 1.5x"},"classes":[]}],"jetpack_sharing_enabled":true,"jetpack_likes_enabled":true,"_links":{"self":[{"href":"https:\/\/www.24baires.com\/index.php?rest_route=\/wp\/v2\/posts\/9666","targetHints":{"allow":["GET"]}}],"collection":[{"href":"https:\/\/www.24baires.com\/index.php?rest_route=\/wp\/v2\/posts"}],"about":[{"href":"https:\/\/www.24baires.com\/index.php?rest_route=\/wp\/v2\/types\/post"}],"author":[{"embeddable":true,"href":"https:\/\/www.24baires.com\/index.php?rest_route=\/wp\/v2\/users\/11"}],"replies":[{"embeddable":true,"href":"https:\/\/www.24baires.com\/index.php?rest_route=%2Fwp%2Fv2%2Fcomments&post=9666"}],"version-history":[{"count":3,"href":"https:\/\/www.24baires.com\/index.php?rest_route=\/wp\/v2\/posts\/9666\/revisions"}],"predecessor-version":[{"id":9668,"href":"https:\/\/www.24baires.com\/index.php?rest_route=\/wp\/v2\/posts\/9666\/revisions\/9668"}],"wp:attachment":[{"href":"https:\/\/www.24baires.com\/index.php?rest_route=%2Fwp%2Fv2%2Fmedia&parent=9666"}],"wp:term":[{"taxonomy":"category","embeddable":true,"href":"https:\/\/www.24baires.com\/index.php?rest_route=%2Fwp%2Fv2%2Fcategories&post=9666"},{"taxonomy":"post_tag","embeddable":true,"href":"https:\/\/www.24baires.com\/index.php?rest_route=%2Fwp%2Fv2%2Ftags&post=9666"}],"curies":[{"name":"wp","href":"https:\/\/api.w.org\/{rel}","templated":true}]}}