{"id":9661,"date":"2012-12-18T19:28:59","date_gmt":"2012-12-18T22:28:59","guid":{"rendered":"http:\/\/www.24baires.com\/?p=9661"},"modified":"2012-12-18T19:29:07","modified_gmt":"2012-12-18T22:29:07","slug":"ex-combatientes-de-malvinas-capacitaran-a-docentes-y-dirigentes-gremiales","status":"publish","type":"post","link":"https:\/\/www.24baires.com\/?p=9661","title":{"rendered":"Ex Combatientes de Malvinas capacitar\u00e1n a docentes y dirigentes gremiales"},"content":{"rendered":"<p><a href=\"http:\/\/www.24baires.com\/sociedad\/9661-ex-combatientes-de-malvinas-capacitaran-a-docentes-y-dirigentes-gremiales\/attachment\/ex-combatientes-cta\/\" rel=\"attachment wp-att-9662\"><img data-recalc-dims=\"1\" loading=\"lazy\" decoding=\"async\" class=\"alignleft size-medium wp-image-9662\" alt=\"ex combatientes CTA\" src=\"https:\/\/i0.wp.com\/www.24baires.com\/wp-content\/uploads\/2012\/12\/ex-combatientes-CTA.png?resize=300%2C202\" width=\"300\" height=\"202\" srcset=\"https:\/\/i0.wp.com\/www.24baires.com\/wp-content\/uploads\/2012\/12\/ex-combatientes-CTA.png?resize=300%2C202&amp;ssl=1 300w, https:\/\/i0.wp.com\/www.24baires.com\/wp-content\/uploads\/2012\/12\/ex-combatientes-CTA.png?w=560&amp;ssl=1 560w\" sizes=\"auto, (max-width: 300px) 100vw, 300px\" \/><\/a>El Centro de Ex Combatientes de Islas Malvinas de La Plata y la Central de los Trabajadores de la Argentina acordaron formar sobre la soberan\u00eda de las Islas Malvinas a docentes, alumnos de los profesorados, delegados y dirigentes gremiales.<!--more--><\/p>\n<p>Los trabajadores de la CTA firmaron un convenio con el CECIM de La Plata con el objetivo de aportar a la formaci\u00f3n y concientizaci\u00f3n de la soberan\u00eda nacional y latinoamericana entorno a la historia y al conflicto de las Islas Malvinas e Islas del Atl\u00e1ntico Georgias del Sur yS\u00e1ndwich del Sur.<\/p>\n<p>En este marco, los excombatientes se comprometieron a volcar su experiencia y sus conocimientos sobre la importancia geopol\u00edtica, de recursos naturales y de pol\u00edtica interna e internacional en clases de capacitaci\u00f3n para docentes de todos los niveles, alumnos de los profesorados y delegados gremiales y dirigentes de la CTA provincia de Buenos Aires.<\/p>\n<p>El acuerdo fue anunciado p\u00fablicamente por el Secretario General de la CTA bonaerense, Roberto Varadle, y el Secretario Adjunto, Daniel P\u00e9rez Guill\u00e9n, el presidente del Cecim La Plata, Ernesto Alonso, y Mario Volpe, presidente de la Comisi\u00f3n Nacional de Excombatientes de Islas Malvinas, dependiente del Ministerio del Interior de la Naci\u00f3n.<\/p>\n<p>En ese contexto, Baradel, destac\u00f3 que \u201cnos llena de orgullo trabajar en forma conjunta con los Ex combatientes del CECIM\u201d y adem\u00e1s agreg\u00f3 que \u201cel convenio nos va a permitir hacer cursos de capacitaci\u00f3n para docentes, alumnos y a j\u00f3venes de la CTA para comprender la importancia de Malvinas y su implicancia en el nuevo orden latinoamericano\u201d.<\/p>\n<p>Por su parte, Volpe explic\u00f3 que \u201cel objetivo es multiplicar nuestra visi\u00f3n en un contexto en donde la cuesti\u00f3n Malvinas es una causa regional latinoamericano por su importancia geopol\u00edtica y por su abundancia en recursos naturales, hidrocarbur\u00edferos y en agua potable\u201d.<\/p>\n<p>Asimismo, el ex combatiente tambi\u00e9n se\u00f1al\u00f3 que \u201cesperamos unir nuestras fuerzas en la exigencia de justicia y castigo contra los militares que cometieron delitos de lesa humanidad durante la guerra de Malvinas\u201d, al mismo tiempo que a\u00f1adi\u00f3 que \u201cpretendemos que la sociedad se involucre en nuestro anhelo de poder identificar a los 123 soldados conscriptos que fallecieron en combate y que est\u00e1n enterrados en el cementerio Darwin\u201d.<\/p>\n<p>&nbsp;<\/p>\n<p>&nbsp;<\/p>\n<p>&nbsp;<\/p>\n<p>&nbsp;<\/p>\n<p>&nbsp;<\/p>\n<p>&nbsp;<\/p>\n<p>&nbsp;<\/p>\n<p>&nbsp;<\/p>\n<p>&nbsp;<\/p>\n<p>&nbsp;<\/p>\n","protected":false},"excerpt":{"rendered":"<p>El Centro de Ex Combatientes de Islas Malvinas de La Plata y la Central de los Trabajadores de la Argentina acordaron formar sobre la soberan\u00eda de las Islas Malvinas a docentes, alumnos de los profesorados, delegados y dirigentes gremiales.<\/p>\n","protected":false},"author":11,"featured_media":0,"comment_status":"open","ping_status":"open","sticky":false,"template":"","format":"standard","meta":{"_jetpack_newsletter_access":"","_jetpack_dont_email_post_to_subs":false,"_jetpack_newsletter_tier_id":0,"_jetpack_memberships_contains_paywalled_content":false,"_jetpack_memberships_contains_paid_content":false,"footnotes":""},"categories":[1],"tags":[],"class_list":["post-9661","post","type-post","status-publish","format-standard","hentry","category-sociedad"],"jetpack_featured_media_url":"","jetpack_shortlink":"https:\/\/wp.me\/p2JWE0-2vP","jetpack-related-posts":[{"id":113800,"url":"https:\/\/www.24baires.com\/?p=113800","url_meta":{"origin":9661,"position":0},"title":"Los pasajes a Malvinas no pagar\u00e1n el impuesto del 30%","author":"AF","date":"14\/01\/2020","format":false,"excerpt":"La resoluci\u00f3n de la AFIP despeja las dudas planteadas en los \u00faltimos d\u00edas por ex combatientes de Malvinas, quienes cuestionaron que las aerol\u00edneas les aplicaron el impuesto al momento de venderles un ticket hacia ese destino. La Administraci\u00f3n Federal de Ingresos P\u00fablicos (AFIP) aclar\u00f3 que la compra de pasajes con\u2026","rel":"","context":"En \u00abSociedad\u00bb","block_context":{"text":"Sociedad","link":"https:\/\/www.24baires.com\/?cat=1"},"img":{"alt_text":"","src":"https:\/\/i0.wp.com\/www.24baires.com\/wp-content\/uploads\/2017\/04\/aerolineas-argentinas.jpg?resize=350%2C200","width":350,"height":200,"srcset":"https:\/\/i0.wp.com\/www.24baires.com\/wp-content\/uploads\/2017\/04\/aerolineas-argentinas.jpg?resize=350%2C200 1x, https:\/\/i0.wp.com\/www.24baires.com\/wp-content\/uploads\/2017\/04\/aerolineas-argentinas.jpg?resize=525%2C300 1.5x"},"classes":[]},{"id":119690,"url":"https:\/\/www.24baires.com\/?p=119690","url_meta":{"origin":9661,"position":1},"title":"Fern\u00e1ndez asegur\u00f3 que la usurpaci\u00f3n de Malvinas \u00abdeber\u00eda avergonzar a todo el mundo\u00bb","author":"AF","date":"03\/01\/2023","format":false,"excerpt":"El Presidente encabez\u00f3 la inauguraci\u00f3n, junto al ministro de Defensa, Jorge Taiana, de un monumento conmemorativo de las Malvinas construido por el Astillero Tandanor frente al Edificio Libertador. El presidente Alberto Fern\u00e1ndez advirti\u00f3 hoy que la usurpaci\u00f3n de las Islas Malvinas por parte del Reino Unido \"deber\u00eda avergonzar a todo\u2026","rel":"","context":"En \u00abSociedad\u00bb","block_context":{"text":"Sociedad","link":"https:\/\/www.24baires.com\/?cat=1"},"img":{"alt_text":"","src":"https:\/\/i0.wp.com\/www.24baires.com\/wp-content\/uploads\/2023\/01\/malvinas.jpg?resize=350%2C200","width":350,"height":200,"srcset":"https:\/\/i0.wp.com\/www.24baires.com\/wp-content\/uploads\/2023\/01\/malvinas.jpg?resize=350%2C200 1x, https:\/\/i0.wp.com\/www.24baires.com\/wp-content\/uploads\/2023\/01\/malvinas.jpg?resize=525%2C300 1.5x, https:\/\/i0.wp.com\/www.24baires.com\/wp-content\/uploads\/2023\/01\/malvinas.jpg?resize=700%2C400 2x"},"classes":[]},{"id":105804,"url":"https:\/\/www.24baires.com\/?p=105804","url_meta":{"origin":9661,"position":2},"title":"Citan a 18 militares acusados por torturas durante la guerra de Malvinas","author":"GB","date":"07\/12\/2018","format":false,"excerpt":"Se trata de una causa que lleva 11 a\u00f1os y son un total de 95 los uniformados acusados en base al testimonio de 120 ex combatientes. El juez federal de Ushuaia Federico Calvete llam\u00f3 a indagatoria a 18 de los 95 militares que fueron denunciados en la causa que se\u2026","rel":"","context":"En \u00abMemoria\u00bb","block_context":{"text":"Memoria","link":"https:\/\/www.24baires.com\/?cat=50"},"img":{"alt_text":"","src":"https:\/\/i0.wp.com\/www.24baires.com\/wp-content\/uploads\/2018\/12\/malvinas.jpg?resize=350%2C200","width":350,"height":200,"srcset":"https:\/\/i0.wp.com\/www.24baires.com\/wp-content\/uploads\/2018\/12\/malvinas.jpg?resize=350%2C200 1x, https:\/\/i0.wp.com\/www.24baires.com\/wp-content\/uploads\/2018\/12\/malvinas.jpg?resize=525%2C300 1.5x"},"classes":[]},{"id":107477,"url":"https:\/\/www.24baires.com\/?p=107477","url_meta":{"origin":9661,"position":3},"title":"A 37 a\u00f1os de la Guerra de Malvinas, habr\u00e1 actos en todo el pa\u00eds","author":"GB","date":"02\/04\/2019","format":false,"excerpt":"Las vigilas comenzaron anoche y continuar\u00e1n todo este martes con diferentes homenajes por el D\u00eda del Veterano y de los Ca\u00eddos en Malvinas. A las 9 de la ma\u00f1ana le presiente Mauricio Macri descubrir\u00e1n una placa junto al m\u00e1stil de la bandera en la Plaza Seca en Olivos, y el\u2026","rel":"","context":"En \u00abSociedad\u00bb","block_context":{"text":"Sociedad","link":"https:\/\/www.24baires.com\/?cat=1"},"img":{"alt_text":"","src":"https:\/\/i0.wp.com\/www.24baires.com\/wp-content\/uploads\/2016\/12\/cementerio-malvinas.jpg?resize=350%2C200","width":350,"height":200,"srcset":"https:\/\/i0.wp.com\/www.24baires.com\/wp-content\/uploads\/2016\/12\/cementerio-malvinas.jpg?resize=350%2C200 1x, https:\/\/i0.wp.com\/www.24baires.com\/wp-content\/uploads\/2016\/12\/cementerio-malvinas.jpg?resize=525%2C300 1.5x"},"classes":[]},{"id":117331,"url":"https:\/\/www.24baires.com\/?p=117331","url_meta":{"origin":9661,"position":4},"title":"Argentina y Reino Unido acordaron nuevas identificaciones a soldados ca\u00eddos en Malvinas","author":"GB","date":"19\/03\/2021","format":false,"excerpt":"El acuerdo consistir\u00e1 en la exhumaci\u00f3n de restos humanos pertenecientes a varios individuos colocados en una sola sepultura conocida como C1.10. En v\u00edsperas de un nuevo aniversario del inicio de la Guerra de Malvinas, los gobiernos de Argentina y el Reino Unido firmaron un nuevo acuerdo para identificar restos de\u2026","rel":"","context":"En \u00abSociedad\u00bb","block_context":{"text":"Sociedad","link":"https:\/\/www.24baires.com\/?cat=1"},"img":{"alt_text":"","src":"https:\/\/i0.wp.com\/www.24baires.com\/wp-content\/uploads\/2016\/12\/cementerio-malvinas.jpg?resize=350%2C200","width":350,"height":200,"srcset":"https:\/\/i0.wp.com\/www.24baires.com\/wp-content\/uploads\/2016\/12\/cementerio-malvinas.jpg?resize=350%2C200 1x, https:\/\/i0.wp.com\/www.24baires.com\/wp-content\/uploads\/2016\/12\/cementerio-malvinas.jpg?resize=525%2C300 1.5x"},"classes":[]},{"id":19815,"url":"https:\/\/www.24baires.com\/?p=19815","url_meta":{"origin":9661,"position":5},"title":"Ex Combatientes de La Plata recordar\u00e1n el martes la guerra de Malvinas","author":"Grupo Sierra","date":"31\/03\/2013","format":false,"excerpt":"El Centro de Ex Combatientes de Malvinas (CECIM) La Plata recordar\u00e1 el martes 2 de abril a los ex combatientes y compa\u00f1eros ca\u00eddos en la guerra del Atl\u00e1ntico sur de 1982. El acto se realizar\u00e1 a las 11 en Plaza Islas Malvinas, ubicada en 19 y 51, La Plata, seg\u00fan\u2026","rel":"","context":"En \u00abSociedad\u00bb","block_context":{"text":"Sociedad","link":"https:\/\/www.24baires.com\/?cat=1"},"img":{"alt_text":"","src":"","width":0,"height":0},"classes":[]}],"jetpack_sharing_enabled":true,"jetpack_likes_enabled":true,"_links":{"self":[{"href":"https:\/\/www.24baires.com\/index.php?rest_route=\/wp\/v2\/posts\/9661","targetHints":{"allow":["GET"]}}],"collection":[{"href":"https:\/\/www.24baires.com\/index.php?rest_route=\/wp\/v2\/posts"}],"about":[{"href":"https:\/\/www.24baires.com\/index.php?rest_route=\/wp\/v2\/types\/post"}],"author":[{"embeddable":true,"href":"https:\/\/www.24baires.com\/index.php?rest_route=\/wp\/v2\/users\/11"}],"replies":[{"embeddable":true,"href":"https:\/\/www.24baires.com\/index.php?rest_route=%2Fwp%2Fv2%2Fcomments&post=9661"}],"version-history":[{"count":3,"href":"https:\/\/www.24baires.com\/index.php?rest_route=\/wp\/v2\/posts\/9661\/revisions"}],"predecessor-version":[{"id":9665,"href":"https:\/\/www.24baires.com\/index.php?rest_route=\/wp\/v2\/posts\/9661\/revisions\/9665"}],"wp:attachment":[{"href":"https:\/\/www.24baires.com\/index.php?rest_route=%2Fwp%2Fv2%2Fmedia&parent=9661"}],"wp:term":[{"taxonomy":"category","embeddable":true,"href":"https:\/\/www.24baires.com\/index.php?rest_route=%2Fwp%2Fv2%2Fcategories&post=9661"},{"taxonomy":"post_tag","embeddable":true,"href":"https:\/\/www.24baires.com\/index.php?rest_route=%2Fwp%2Fv2%2Ftags&post=9661"}],"curies":[{"name":"wp","href":"https:\/\/api.w.org\/{rel}","templated":true}]}}