{"id":96587,"date":"2017-08-09T18:00:09","date_gmt":"2017-08-09T21:00:09","guid":{"rendered":"http:\/\/www.24baires.com\/?p=96587"},"modified":"2017-08-09T17:38:59","modified_gmt":"2017-08-09T20:38:59","slug":"mentiras","status":"publish","type":"post","link":"https:\/\/www.24baires.com\/?p=96587","title":{"rendered":"Mentiras"},"content":{"rendered":"<p><img data-recalc-dims=\"1\" loading=\"lazy\" decoding=\"async\" src=\"https:\/\/i0.wp.com\/www.24baires.com\/wp-content\/uploads\/2017\/03\/mapuches-los-toldos.jpg?resize=560%2C314\" alt=\"\" width=\"560\" height=\"314\" class=\"aligncenter size-full wp-image-92729\" srcset=\"https:\/\/i0.wp.com\/www.24baires.com\/wp-content\/uploads\/2017\/03\/mapuches-los-toldos.jpg?w=560&amp;ssl=1 560w, https:\/\/i0.wp.com\/www.24baires.com\/wp-content\/uploads\/2017\/03\/mapuches-los-toldos.jpg?resize=300%2C168&amp;ssl=1 300w\" sizes=\"auto, (max-width: 560px) 100vw, 560px\" \/>Wag de dog, o como se conoci\u00f3 en Argentina, Mentiras que matan, es una pel\u00edcula de 1997 dirigida por Barry Levinson, que trata sobre c\u00f3mo un productor de Hollywood recrea en un set de filmaci\u00f3n una guerra contra Albania a pedido de un asesor de la Casa Blanca, para luego transmitir esa invenci\u00f3n por televisi\u00f3n, como si fuera real, con el manipulador objeto de distraer al p\u00fablico norteamericano de un esc\u00e1ndalo sexual que involucra al presidente. <!--more--><\/p>\n<p>Record\u00e9 este film cuando comenc\u00e9 a ver el pat\u00e9tico montaje de algunos medios como Infobae, mintiendo sobre \u201cViolencia, anarqu\u00eda y apoyo externo: el perfil de dos grupos mapuches que tienen en vilo a Chile y Argentina\u201d. O exponiendo las palabras de la Ministra Patricia Bullrich como si tuviera alg\u00fan sentido lo que dice: \u201cDe ninguna manera vamos a permitir una rep\u00fablica mapuche en medio de la Argentina\u201d. \u00bfQu\u00e9? \u00bfDe qu\u00e9 habla Bullrich? \u00bfQuerr\u00e1 hacerse de nuevas tierras como otrora hicieron sus antepasados de la mano de Roca y la Campa\u00f1a del Desierto?<br \/>\n\u00bfQu\u00e9 busca Infobae queriendo instalar la idea de que los grupos que reclaman sus tradicionalmente avasallados derechos en el sur son violentos? Muestran dos serruchos, una hoz, dos martillos y un rollo de alambre y nos dicen que con eso est\u00e1n aterrorizando la Patagonia.<br \/>\nHay medios apunt\u00e1ndole a las v\u00edctimas, como siempre, pero ahora estamos siendo testigos presenciales de c\u00f3mo intentan, con la chapucer\u00eda tradicional, inventar una historia que tape la realidad: Santiago Maldonado est\u00e1 desaparecido y la \u00faltima vez que lo vieron fue cuando lo deten\u00eda Gendarmer\u00eda.<br \/>\nHay un desaparecido en democracia, en medio de una campa\u00f1a legislativa y el Gobierno Nacional, junto a la infernal maquinaria medi\u00e1tica que manejan, nos quieren hacer creer que estamos en presencia de unos violentos peligrosos, cuando lo que sucede es que una fuerza represiva del Estado secuestr\u00f3 a una persona y la mantiene desaparecida.<br \/>\nEst\u00e1n inventando una loca teor\u00eda de la subversi\u00f3n de una especie de guerrillera sure\u00f1a, como en aquella pel\u00edcula yanqui que propon\u00eda una guerra. Pero aqu\u00ed no hay esc\u00e1ndalo sexual que tapar, sino la desaparici\u00f3n de un hombre, luego de haber sido golpeado y visto por \u00faltima vez siendo subido a un cami\u00f3n de Gendarmer\u00eda.<br \/>\nEl Gobierno macrista criminaliza una vez m\u00e1s la protesta social. A este gobierno, que mantiene presa a Milagro Sala y a otros militantes, vulnerando derechos y pedidos de todos los organismos internacionales, no le importa colocar una infamia sobre otra en esta edificaci\u00f3n neoliberal en la que han sumido al pa\u00eds. Levantan una pared medi\u00e1tica, mentira a mentira.<br \/>\nHay que dejar de creer de una vez en lo que los grandes medios nos imponen como \u201cla vedad\u201d, y asomar un poco la cabecita por arriba del pared\u00f3n que erigen: veremos un pa\u00eds triste, empobrecido, desocupado, reprimido, y a punto de volver a votar a sus m\u00e1s recientes verdugos.<\/p>\n","protected":false},"excerpt":{"rendered":"<p>Wag de dog, o como se conoci\u00f3 en Argentina, Mentiras que matan, es una pel\u00edcula de 1997 dirigida por Barry Levinson, que trata sobre c\u00f3mo un productor de Hollywood recrea en un set de filmaci\u00f3n una guerra contra Albania a pedido de un asesor de la Casa Blanca, para luego transmitir esa invenci\u00f3n por televisi\u00f3n, como si fuera real, con [&#8230;]<\/p>\n","protected":false},"author":8,"featured_media":0,"comment_status":"open","ping_status":"open","sticky":false,"template":"","format":"standard","meta":{"_jetpack_newsletter_access":"","_jetpack_dont_email_post_to_subs":false,"_jetpack_newsletter_tier_id":0,"_jetpack_memberships_contains_paywalled_content":false,"_jetpack_memberships_contains_paid_content":false,"footnotes":""},"categories":[64],"tags":[],"class_list":["post-96587","post","type-post","status-publish","format-standard","hentry","category-opinion"],"jetpack_featured_media_url":"","jetpack_shortlink":"https:\/\/wp.me\/s2JWE0-mentiras","jetpack-related-posts":[{"id":100794,"url":"https:\/\/www.24baires.com\/?p=100794","url_meta":{"origin":96587,"position":0},"title":"Jones Huala: \u00abDicen que somos terroristas, pero a los muertos los ponemos nosotros\u00bb","author":"AF","date":"28\/02\/2018","format":false,"excerpt":"Impactante alegato pol\u00edtico del referente mapuche Facundo Jones Huala en la apertura del juicio en su contra por la extradici\u00f3n a Chile. El lonko mapuche Facundo Jones Huala declar\u00f3 hoy en el juicio por su extradici\u00f3n, desde Argentina a Chile. Es la segunda vez -situaci\u00f3n irregular e inconstitucional- que se\u2026","rel":"","context":"En \u00abJUDICIALES\u00bb","block_context":{"text":"JUDICIALES","link":"https:\/\/www.24baires.com\/?cat=68"},"img":{"alt_text":"","src":"https:\/\/i0.wp.com\/www.24baires.com\/wp-content\/uploads\/2017\/10\/jones-huala.jpg?resize=350%2C200","width":350,"height":200,"srcset":"https:\/\/i0.wp.com\/www.24baires.com\/wp-content\/uploads\/2017\/10\/jones-huala.jpg?resize=350%2C200 1x, https:\/\/i0.wp.com\/www.24baires.com\/wp-content\/uploads\/2017\/10\/jones-huala.jpg?resize=525%2C300 1.5x"},"classes":[]},{"id":103466,"url":"https:\/\/www.24baires.com\/?p=103466","url_meta":{"origin":96587,"position":1},"title":"Macri volvi\u00f3 a apuntar contra los mapuches","author":"AF","date":"20\/07\/2018","format":false,"excerpt":"\"Todos tenemos que vivir dentro de la ley\", dijo Macri al ser consultado en Bariloche por las protestas de la comunidad mapuche. Sobre la muerte de Rafael Nahuel se limit\u00f3 a responder que \u201cla Justicia es un poder independiente, que est\u00e1 investigando lo que pas\u00f3\" y no hizo menci\u00f3n a\u2026","rel":"","context":"En \u00abSociedad\u00bb","block_context":{"text":"Sociedad","link":"https:\/\/www.24baires.com\/?cat=1"},"img":{"alt_text":"","src":"https:\/\/i0.wp.com\/www.24baires.com\/wp-content\/uploads\/2016\/05\/macri-2.jpg?resize=350%2C200","width":350,"height":200,"srcset":"https:\/\/i0.wp.com\/www.24baires.com\/wp-content\/uploads\/2016\/05\/macri-2.jpg?resize=350%2C200 1x, https:\/\/i0.wp.com\/www.24baires.com\/wp-content\/uploads\/2016\/05\/macri-2.jpg?resize=525%2C300 1.5x"},"classes":[]},{"id":106066,"url":"https:\/\/www.24baires.com\/?p=106066","url_meta":{"origin":96587,"position":2},"title":"Chile: condenaron a nueve a\u00f1os de prisi\u00f3n a Facundo Jones Huala","author":"AF","date":"21\/12\/2018","format":false,"excerpt":"El l\u00edder mapuche fue extraditado desde la Argentina para ser juzgado por incendiar la propiedad de una familia en 2013. El l\u00edder de la agrupaci\u00f3n Resistencia Ancestral Mapuche (RAM) Facundo Jones Huala fue condenado este viernes en Chile a nueve a\u00f1os de c\u00e1rcel por los delitos de incendio en propiedad\u2026","rel":"","context":"En \u00abJUDICIALES\u00bb","block_context":{"text":"JUDICIALES","link":"https:\/\/www.24baires.com\/?cat=68"},"img":{"alt_text":"","src":"https:\/\/i0.wp.com\/www.24baires.com\/wp-content\/uploads\/2018\/08\/jones-huala.jpg?resize=350%2C200","width":350,"height":200,"srcset":"https:\/\/i0.wp.com\/www.24baires.com\/wp-content\/uploads\/2018\/08\/jones-huala.jpg?resize=350%2C200 1x, https:\/\/i0.wp.com\/www.24baires.com\/wp-content\/uploads\/2018\/08\/jones-huala.jpg?resize=525%2C300 1.5x"},"classes":[]},{"id":112831,"url":"https:\/\/www.24baires.com\/?p=112831","url_meta":{"origin":96587,"position":3},"title":"Imputaron a Patricia Bullrich por espionaje ilegal a la comunidad mapuche","author":"GB","date":"02\/11\/2019","format":false,"excerpt":"El fiscal federal Franco Picardo pidi\u00f3 iniciar una investigaci\u00f3n contra la ministra de Seguridad y varios funcionarios de su cartera sobre su accionar con las comunidades mapuches y propietarios formales de tierras en el sur del pa\u00eds. El fiscal Franco Picardi pidi\u00f3 este viernes determinar si la ministra de Seguridad\u2026","rel":"","context":"En \u00abPol\u00edtica\u00bb","block_context":{"text":"Pol\u00edtica","link":"https:\/\/www.24baires.com\/?cat=51"},"img":{"alt_text":"","src":"https:\/\/i0.wp.com\/www.24baires.com\/wp-content\/uploads\/2019\/01\/bullrich.jpg?resize=350%2C200","width":350,"height":200,"srcset":"https:\/\/i0.wp.com\/www.24baires.com\/wp-content\/uploads\/2019\/01\/bullrich.jpg?resize=350%2C200 1x, https:\/\/i0.wp.com\/www.24baires.com\/wp-content\/uploads\/2019\/01\/bullrich.jpg?resize=525%2C300 1.5x"},"classes":[]},{"id":102721,"url":"https:\/\/www.24baires.com\/?p=102721","url_meta":{"origin":96587,"position":4},"title":"El Estado tiene 10 d\u00edas para apelar contra la entrega de tierras mapuche","author":"AF","date":"13\/06\/2018","format":false,"excerpt":"Se trata de una cesi\u00f3n territorial otorgada por la Justicia en favor del pueblo naci\u00f3n mapuche. Se encuentra en San Carlos de Bariloche, y fue cedido a t\u00edtulo gratuito. La C\u00e1mara Contencioso Administrativo Federal otorg\u00f3 un plazo de 10 d\u00edas al Estado Nacional para que fundamente la apelaci\u00f3n que present\u00f3\u2026","rel":"","context":"En \u00abJUDICIALES\u00bb","block_context":{"text":"JUDICIALES","link":"https:\/\/www.24baires.com\/?cat=68"},"img":{"alt_text":"","src":"https:\/\/i0.wp.com\/www.24baires.com\/wp-content\/uploads\/2018\/06\/mapucge.jpg?resize=350%2C200","width":350,"height":200,"srcset":"https:\/\/i0.wp.com\/www.24baires.com\/wp-content\/uploads\/2018\/06\/mapucge.jpg?resize=350%2C200 1x, https:\/\/i0.wp.com\/www.24baires.com\/wp-content\/uploads\/2018\/06\/mapucge.jpg?resize=525%2C300 1.5x"},"classes":[]},{"id":112826,"url":"https:\/\/www.24baires.com\/?p=112826","url_meta":{"origin":96587,"position":5},"title":"Bullrich ser\u00e1 investigada por espiar y reprimir a los mapuches","author":"AF","date":"01\/11\/2019","format":false,"excerpt":"\"En funci\u00f3n de la denuncia de la APDH y los hechos all\u00ed plasmados, as\u00ed como de los elementos colectados hasta el momento, es que este Ministerio P\u00fablico considera pertinente iniciar una investigaci\u00f3n penal a los fines de determinar si la Ministra de Seguridad de la Naci\u00f3n, Patricia Bullrich, y funcionarios\u2026","rel":"","context":"En \u00abJUDICIALES\u00bb","block_context":{"text":"JUDICIALES","link":"https:\/\/www.24baires.com\/?cat=68"},"img":{"alt_text":"","src":"https:\/\/i0.wp.com\/www.24baires.com\/wp-content\/uploads\/2019\/10\/macri-bullrich.jpg?resize=350%2C200","width":350,"height":200,"srcset":"https:\/\/i0.wp.com\/www.24baires.com\/wp-content\/uploads\/2019\/10\/macri-bullrich.jpg?resize=350%2C200 1x, https:\/\/i0.wp.com\/www.24baires.com\/wp-content\/uploads\/2019\/10\/macri-bullrich.jpg?resize=525%2C300 1.5x"},"classes":[]}],"jetpack_sharing_enabled":true,"jetpack_likes_enabled":true,"_links":{"self":[{"href":"https:\/\/www.24baires.com\/index.php?rest_route=\/wp\/v2\/posts\/96587","targetHints":{"allow":["GET"]}}],"collection":[{"href":"https:\/\/www.24baires.com\/index.php?rest_route=\/wp\/v2\/posts"}],"about":[{"href":"https:\/\/www.24baires.com\/index.php?rest_route=\/wp\/v2\/types\/post"}],"author":[{"embeddable":true,"href":"https:\/\/www.24baires.com\/index.php?rest_route=\/wp\/v2\/users\/8"}],"replies":[{"embeddable":true,"href":"https:\/\/www.24baires.com\/index.php?rest_route=%2Fwp%2Fv2%2Fcomments&post=96587"}],"version-history":[{"count":1,"href":"https:\/\/www.24baires.com\/index.php?rest_route=\/wp\/v2\/posts\/96587\/revisions"}],"predecessor-version":[{"id":96588,"href":"https:\/\/www.24baires.com\/index.php?rest_route=\/wp\/v2\/posts\/96587\/revisions\/96588"}],"wp:attachment":[{"href":"https:\/\/www.24baires.com\/index.php?rest_route=%2Fwp%2Fv2%2Fmedia&parent=96587"}],"wp:term":[{"taxonomy":"category","embeddable":true,"href":"https:\/\/www.24baires.com\/index.php?rest_route=%2Fwp%2Fv2%2Fcategories&post=96587"},{"taxonomy":"post_tag","embeddable":true,"href":"https:\/\/www.24baires.com\/index.php?rest_route=%2Fwp%2Fv2%2Ftags&post=96587"}],"curies":[{"name":"wp","href":"https:\/\/api.w.org\/{rel}","templated":true}]}}