{"id":9658,"date":"2012-12-18T19:16:58","date_gmt":"2012-12-18T22:16:58","guid":{"rendered":"http:\/\/www.24baires.com\/?p=9658"},"modified":"2012-12-18T19:16:58","modified_gmt":"2012-12-18T22:16:58","slug":"el-senado-aprobo-el-traspaso-de-la-autopista-la-plata-buenos-aires-a-la-orbita-provincial","status":"publish","type":"post","link":"https:\/\/www.24baires.com\/?p=9658","title":{"rendered":"El Senado aprob\u00f3 el traspaso de la Autopista La Plata-Buenos Aires a la \u00f3rbita provincial"},"content":{"rendered":"<p><strong>LA PLATA-<\/strong> En la \u00faltima sesi\u00f3n del a\u00f1o, la C\u00e1mara de Senadores bonaerense convirti\u00f3 esta tarde en ley el proyecto que establece el traspaso de la autopista La Plata-Buenos Aires, luego de que la semana pasada no pudiera tratarse por la demora registrada en el expediente en la c\u00e1mara baja.<!--more--><\/p>\n<p>La iniciativa fue votada en contra por la totalidad de los bloques, con la excepci\u00f3n del bloque del Frente para la Victoria, que posee mayor\u00eda en el recinto.<\/p>\n<p>Durante su discurso, el senador Alfredo Meckievi del Pro PJ, consider\u00f3 que \u00abvamos a hacer una transferencia sin un inventario, sin una auditor\u00eda. Coviares tiene obras pendientes y digamos la verdad, si no las hizo en los 18 a\u00f1os que lleva de concesi\u00f3n, no la va a hacer en los 5 que le queda\u00bb.<\/p>\n<p>Por su parte, la senadora Mar\u00eda Isabel Gainza de la CC-ARIafirm\u00f3 que \u00abCoviares le debe a la Afip, pero no sabemos cu\u00e1nto porque no lo dicen. Tambi\u00e9n le debe a la Provincia, al ARBA, pero el ministro Alejandro Arl\u00eda dijo que no sab\u00eda cu\u00e1nto. Tambi\u00e9n le debe a municipios, como Berazategui y La Plata, y tiene deuda privada\u00bb.<\/p>\n<p>El proyecto de ley ratifica a la provincia de Buenos Aires,la cesi\u00f3n y transferencia de los derechos y obligaciones emergentes del Contrato de Concesi\u00f3n de la Autopista Buenos Aires &#8211; La Plata, peroconfirma el contrato que tiene en el car\u00e1cter de concesionaria a la empresa Coviares S.A, algo que fue criticado duramente por los bloques opositores.<\/p>\n<p>La sesi\u00f3n cont\u00f3 con la participaci\u00f3n de trabajadores nucleados en el Sindicato \u00danico de Trabajadores de los Peajes y Afines (SUTBA), quienes se ubicaron en los palcos del recinto, aunque no particip\u00f3 su titular, Facundo Moyano.<\/p>\n<p>&nbsp;<\/p>\n<p>&nbsp;<\/p>\n","protected":false},"excerpt":{"rendered":"<p>LA PLATA- En la \u00faltima sesi\u00f3n del a\u00f1o, la C\u00e1mara de Senadores bonaerense convirti\u00f3 esta tarde en ley el proyecto que establece el traspaso de la autopista La Plata-Buenos Aires, luego de que la semana pasada no pudiera tratarse por la demora registrada en el expediente en la c\u00e1mara baja.<\/p>\n","protected":false},"author":11,"featured_media":0,"comment_status":"open","ping_status":"open","sticky":false,"template":"","format":"standard","meta":{"_jetpack_newsletter_access":"","_jetpack_dont_email_post_to_subs":false,"_jetpack_newsletter_tier_id":0,"_jetpack_memberships_contains_paywalled_content":false,"_jetpack_memberships_contains_paid_content":false,"footnotes":""},"categories":[40],"tags":[],"class_list":["post-9658","post","type-post","status-publish","format-standard","hentry","category-provincia"],"jetpack_featured_media_url":"","jetpack_shortlink":"https:\/\/wp.me\/p2JWE0-2vM","jetpack-related-posts":[{"id":8675,"url":"https:\/\/www.24baires.com\/?p=8675","url_meta":{"origin":9658,"position":0},"title":"Avanzan las negociaciones para el traspaso de la autopista La Plata-Buenos Aires","author":"AF","date":"11\/12\/2012","format":false,"excerpt":"La posibilidad de que el gobierno bonaerense cuente con el respaldo necesario para hacerse cargo de la Autopista La Plata-Buenos Aires, dio este lunes un paso clave en la Legislatura. Si bien reclamaron una serie de condiciones, sectores de la oposici\u00f3n anunciaron que estar\u00edan dispuestos a acompa\u00f1ar al Frente para\u2026","rel":"","context":"En \u00abPol\u00edtica\u00bb","block_context":{"text":"Pol\u00edtica","link":"https:\/\/www.24baires.com\/?cat=51"},"img":{"alt_text":"","src":"https:\/\/i0.wp.com\/www.24baires.com\/wp-content\/uploads\/2012\/12\/autopista-bs-lp-300x209.jpg?resize=350%2C200","width":350,"height":200},"classes":[]},{"id":10035,"url":"https:\/\/www.24baires.com\/?p=10035","url_meta":{"origin":9658,"position":1},"title":"Citan a Arl\u00eda para dar explicaciones por el aumento del peaje de la AU La Plata-Bs.As","author":"Grupo Sierra","date":"21\/12\/2012","format":false,"excerpt":"LA PLATA - La presidenta del bloque denarvaista, M\u00f3nica L\u00f3pez -Uni\u00f3n Celeste y Blanco- solicit\u00f3 que la C\u00e1mara de Diputados bonaerense cite de forma urgente\u00a0al Ministro de Infraestructura, Alejandro Arl\u00eda, para que informe en que consiste el reciente aumento de tarifa de peaje en la Autopista La Plata-Buenos Aires, anunciado\u2026","rel":"","context":"En \u00abProvincia\u00bb","block_context":{"text":"Provincia","link":"https:\/\/www.24baires.com\/?cat=40"},"img":{"alt_text":"m\u00f3nica l\u00f3pez","src":"https:\/\/i0.wp.com\/www.24baires.com\/wp-content\/uploads\/2012\/10\/m%C3%B3nica-l%C3%B3pez.jpg?resize=350%2C200","width":350,"height":200},"classes":[]},{"id":8998,"url":"https:\/\/www.24baires.com\/?p=8998","url_meta":{"origin":9658,"position":2},"title":"Se aprob\u00f3 el traspaso de la Autopista La Plata-Buenos Aires a la Provincia","author":"Grupo Sierra","date":"13\/12\/2012","format":false,"excerpt":"LA PLATA- La C\u00e1mara de Diputados bonaerense aprob\u00f3 este jueves el traspaso de la Autopista La Plata-Buenos Aires a la \u00f3rbita provincial, que era gestionada por Naci\u00f3n a trav\u00e9s de la empresa Coviares. Antes de aprobar la norma, se produjo un acalorado debate entre diputados oficialistas y de la oposici\u00f3n.\u2026","rel":"","context":"En \u00abProvincia\u00bb","block_context":{"text":"Provincia","link":"https:\/\/www.24baires.com\/?cat=40"},"img":{"alt_text":"","src":"https:\/\/i0.wp.com\/www.24baires.com\/wp-content\/uploads\/2012\/12\/autopista_bs_as_la_plata.jpg?resize=350%2C200","width":350,"height":200,"srcset":"https:\/\/i0.wp.com\/www.24baires.com\/wp-content\/uploads\/2012\/12\/autopista_bs_as_la_plata.jpg?resize=350%2C200 1x, https:\/\/i0.wp.com\/www.24baires.com\/wp-content\/uploads\/2012\/12\/autopista_bs_as_la_plata.jpg?resize=525%2C300 1.5x"},"classes":[]},{"id":1631,"url":"https:\/\/www.24baires.com\/?p=1631","url_meta":{"origin":9658,"position":3},"title":"Traspaso a Provincia de Autopista Buenos Aires-La Plata tras incumplimiento de concesionaria","author":"AF","date":"10\/10\/2012","format":false,"excerpt":"El convenio se suscribi\u00f3 en la sede del Palacio de Hacienda de la Naci\u00f3n. \"El traspaso nos permitir\u00e1 seguir redise\u00f1ando la red vial de Buenos Aires con obras como la ruta 6 y la autopista Presidente Per\u00f3n\u201d, dijo el gobernador Daniel Scioli. Construir\u00e1n nuevos carriles en el tramo de Quilmes\u2026","rel":"","context":"En \u00abProvincia\u00bb","block_context":{"text":"Provincia","link":"https:\/\/www.24baires.com\/?cat=40"},"img":{"alt_text":"","src":"","width":0,"height":0},"classes":[]},{"id":4674,"url":"https:\/\/www.24baires.com\/?p=4674","url_meta":{"origin":9658,"position":4},"title":"Solicitan realizar ronda de consultas para evaluar el traspaso de la ruta La Plata-Buenos Aires","author":"AF","date":"07\/11\/2012","format":false,"excerpt":"Luego de participar de una reuni\u00f3n convocada por el bloque del Frente para la Victoria (FpV) para informar sobre el proyecto que autoriza a la Provincia a aceptar el traspaso de la concesi\u00f3n de la autopista La Plata \u2013 Buenos Aires, el diputado radical Carlos Garc\u00eda adelant\u00f3 que realizar\u00e1 desde\u2026","rel":"","context":"En \u00abLocales\u00bb","block_context":{"text":"Locales","link":"https:\/\/www.24baires.com\/?cat=38"},"img":{"alt_text":"","src":"","width":0,"height":0},"classes":[]},{"id":92492,"url":"https:\/\/www.24baires.com\/?p=92492","url_meta":{"origin":9658,"position":5},"title":"Exigen que el Gobierno argumente por qu\u00e9 aument\u00f3 la tarifa de los peajes","author":"GB","date":"17\/02\/2017","format":false,"excerpt":"El senador Alejandro Urdampilleta elev\u00f3 un pedido de informes al Ministerio de Infraestructura y Servicios P\u00fablicos para conocer los fundamentos en el aumento del peaje y por qu\u00e9 se extendi\u00f3 la \"hora pico\". El titular de la Comisi\u00f3n de Transporte de la C\u00e1mara de Senadores de la provincia de Buenos\u2026","rel":"","context":"En \u00abSociedad\u00bb","block_context":{"text":"Sociedad","link":"https:\/\/www.24baires.com\/?cat=1"},"img":{"alt_text":"","src":"https:\/\/i0.wp.com\/www.24baires.com\/wp-content\/uploads\/2013\/12\/peajes.jpg?resize=350%2C200","width":350,"height":200},"classes":[]}],"jetpack_sharing_enabled":true,"jetpack_likes_enabled":true,"_links":{"self":[{"href":"https:\/\/www.24baires.com\/index.php?rest_route=\/wp\/v2\/posts\/9658","targetHints":{"allow":["GET"]}}],"collection":[{"href":"https:\/\/www.24baires.com\/index.php?rest_route=\/wp\/v2\/posts"}],"about":[{"href":"https:\/\/www.24baires.com\/index.php?rest_route=\/wp\/v2\/types\/post"}],"author":[{"embeddable":true,"href":"https:\/\/www.24baires.com\/index.php?rest_route=\/wp\/v2\/users\/11"}],"replies":[{"embeddable":true,"href":"https:\/\/www.24baires.com\/index.php?rest_route=%2Fwp%2Fv2%2Fcomments&post=9658"}],"version-history":[{"count":2,"href":"https:\/\/www.24baires.com\/index.php?rest_route=\/wp\/v2\/posts\/9658\/revisions"}],"predecessor-version":[{"id":9660,"href":"https:\/\/www.24baires.com\/index.php?rest_route=\/wp\/v2\/posts\/9658\/revisions\/9660"}],"wp:attachment":[{"href":"https:\/\/www.24baires.com\/index.php?rest_route=%2Fwp%2Fv2%2Fmedia&parent=9658"}],"wp:term":[{"taxonomy":"category","embeddable":true,"href":"https:\/\/www.24baires.com\/index.php?rest_route=%2Fwp%2Fv2%2Fcategories&post=9658"},{"taxonomy":"post_tag","embeddable":true,"href":"https:\/\/www.24baires.com\/index.php?rest_route=%2Fwp%2Fv2%2Ftags&post=9658"}],"curies":[{"name":"wp","href":"https:\/\/api.w.org\/{rel}","templated":true}]}}