{"id":965,"date":"2012-10-04T11:09:04","date_gmt":"2012-10-04T14:09:04","guid":{"rendered":"http:\/\/www.24baires.com\/?p=965"},"modified":"2012-10-04T11:09:04","modified_gmt":"2012-10-04T14:09:04","slug":"bahia-blanca-comienza-hoy-la-expo-rural","status":"publish","type":"post","link":"https:\/\/www.24baires.com\/?p=965","title":{"rendered":"Bah\u00eda Blanca: comienza hoy la Expo Rural"},"content":{"rendered":"<p>La 128\u00ba Exposici\u00f3n Nacional de Ganader\u00eda e Industria de Bah\u00eda Blanca comienza hoy jueves con el ingreso de los ovinos, bovinos, equinos y porcinos.<!--more--><\/p>\n<p>La muestra, que se extender\u00e1 hasta el 8 de octubre, se llevar\u00e1 a cabo en el predio de la Sociedad Rural de Bah\u00eda Blanca, en ruta nacional 35 y ex camino Parque Sesquicentenario.<\/p>\n<p>Mientras que el jueves ingresar\u00e1n los ovinos, bovinos, equinos y porcinos, el viernes se proceder\u00e1 con la jura de clasificaci\u00f3n para los ovinos que continuar\u00e1 el s\u00e1bado, d\u00eda en el que tambi\u00e9n ser\u00e1 el turno de bovinos, equinos y porcinos.<\/p>\n<p>El acto inaugural se realizar\u00e1 el domingo a las 15, mientras que el lunes se realizar\u00e1n las ventas de Aberdeen Angus y Corriedale en 2 pistas simultaneas y a martillo corrido.<\/p>\n","protected":false},"excerpt":{"rendered":"<p>La 128\u00ba Exposici\u00f3n Nacional de Ganader\u00eda e Industria de Bah\u00eda Blanca comienza hoy jueves con el ingreso de los ovinos, bovinos, equinos y porcinos.<\/p>\n","protected":false},"author":4,"featured_media":0,"comment_status":"open","ping_status":"open","sticky":false,"template":"","format":"standard","meta":{"_jetpack_newsletter_access":"","_jetpack_dont_email_post_to_subs":false,"_jetpack_newsletter_tier_id":0,"_jetpack_memberships_contains_paywalled_content":false,"_jetpack_memberships_contains_paid_content":false,"footnotes":""},"categories":[1],"tags":[],"class_list":["post-965","post","type-post","status-publish","format-standard","hentry","category-sociedad"],"jetpack_featured_media_url":"","jetpack_shortlink":"https:\/\/wp.me\/p2JWE0-fz","jetpack-related-posts":[{"id":39063,"url":"https:\/\/www.24baires.com\/?p=39063","url_meta":{"origin":965,"position":0},"title":"Piden que Azul se sume a la emergencia agropecuaria","author":"Grupo Sierra","date":"23\/01\/2014","format":false,"excerpt":"As\u00ed lo solicit\u00f3 una comisi\u00f3n local al gobierno de la provincia, considerando la situaci\u00f3n de sequ\u00eda e incendios por la que est\u00e1 atravesando el distrito. Seg\u00fan evaluaron, se ver\u00e1n afectados los rindes de la campa\u00f1a gruesa (ma\u00edz, girasol y soja) y los cultivos destinados a la alimentaci\u00f3n del ganado bovino,\u2026","rel":"","context":"En \u00abLocales\u00bb","block_context":{"text":"Locales","link":"https:\/\/www.24baires.com\/?cat=38"},"img":{"alt_text":"sequ\u00eda azul","src":"https:\/\/i0.wp.com\/www.24baires.com\/wp-content\/uploads\/2014\/01\/sequ%C3%ADa-azul.jpg?resize=350%2C200","width":350,"height":200,"srcset":"https:\/\/i0.wp.com\/www.24baires.com\/wp-content\/uploads\/2014\/01\/sequ%C3%ADa-azul.jpg?resize=350%2C200 1x, https:\/\/i0.wp.com\/www.24baires.com\/wp-content\/uploads\/2014\/01\/sequ%C3%ADa-azul.jpg?resize=525%2C300 1.5x"},"classes":[]},{"id":51774,"url":"https:\/\/www.24baires.com\/?p=51774","url_meta":{"origin":965,"position":1},"title":"Plan ganadero y situaci\u00f3n hidrica en Tordillo","author":"AF","date":"14\/08\/2014","format":false,"excerpt":"El ministro de Asuntos Agrarios, Alejandro Rodr\u00edguez, evalu\u00f3 esta ma\u00f1ana la implementaci\u00f3n del m\u00f3dulo sanitario del Plan Ganadero Provincial y la situaci\u00f3n h\u00eddrica en el partido de Tordillo. El titular la cartera agraria comparti\u00f3 la jornada con el intendente local H\u00e9ctor Olivera, con quien recorri\u00f3 y supervis\u00f3 la zona del\u2026","rel":"","context":"En \u00abLocales\u00bb","block_context":{"text":"Locales","link":"https:\/\/www.24baires.com\/?cat=38"},"img":{"alt_text":"TORDILLO","src":"https:\/\/i0.wp.com\/www.24baires.com\/wp-content\/uploads\/2014\/08\/TORDILLO.jpg?resize=350%2C200","width":350,"height":200},"classes":[]},{"id":16770,"url":"https:\/\/www.24baires.com\/?p=16770","url_meta":{"origin":965,"position":2},"title":"Intendentes de Guamin\u00ed y de Saavedra presenciaron el relanzamiento del Programa Ovino","author":"AF","date":"26\/02\/2013","format":false,"excerpt":"Los intendentes N\u00e9stor \u00c1lvarez de Guamin\u00ed y Hugo Corvatta de Saavedra, se reunieron con el ministro Gustavo Arrieta quien les anunci\u00f3 el relanzamiento del Programa Ovino provincial para que se incorporen todos los municipios interesados. Los intendentes N\u00e9stor \u00c1lvarez de Guamin\u00ed y Hugo Corvatta de Saavedra, se reunieron con el\u2026","rel":"","context":"En \u00abLocales\u00bb","block_context":{"text":"Locales","link":"https:\/\/www.24baires.com\/?cat=38"},"img":{"alt_text":"","src":"","width":0,"height":0},"classes":[]},{"id":115174,"url":"https:\/\/www.24baires.com\/?p=115174","url_meta":{"origin":965,"position":3},"title":"Las exportaciones de carnes crecieron 17% en el primer cuatrimestre","author":"GB","date":"29\/05\/2020","format":false,"excerpt":"Entre productos bovinos, aviares y porcinos se comercializaron 249.223 toneladas El Servicio Nacional de Sanidad y Calidad Agroalimentaria (Senasa) dio a conocer que las exportaciones de carnes bovinas, aviares y porcinas crecieron 17% en el primer cuatrimestre del a\u00f1o, respecto del mismo per\u00edodo de 2019. Las mismas totalizaron 249.223 toneladas.\u2026","rel":"","context":"En \u00abEconom\u00eda\u00bb","block_context":{"text":"Econom\u00eda","link":"https:\/\/www.24baires.com\/?cat=45"},"img":{"alt_text":"","src":"https:\/\/i0.wp.com\/www.24baires.com\/wp-content\/uploads\/2020\/05\/exportacion-carne.jpg?resize=350%2C200","width":350,"height":200,"srcset":"https:\/\/i0.wp.com\/www.24baires.com\/wp-content\/uploads\/2020\/05\/exportacion-carne.jpg?resize=350%2C200 1x, https:\/\/i0.wp.com\/www.24baires.com\/wp-content\/uploads\/2020\/05\/exportacion-carne.jpg?resize=525%2C300 1.5x"},"classes":[]},{"id":86777,"url":"https:\/\/www.24baires.com\/?p=86777","url_meta":{"origin":965,"position":4},"title":"Productores ovinos bonaerenses recibir\u00e1n casi 7 millones de pesos","author":"AF","date":"26\/08\/2016","format":false,"excerpt":"En el marco del trabajo conjunto entre el Ministerio de Agroindustria bonaerense, la Unidad Ejecutora Provincial (UEP) y el gobierno nacional, se aprobaron desde la Coordinaci\u00f3n de la Ley Ovina Argentina 41 proyectos productivos por un total de $6.887.565. Las iniciativas que se aprobaron corresponden a 25 distritos de la\u2026","rel":"","context":"En \u00abProvincia\u00bb","block_context":{"text":"Provincia","link":"https:\/\/www.24baires.com\/?cat=40"},"img":{"alt_text":"productores ovinos","src":"https:\/\/i0.wp.com\/www.24baires.com\/wp-content\/uploads\/2016\/08\/productores-ovinos.png?resize=350%2C200","width":350,"height":200},"classes":[]},{"id":54406,"url":"https:\/\/www.24baires.com\/?p=54406","url_meta":{"origin":965,"position":5},"title":"Lober\u00eda: construir\u00e1n un frigor\u00edfico financiado por Provincia","author":"AF","date":"28\/09\/2014","format":false,"excerpt":"La ministra de Econom\u00eda, Silvina Batakis, visit\u00f3 el municipio de Lober\u00eda donde recorri\u00f3 junto a la intendenta Diana Arguello, el sector industrial donde se construir\u00e1 un matadero, frigor\u00edfico y depostadero de ovinos y porcinos que ser\u00e1 financiado por la Provincia en un 75%, a trav\u00e9s del Programa Provincial de Desarrollo.\u2026","rel":"","context":"En \u00abLocales\u00bb","block_context":{"text":"Locales","link":"https:\/\/www.24baires.com\/?cat=38"},"img":{"alt_text":"Silvina-Batakis","src":"https:\/\/i0.wp.com\/www.24baires.com\/wp-content\/uploads\/2014\/01\/Silvina-Batakis.jpg?resize=350%2C200","width":350,"height":200,"srcset":"https:\/\/i0.wp.com\/www.24baires.com\/wp-content\/uploads\/2014\/01\/Silvina-Batakis.jpg?resize=350%2C200 1x, https:\/\/i0.wp.com\/www.24baires.com\/wp-content\/uploads\/2014\/01\/Silvina-Batakis.jpg?resize=525%2C300 1.5x"},"classes":[]}],"jetpack_sharing_enabled":true,"jetpack_likes_enabled":true,"_links":{"self":[{"href":"https:\/\/www.24baires.com\/index.php?rest_route=\/wp\/v2\/posts\/965","targetHints":{"allow":["GET"]}}],"collection":[{"href":"https:\/\/www.24baires.com\/index.php?rest_route=\/wp\/v2\/posts"}],"about":[{"href":"https:\/\/www.24baires.com\/index.php?rest_route=\/wp\/v2\/types\/post"}],"author":[{"embeddable":true,"href":"https:\/\/www.24baires.com\/index.php?rest_route=\/wp\/v2\/users\/4"}],"replies":[{"embeddable":true,"href":"https:\/\/www.24baires.com\/index.php?rest_route=%2Fwp%2Fv2%2Fcomments&post=965"}],"version-history":[{"count":0,"href":"https:\/\/www.24baires.com\/index.php?rest_route=\/wp\/v2\/posts\/965\/revisions"}],"wp:attachment":[{"href":"https:\/\/www.24baires.com\/index.php?rest_route=%2Fwp%2Fv2%2Fmedia&parent=965"}],"wp:term":[{"taxonomy":"category","embeddable":true,"href":"https:\/\/www.24baires.com\/index.php?rest_route=%2Fwp%2Fv2%2Fcategories&post=965"},{"taxonomy":"post_tag","embeddable":true,"href":"https:\/\/www.24baires.com\/index.php?rest_route=%2Fwp%2Fv2%2Ftags&post=965"}],"curies":[{"name":"wp","href":"https:\/\/api.w.org\/{rel}","templated":true}]}}