{"id":9645,"date":"2012-12-18T16:54:09","date_gmt":"2012-12-18T19:54:09","guid":{"rendered":"http:\/\/www.24baires.com\/?p=9645"},"modified":"2012-12-19T12:50:59","modified_gmt":"2012-12-19T15:50:59","slug":"trata-los-18-departamentos-judiciales-de-la-provincia-miran-para-el-costado-dice-falbo","status":"publish","type":"post","link":"https:\/\/www.24baires.com\/?p=9645","title":{"rendered":"Trata: \u00abLos 18 Departamentos Judiciales de la Provincia miran para el costado\u00bb dice Falbo"},"content":{"rendered":"<p><a href=\"http:\/\/www.24baires.com\/provincia\/9645-trata-los-18-departamentos-judiciales-de-la-provincia-miran-para-el-costado-dice-falbo\/attachment\/falbo\/\" rel=\"attachment wp-att-9649\"><img data-recalc-dims=\"1\" loading=\"lazy\" decoding=\"async\" class=\"alignleft  wp-image-9649\" alt=\"FALBO\" src=\"https:\/\/i0.wp.com\/www.24baires.com\/wp-content\/uploads\/2012\/12\/FALBO.jpg?resize=240%2C226\" width=\"240\" height=\"226\" srcset=\"https:\/\/i0.wp.com\/www.24baires.com\/wp-content\/uploads\/2012\/12\/FALBO.jpg?resize=300%2C282&amp;ssl=1 300w, https:\/\/i0.wp.com\/www.24baires.com\/wp-content\/uploads\/2012\/12\/FALBO.jpg?w=560&amp;ssl=1 560w\" sizes=\"auto, (max-width: 240px) 100vw, 240px\" \/><\/a>La procuradora general de la Suprema Corte de Justicia bonaerense, Mar\u00eda del Carmen Falbo, asegur\u00f3 hoy que en la provincia \u00abhay 18 departamentos judiciales que miran para el costado\u201d, respecto de la trata de personas.\u00a0\u00abEn 2008, decidimos dar el puntapi\u00e9 m\u00e1s fuerte y llegamos a la conclusi\u00f3n que hab\u00eda que trabajar en todo el pa\u00eds. Nosotros estamos trabajando muy fuerte con la gente de Paraguay. Hoy, las m\u00e1s buscadas son las chicas menores de edad\u201d, dijo Falbo en di\u00e1logo con una radio capitalina.<!--more--><\/p>\n<p>A su vez, cuestion\u00f3 que en los departamentos judiciales bonaerenses, \u201cdicen que no es trata, que es el ejercicio de la prostituci\u00f3n. El protocolo (para prevenir, reprimir y sancionar la trata de personas) se aprob\u00f3 para todo el pa\u00eds, pero en algunas provincias, el protocolo lo tienen de adorno\u201d.<\/p>\n<p>Resalt\u00f3 que \u00abdesde el 2008 hasta hoy, rescatamos a 2491 v\u00edctimas en la Provincia de Buenos Aires. De ellas, 2048 fueron sexuales, las otras laborales, pero s\u00f3lo tenemos tres condenas en la Provincia\u00bb.<\/p>\n<p>La funcionaria sostuvo que el fiscal coordinador de la Unidad de Asistencia para la Investigaci\u00f3n de Secuestros Extorsivos y Trata de Personas, Marcelo Colombo, \u00abtrabaja mucho con nosotros y con el grupo de las chicas de rescate\u00bb.<br \/>\n\u00abEs una tarea de hormiga; somos s\u00f3lo un eslab\u00f3n. Ellas tienen mucho miedo a ser juzgadas. Es muy dif\u00edcil que las v\u00edctimas hablen\u00bb, aclar\u00f3.<\/p>\n<p>&nbsp;<\/p>\n<p>&nbsp;<\/p>\n<p>&nbsp;<\/p>\n<p>&nbsp;<\/p>\n<p>&nbsp;<\/p>\n","protected":false},"excerpt":{"rendered":"<p>La procuradora general de la Suprema Corte de Justicia bonaerense, Mar\u00eda del Carmen Falbo, asegur\u00f3 hoy que en la provincia \u00abhay 18 departamentos judiciales que miran para el costado\u201d, respecto de la trata de personas.\u00a0\u00abEn 2008, decidimos dar el puntapi\u00e9 m\u00e1s fuerte y llegamos a la conclusi\u00f3n que hab\u00eda que trabajar en todo el pa\u00eds. Nosotros estamos trabajando muy fuerte [&#8230;]<\/p>\n","protected":false},"author":11,"featured_media":0,"comment_status":"open","ping_status":"open","sticky":false,"template":"","format":"standard","meta":{"_jetpack_newsletter_access":"","_jetpack_dont_email_post_to_subs":false,"_jetpack_newsletter_tier_id":0,"_jetpack_memberships_contains_paywalled_content":false,"_jetpack_memberships_contains_paid_content":false,"footnotes":""},"categories":[40],"tags":[],"class_list":["post-9645","post","type-post","status-publish","format-standard","hentry","category-provincia"],"jetpack_featured_media_url":"","jetpack_shortlink":"https:\/\/wp.me\/p2JWE0-2vz","jetpack-related-posts":[{"id":89862,"url":"https:\/\/www.24baires.com\/?p=89862","url_meta":{"origin":9645,"position":0},"title":"La procuradora bonaerense Mar\u00eda del Carmen Falbo present\u00f3 su renuncia","author":"GB","date":"15\/11\/2016","format":false,"excerpt":"La jefa de los fiscales bonaerenses le llev\u00f3 la carta de renuncia firmada a la gobernadora Vidal. Dejar\u00e1 su cargo antes de fin de a\u00f1o. El reemplazante ser\u00e1 Julio Conte Grand. La procuradora general de la Suprema Corte de Justicia bonaerense, Mar\u00eda del Carmen Falbo, se retirar\u00e1 \"antes de fin\u2026","rel":"","context":"En \u00abProvincia\u00bb","block_context":{"text":"Provincia","link":"https:\/\/www.24baires.com\/?cat=40"},"img":{"alt_text":"","src":"","width":0,"height":0},"classes":[]},{"id":44502,"url":"https:\/\/www.24baires.com\/?p=44502","url_meta":{"origin":9645,"position":1},"title":"Scioli: \u00abNo hay una ley m\u00e1gica para resolver la inseguridad\u00bb","author":"Grupo Sierra","date":"22\/04\/2014","format":false,"excerpt":"El gobernador bonaerense mantuvo una reuni\u00f3n de trabajo con la procuradora general, Mar\u00eda del Carmen Falbo y los fiscales de los 18 departamentos judiciales de la Provincia, en el marco de la plena aplicaci\u00f3n de la emergencia p\u00fablica en materia de seguridad. En ese contexto, inst\u00f3 a \"sumar esfuerzos entre\u2026","rel":"","context":"En \u00abPol\u00edtica\u00bb","block_context":{"text":"Pol\u00edtica","link":"https:\/\/www.24baires.com\/?cat=51"},"img":{"alt_text":"acto scioli democracia","src":"https:\/\/i0.wp.com\/www.24baires.com\/wp-content\/uploads\/2013\/11\/acto-scioli-democracia.jpg?resize=350%2C200","width":350,"height":200,"srcset":"https:\/\/i0.wp.com\/www.24baires.com\/wp-content\/uploads\/2013\/11\/acto-scioli-democracia.jpg?resize=350%2C200 1x, https:\/\/i0.wp.com\/www.24baires.com\/wp-content\/uploads\/2013\/11\/acto-scioli-democracia.jpg?resize=525%2C300 1.5x"},"classes":[]},{"id":56271,"url":"https:\/\/www.24baires.com\/?p=56271","url_meta":{"origin":9645,"position":2},"title":"Arba denunciar\u00e1 penalmente a quienes radiquen veh\u00edculos en otras jurisdicciones","author":"AF","date":"30\/10\/2014","format":false,"excerpt":"Durante una jornada de capacitaci\u00f3n sobre la Ley Penal Tributaria, que encabez\u00f3 junto a Mar\u00eda del Carmen Falbo, procuradora general de la Suprema Corte de la provincia de Buenos Aires, el director de Arba, Iv\u00e1n Budassi, asegur\u00f3 que desde el organismo de recaudaci\u00f3n \u201ciniciamos denuncias penales por apropiaci\u00f3n indebida de\u2026","rel":"","context":"En \u00abEconom\u00eda\u00bb","block_context":{"text":"Econom\u00eda","link":"https:\/\/www.24baires.com\/?cat=45"},"img":{"alt_text":"","src":"","width":0,"height":0},"classes":[]},{"id":33772,"url":"https:\/\/www.24baires.com\/?p=33772","url_meta":{"origin":9645,"position":3},"title":"Falbo y Casal inauguraron nueva dependencia judicial para Castelli","author":"AF","date":"19\/10\/2013","format":false,"excerpt":"El ministro de Justicia bonaerense, Ricardo Casal, la Procuradora General de la Suprema Corte de Justicia, Mar\u00eda del Carmen Falbo y el intendente de Castelli, Francisco Echarren, inauguraron este viernes la nueva ayudant\u00eda fiscal de esa ciudad. \u201cEl intendente pidi\u00f3 tener una ayudant\u00eda fiscal para que los vecinos est\u00e9n m\u00e1s\u2026","rel":"","context":"En \u00abLocales\u00bb","block_context":{"text":"Locales","link":"https:\/\/www.24baires.com\/?cat=38"},"img":{"alt_text":"","src":"","width":0,"height":0},"classes":[]},{"id":36527,"url":"https:\/\/www.24baires.com\/?p=36527","url_meta":{"origin":9645,"position":4},"title":"Saqueos: investigan \u00abatentados contra el orden institucional\u00bb","author":"Grupo Sierra","date":"10\/12\/2013","format":false,"excerpt":"Gils Carb\u00f3 cre\u00f3 una comisi\u00f3n de fiscales que investigar\u00e1 los saqueos y coordinar\u00e1 la actuaci\u00f3n del Ministerio P\u00fablico Fiscal en las causas judiciales derivadas. En la provincia de Buenos Aires, la procuradora general Falbo orden\u00f3 la creaci\u00f3n de comit\u00e9s de crisis en cada distrito. Seg\u00fan inform\u00f3 la Procuradora General de\u2026","rel":"","context":"En \u00abJUDICIALES\u00bb","block_context":{"text":"JUDICIALES","link":"https:\/\/www.24baires.com\/?cat=68"},"img":{"alt_text":"gils cabr\u00f3","src":"https:\/\/i0.wp.com\/www.24baires.com\/wp-content\/uploads\/2013\/02\/gils-cabr%C3%B3-300x225.jpg?resize=350%2C200","width":350,"height":200},"classes":[]},{"id":37114,"url":"https:\/\/www.24baires.com\/?p=37114","url_meta":{"origin":9645,"position":5},"title":"Cifras alarmantes: 328 casos de tortura policial en cuatro meses","author":"Grupo Sierra","date":"19\/12\/2013","format":false,"excerpt":"La Defensor\u00eda P\u00fablica bonaerense denunci\u00f3 que desde mayo hasta septiembre pasado se produjeron 328 casos de torturas o malos tratos en dependencias policiales o del servicio penitenciario, 100 de los cuales tuvieron como v\u00edctimas a menores de edad. Los datos surgen del segundo informe cuatrimestral sobre la evoluci\u00f3n de casos\u2026","rel":"","context":"En \u00abProvincia\u00bb","block_context":{"text":"Provincia","link":"https:\/\/www.24baires.com\/?cat=40"},"img":{"alt_text":"abuso-policial-2","src":"https:\/\/i0.wp.com\/www.24baires.com\/wp-content\/uploads\/2013\/12\/abuso-policial-2-300x220.jpg?resize=350%2C200","width":350,"height":200},"classes":[]}],"jetpack_sharing_enabled":true,"jetpack_likes_enabled":true,"_links":{"self":[{"href":"https:\/\/www.24baires.com\/index.php?rest_route=\/wp\/v2\/posts\/9645","targetHints":{"allow":["GET"]}}],"collection":[{"href":"https:\/\/www.24baires.com\/index.php?rest_route=\/wp\/v2\/posts"}],"about":[{"href":"https:\/\/www.24baires.com\/index.php?rest_route=\/wp\/v2\/types\/post"}],"author":[{"embeddable":true,"href":"https:\/\/www.24baires.com\/index.php?rest_route=\/wp\/v2\/users\/11"}],"replies":[{"embeddable":true,"href":"https:\/\/www.24baires.com\/index.php?rest_route=%2Fwp%2Fv2%2Fcomments&post=9645"}],"version-history":[{"count":3,"href":"https:\/\/www.24baires.com\/index.php?rest_route=\/wp\/v2\/posts\/9645\/revisions"}],"predecessor-version":[{"id":9656,"href":"https:\/\/www.24baires.com\/index.php?rest_route=\/wp\/v2\/posts\/9645\/revisions\/9656"}],"wp:attachment":[{"href":"https:\/\/www.24baires.com\/index.php?rest_route=%2Fwp%2Fv2%2Fmedia&parent=9645"}],"wp:term":[{"taxonomy":"category","embeddable":true,"href":"https:\/\/www.24baires.com\/index.php?rest_route=%2Fwp%2Fv2%2Fcategories&post=9645"},{"taxonomy":"post_tag","embeddable":true,"href":"https:\/\/www.24baires.com\/index.php?rest_route=%2Fwp%2Fv2%2Ftags&post=9645"}],"curies":[{"name":"wp","href":"https:\/\/api.w.org\/{rel}","templated":true}]}}