{"id":9630,"date":"2012-12-18T14:50:49","date_gmt":"2012-12-18T17:50:49","guid":{"rendered":"http:\/\/www.24baires.com\/?p=9630"},"modified":"2012-12-18T15:03:17","modified_gmt":"2012-12-18T18:03:17","slug":"condenaron-a-cuello-por-el-asesinato-de-su-ex-hijastro-tomas","status":"publish","type":"post","link":"https:\/\/www.24baires.com\/?p=9630","title":{"rendered":"Prisi\u00f3n perpetua para Cuello por el asesinato de su ex hijastro, Tom\u00e1s"},"content":{"rendered":"<p><a href=\"http:\/\/www.24baires.com\/sociedad\/9630-condenaron-a-cuello-por-el-asesinato-de-su-ex-hijastro-tomas\/attachment\/cuello\/\" rel=\"attachment wp-att-9631\"><img data-recalc-dims=\"1\" loading=\"lazy\" decoding=\"async\" class=\"alignleft size-medium wp-image-9631\" alt=\"cuello\" src=\"https:\/\/i0.wp.com\/www.24baires.com\/wp-content\/uploads\/2012\/12\/cuello.jpg?resize=300%2C200\" width=\"300\" height=\"200\" srcset=\"https:\/\/i0.wp.com\/www.24baires.com\/wp-content\/uploads\/2012\/12\/cuello.jpg?resize=300%2C200&amp;ssl=1 300w, https:\/\/i0.wp.com\/www.24baires.com\/wp-content\/uploads\/2012\/12\/cuello.jpg?w=320&amp;ssl=1 320w\" sizes=\"auto, (max-width: 300px) 100vw, 300px\" \/><\/a>Por unanimidad, los jueces decidieron declararlo culpable e hicieron lugar a la pena solicitada por la fiscal\u00eda, que lo hab\u00eda acusado de \u00abhomicidio agravado por ensa\u00f1amiento y alevos\u00eda\u00bb. En el fallo, se consider\u00f3 que el imputado asesin\u00f3 pretendiendo \u201cextender el sufrimiento de la v\u00edctima de manera innecesaria\u201d.<\/p>\n<p><!--more--><\/p>\n<p>Adalberto Cuello fue condenado esta tarde a reclusi\u00f3n perpetua por el crimen de su ex hijastro de 9 a\u00f1os, Tom\u00e1s Santill\u00e1n, cometido en noviembre de 2011 en la localidad bonaerense de Lincoln.<\/p>\n<p>La sentencia de los jueces del Tribunal Oral en lo Criminal (TOC) 1 de Jun\u00edn Miguel Angel Vilaseca Parisi, Karina Lorena Piegari y Claudia Beatriz fue un\u00e1nime.<\/p>\n<p>En el fallo se hizo lugar al pedido dl fiscal del juicio, Javier Ochoaizpuro, quien hab\u00eda solicitado la m\u00e1xima pena prevista en el C\u00f3digo Penal por el delito de \u00abhomicidio agravado por ensa\u00f1amiento y alevos\u00eda\u00bb.<\/p>\n<p>Precisamente, los magistrados consideraron que Cuello actu\u00f3 \u201ccon crueldad\u201d pretendiendo \u201cextender el sufrimiento de la v\u00edctima de manera innecesaria\u201d.<\/p>\n<p>Tom\u00e1s desapareci\u00f3 el mediod\u00eda del 15 de noviembre de 2011, alrededor de las 12.15, cuando sali\u00f3 de la escuela rumbo a su casa, en la localidad de Lincoln, ubicada unos 300 kil\u00f3metros al oeste de esta Capital Federal.<\/p>\n<p>Al no tener noticias suyas, su madre radic\u00f3 una denuncia y, tras una intensa b\u00fasqueda, el cuerpo golpeado de Tom\u00e1s fue hallado el 17 de noviembre en el predio rural \u00abLa Vieja\u00bb, en las afueras de Lincoln.<\/p>\n<p>Desde entonces, la pesquisa estuvo orientada a Cuello como principal sospechoso ya que abundaban testigos que indicaban que el hombre no ten\u00eda buena relaci\u00f3n con el ni\u00f1o, al que responsabilizaba por la ruptura de la relaci\u00f3n con su madre, de quien se hab\u00eda separado.<\/p>\n<p>Entre los principales elementos que incriminan a Cuello se encuentra una pala de punta que el acusado -alba\u00f1il- usaba para trabajar, que seg\u00fan la autopsia ser\u00eda compatible con las heridas en el cr\u00e1neo de Tom\u00e1s y que fue hallada cerca de la escena del crimen, junto a la mochila y el guardapolvo del ni\u00f1o.<\/p>\n<p>Adem\u00e1s, fueron relevantes las declaraciones de un primo de Tom\u00e1s, que a excepci\u00f3n del d\u00eda de la desaparici\u00f3n sol\u00eda regresar con \u00e9l a la casa tras salir de la escuela, quien durante el debate cont\u00f3 que Cuello hab\u00eda comenzado a seguirlos 15 d\u00edas antes y que esa situaci\u00f3n les provocaba mucho miedo.<\/p>\n<p>El primo de Tom\u00e1s, de ocho a\u00f1os,\u00a0 dijo que cuando ve\u00edan la camioneta de Cuello a \u00abTomi le daban ganas de hacer pis y le dol\u00eda la panza\u00bb.<\/p>\n<p>Uno de los peritajes m\u00e1s importantes realizados durante la pesquisa fue el que se efectu\u00f3 sobre el auto Fiat Palio Weekend de la novia de Cuello, Mar\u00eda In\u00e9s M\u00e1rquez, que el acusado manejaba el d\u00eda del crimen, en el que se encontraron rastros gen\u00e9ticos de Tom\u00e1s en el asiento trasero del veh\u00edculo.<\/p>\n<p>Seg\u00fan declar\u00f3 la m\u00e9dica forense que hizo la autopsia sobre el cad\u00e1ver del ni\u00f1o, Mirta Mollo, Tom\u00e1s recibi\u00f3 tres golpes con un elemento contundente -probablemente la pala hallada en la escena del crimen- y estim\u00f3 que el asesino era zurdo, como Cuello.<\/p>\n<p>&nbsp;<\/p>\n<p>&nbsp;<\/p>\n<p>&nbsp;<\/p>\n<p>&nbsp;<\/p>\n<p>&nbsp;<\/p>\n<p>&nbsp;<\/p>\n<p>&nbsp;<\/p>\n<p>&nbsp;<\/p>\n<p>&nbsp;<\/p>\n<p>&nbsp;<\/p>\n<p>&nbsp;<\/p>\n<p>&nbsp;<\/p>\n<p>&nbsp;<\/p>\n<p>&nbsp;<\/p>\n<p>&nbsp;<\/p>\n<p>&nbsp;<\/p>\n<p>&nbsp;<\/p>\n<p>&nbsp;<\/p>\n<p>&nbsp;<\/p>\n<p>&nbsp;<\/p>\n<p>&nbsp;<\/p>\n<p>&nbsp;<\/p>\n<p>&nbsp;<\/p>\n<p>&nbsp;<\/p>\n<p>&nbsp;<\/p>\n<p>&nbsp;<\/p>\n<p>&nbsp;<\/p>\n","protected":false},"excerpt":{"rendered":"<p>Por unanimidad, los jueces decidieron declararlo culpable e hicieron lugar a la pena solicitada por la fiscal\u00eda, que lo hab\u00eda acusado de \u00abhomicidio agravado por ensa\u00f1amiento y alevos\u00eda\u00bb. En el fallo, se consider\u00f3 que el imputado asesin\u00f3 pretendiendo \u201cextender el sufrimiento de la v\u00edctima de manera innecesaria\u201d.<\/p>\n","protected":false},"author":4,"featured_media":0,"comment_status":"open","ping_status":"open","sticky":false,"template":"","format":"standard","meta":{"_jetpack_newsletter_access":"","_jetpack_dont_email_post_to_subs":false,"_jetpack_newsletter_tier_id":0,"_jetpack_memberships_contains_paywalled_content":false,"_jetpack_memberships_contains_paid_content":false,"footnotes":""},"categories":[1],"tags":[],"class_list":["post-9630","post","type-post","status-publish","format-standard","hentry","category-sociedad"],"jetpack_featured_media_url":"","jetpack_shortlink":"https:\/\/wp.me\/p2JWE0-2vk","jetpack-related-posts":[{"id":9362,"url":"https:\/\/www.24baires.com\/?p=9362","url_meta":{"origin":9630,"position":0},"title":"Esta semana se conocer\u00e1 el veredicto a Cuello, acusado de matar a su ex hijastro de 9 a\u00f1os","author":"Grupo Sierra","date":"16\/12\/2012","format":false,"excerpt":"JUN\u00cdN - El veredicto en el juicio que se le sigue a Adalberto Cuello por el crimen de su ex hijastro de 9 a\u00f1os, Tom\u00e1s Dameno Santill\u00e1n, cometido en noviembre de 2011 en la localidad bonaerense de Lincoln, se conocer\u00e1 el pr\u00f3ximo martes en los tribunales de la ciudad de\u2026","rel":"","context":"En \u00abPoliciales\u00bb","block_context":{"text":"Policiales","link":"https:\/\/www.24baires.com\/?cat=49"},"img":{"alt_text":"cuello asesino lincoln","src":"https:\/\/i0.wp.com\/www.24baires.com\/wp-content\/uploads\/2012\/12\/cuello-asesino-lincoln-300x200.jpg?resize=350%2C200","width":350,"height":200},"classes":[]},{"id":11128,"url":"https:\/\/www.24baires.com\/?p=11128","url_meta":{"origin":9630,"position":1},"title":"Lincoln: hallan ahorcado al hombre que mat\u00f3 a Evelyn y N\u00e9lida","author":"AF","date":"03\/01\/2013","format":false,"excerpt":"El cuerpo fue encontrado en un \u00e1rbol por lugare\u00f1os cerca de la localidad de Bayauca, partido de Lincoln. La polic\u00eda determin\u00f3 que se trata del buscado por la muerte de su ex pareja y su hijastra. Un hombre fue hallado ahorcado en la tarde de este jueves en las afueras\u2026","rel":"","context":"En \u00abPoliciales\u00bb","block_context":{"text":"Policiales","link":"https:\/\/www.24baires.com\/?cat=49"},"img":{"alt_text":"","src":"","width":0,"height":0},"classes":[]},{"id":62984,"url":"https:\/\/www.24baires.com\/?p=62984","url_meta":{"origin":9630,"position":2},"title":"Condenaron a un polic\u00eda por abusar de su hijastra durante siete a\u00f1os","author":"GB","date":"11\/03\/2015","format":false,"excerpt":"LA PLATA-El hombre fue condenado a 16 a\u00f1os de prisi\u00f3n, acusado de haber abusado sexualmente de la hija de su mujer durante siete a\u00f1os. Abusaba de su hijastra cuando viv\u00eda con la madre de \u00e9sta a quien golpeaba frecuentemente, en La Plata. La condena fue dictada por el Tribunal Oral\u2026","rel":"","context":"En \u00abPoliciales\u00bb","block_context":{"text":"Policiales","link":"https:\/\/www.24baires.com\/?cat=49"},"img":{"alt_text":"abuso","src":"https:\/\/i0.wp.com\/www.24baires.com\/wp-content\/uploads\/2014\/05\/abuso.jpg?resize=350%2C200","width":350,"height":200},"classes":[]},{"id":67970,"url":"https:\/\/www.24baires.com\/?p=67970","url_meta":{"origin":9630,"position":3},"title":"Crimen de Laura Iglesias: prisi\u00f3n perpetua para Esteban Cuello","author":"GB","date":"22\/06\/2015","format":false,"excerpt":"MIRAMAR-Los jueces sentenciaron a Esteban Cuello por los delitos de robo, abuso sexual seguido de muerte y robo. La v\u00edctima fue Laura Iglesias, una trabajadora social de 53 a\u00f1os que la encontraron muerta en mayo de 2013, en un descampado en Miramar. Para la familia de Laura, Cuello no actu\u00f3\u2026","rel":"","context":"En \u00abJUDICIALES\u00bb","block_context":{"text":"JUDICIALES","link":"https:\/\/www.24baires.com\/?cat=68"},"img":{"alt_text":"cuello","src":"https:\/\/i0.wp.com\/www.24baires.com\/wp-content\/uploads\/2015\/06\/cuello.jpg?resize=350%2C200","width":350,"height":200,"srcset":"https:\/\/i0.wp.com\/www.24baires.com\/wp-content\/uploads\/2015\/06\/cuello.jpg?resize=350%2C200 1x, https:\/\/i0.wp.com\/www.24baires.com\/wp-content\/uploads\/2015\/06\/cuello.jpg?resize=525%2C300 1.5x"},"classes":[]},{"id":56025,"url":"https:\/\/www.24baires.com\/?p=56025","url_meta":{"origin":9630,"position":4},"title":"Rozanski: \u00abEl juicio por cr\u00edmenes en La Cacha forma parte de un proceso irreversible\u00bb","author":"AF","date":"26\/10\/2014","format":false,"excerpt":"El titular del Tribunal Oral Federal 1\u00b0 de La Plata, Carlos Rozanski, consider\u00f3 que el juicio con la condena a prisi\u00f3n perpetua de quince represores por cr\u00edmenes de lesa humanidad cometidos en el ex centro clandestino, \"suma a la reconstrucci\u00f3n de la historia del pa\u00eds\" y \"forma parte de un\u2026","rel":"","context":"En \u00abMemoria\u00bb","block_context":{"text":"Memoria","link":"https:\/\/www.24baires.com\/?cat=50"},"img":{"alt_text":"rozansky","src":"https:\/\/i0.wp.com\/www.24baires.com\/wp-content\/uploads\/2013\/01\/rozansky.jpg?resize=350%2C200","width":350,"height":200,"srcset":"https:\/\/i0.wp.com\/www.24baires.com\/wp-content\/uploads\/2013\/01\/rozansky.jpg?resize=350%2C200 1x, https:\/\/i0.wp.com\/www.24baires.com\/wp-content\/uploads\/2013\/01\/rozansky.jpg?resize=525%2C300 1.5x"},"classes":[]},{"id":112056,"url":"https:\/\/www.24baires.com\/?p=112056","url_meta":{"origin":9630,"position":5},"title":"Rechazan el pedido de prisi\u00f3n domiciliaria del genocida Miguel Etchecolatz","author":"GB","date":"12\/09\/2019","format":false,"excerpt":"Lo decidieron los jueces de la sala IV de la C\u00e1mara Federal de Casaci\u00f3n Penal. La Sala IV de la C\u00e1mara Federal de Casaci\u00f3n Penal rechaz\u00f3 por voto un\u00e1nime el pedido de prisi\u00f3n preventiva al genocida y exsubcomisario de la Polic\u00eda Bonaerense durante la dictadura c\u00edvico-militar Miguel Etchecolatz. La decisi\u00f3n\u2026","rel":"","context":"En \u00abMemoria\u00bb","block_context":{"text":"Memoria","link":"https:\/\/www.24baires.com\/?cat=50"},"img":{"alt_text":"","src":"https:\/\/i0.wp.com\/www.24baires.com\/wp-content\/uploads\/2016\/08\/etchecolaz.jpg?resize=350%2C200","width":350,"height":200,"srcset":"https:\/\/i0.wp.com\/www.24baires.com\/wp-content\/uploads\/2016\/08\/etchecolaz.jpg?resize=350%2C200 1x, https:\/\/i0.wp.com\/www.24baires.com\/wp-content\/uploads\/2016\/08\/etchecolaz.jpg?resize=525%2C300 1.5x"},"classes":[]}],"jetpack_sharing_enabled":true,"jetpack_likes_enabled":true,"_links":{"self":[{"href":"https:\/\/www.24baires.com\/index.php?rest_route=\/wp\/v2\/posts\/9630","targetHints":{"allow":["GET"]}}],"collection":[{"href":"https:\/\/www.24baires.com\/index.php?rest_route=\/wp\/v2\/posts"}],"about":[{"href":"https:\/\/www.24baires.com\/index.php?rest_route=\/wp\/v2\/types\/post"}],"author":[{"embeddable":true,"href":"https:\/\/www.24baires.com\/index.php?rest_route=\/wp\/v2\/users\/4"}],"replies":[{"embeddable":true,"href":"https:\/\/www.24baires.com\/index.php?rest_route=%2Fwp%2Fv2%2Fcomments&post=9630"}],"version-history":[{"count":3,"href":"https:\/\/www.24baires.com\/index.php?rest_route=\/wp\/v2\/posts\/9630\/revisions"}],"predecessor-version":[{"id":9634,"href":"https:\/\/www.24baires.com\/index.php?rest_route=\/wp\/v2\/posts\/9630\/revisions\/9634"}],"wp:attachment":[{"href":"https:\/\/www.24baires.com\/index.php?rest_route=%2Fwp%2Fv2%2Fmedia&parent=9630"}],"wp:term":[{"taxonomy":"category","embeddable":true,"href":"https:\/\/www.24baires.com\/index.php?rest_route=%2Fwp%2Fv2%2Fcategories&post=9630"},{"taxonomy":"post_tag","embeddable":true,"href":"https:\/\/www.24baires.com\/index.php?rest_route=%2Fwp%2Fv2%2Ftags&post=9630"}],"curies":[{"name":"wp","href":"https:\/\/api.w.org\/{rel}","templated":true}]}}