{"id":963,"date":"2012-10-04T12:32:57","date_gmt":"2012-10-04T15:32:57","guid":{"rendered":"http:\/\/www.24baires.com\/?p=963"},"modified":"2012-10-04T12:32:57","modified_gmt":"2012-10-04T15:32:57","slug":"habra-siete-feriados-para-empleados-de-comercio-bahienses","status":"publish","type":"post","link":"https:\/\/www.24baires.com\/?p=963","title":{"rendered":"Habr\u00e1 siete feriados para empleados de comercio bahienses"},"content":{"rendered":"<p>Se llev\u00f3 a cabo una reuni\u00f3n entre Miguel Aolita, interventor y delegado normalizador del Sindicato de Empleados de Comercio, y el presidente de la Corporaci\u00f3n de Comercio, Industria y Servicios, Jorge Bonacorsi.<!--more--><\/p>\n<p>Durante el encuentro, seg\u00fan relat\u00f3 Aolita, por Radio Universal, llegaron a consensuar puntos de acci\u00f3n sobre el tema de los feriados.<\/p>\n<p>Explic\u00f3 que el gremio \u201cno pretende que se cierre cada feriado, por lo que se pact\u00f3 realizar un acta para que se cumplan una determinada cantidad de feriados nacionales no laborables, que ser\u00e1n siete en el a\u00f1o\u201d. Los d\u00edas elegidos son: 1\u00ba de enero, 1\u00ba de mayo, 25 de mayo, Viernes Santo, 9 de julio, 26 de septiembre y 25 de diciembre.<\/p>\n<p>Estos d\u00edas ser\u00e1n exclusivamente no laborables, el resto de las jornadas el empleador podr\u00e1 llamar a sus trabajadores.<\/p>\n","protected":false},"excerpt":{"rendered":"<p>Se llev\u00f3 a cabo una reuni\u00f3n entre Miguel Aolita, interventor y delegado normalizador del Sindicato de Empleados de Comercio, y el presidente de la Corporaci\u00f3n de Comercio, Industria y Servicios, Jorge Bonacorsi.<\/p>\n","protected":false},"author":4,"featured_media":0,"comment_status":"open","ping_status":"open","sticky":false,"template":"","format":"standard","meta":{"_jetpack_newsletter_access":"","_jetpack_dont_email_post_to_subs":false,"_jetpack_newsletter_tier_id":0,"_jetpack_memberships_contains_paywalled_content":false,"_jetpack_memberships_contains_paid_content":false,"footnotes":""},"categories":[1],"tags":[],"class_list":["post-963","post","type-post","status-publish","format-standard","hentry","category-sociedad"],"jetpack_featured_media_url":"","jetpack_shortlink":"https:\/\/wp.me\/p2JWE0-fx","jetpack-related-posts":[{"id":91806,"url":"https:\/\/www.24baires.com\/?p=91806","url_meta":{"origin":963,"position":0},"title":"Macri elimin\u00f3 los feriados \u00abpuente\u00bb","author":"AF","date":"23\/01\/2017","format":false,"excerpt":"El Poder Ejecutivo Nacional modific\u00f3 este lunes, a trav\u00e9s de un Decreto publicado en el Bolet\u00edn Oficial, el esquema de feriados nacionales que se hab\u00eda establecido durante el gobierno anterior y elimin\u00f3 los denominados \u201cpuente\u201d, reduciendo a 16 los d\u00edas no laborables. El Decreto 52\/2017 precisa que los feriados nacionales\u2026","rel":"","context":"En \u00abSociedad\u00bb","block_context":{"text":"Sociedad","link":"https:\/\/www.24baires.com\/?cat=1"},"img":{"alt_text":"","src":"https:\/\/i0.wp.com\/www.24baires.com\/wp-content\/uploads\/2015\/01\/turistas-mar-del-plata.jpg?resize=350%2C200","width":350,"height":200,"srcset":"https:\/\/i0.wp.com\/www.24baires.com\/wp-content\/uploads\/2015\/01\/turistas-mar-del-plata.jpg?resize=350%2C200 1x, https:\/\/i0.wp.com\/www.24baires.com\/wp-content\/uploads\/2015\/01\/turistas-mar-del-plata.jpg?resize=525%2C300 1.5x"},"classes":[]},{"id":91853,"url":"https:\/\/www.24baires.com\/?p=91853","url_meta":{"origin":963,"position":1},"title":"Luego del decreto de Macri, estos son los 16 feriados de 2017","author":"AF","date":"24\/01\/2017","format":false,"excerpt":"Este a\u00f1o hay 16 feriados nacionales. Los que cambian y los que quedan igual. El cronograma tras la eliminaci\u00f3n de los \"feriados puente\". La nueva andanada de decretos del presidente Macri a trav\u00e9s del texto que elimin\u00f3 los \"feriados puente\", deriv\u00f3 en un nuevo calendario de d\u00edas no laborables. El\u2026","rel":"","context":"En \u00abSociedad\u00bb","block_context":{"text":"Sociedad","link":"https:\/\/www.24baires.com\/?cat=1"},"img":{"alt_text":"","src":"https:\/\/i0.wp.com\/www.24baires.com\/wp-content\/uploads\/2017\/01\/feriado-calendario.jpg?resize=350%2C200","width":350,"height":200,"srcset":"https:\/\/i0.wp.com\/www.24baires.com\/wp-content\/uploads\/2017\/01\/feriado-calendario.jpg?resize=350%2C200 1x, https:\/\/i0.wp.com\/www.24baires.com\/wp-content\/uploads\/2017\/01\/feriado-calendario.jpg?resize=525%2C300 1.5x"},"classes":[]},{"id":89109,"url":"https:\/\/www.24baires.com\/?p=89109","url_meta":{"origin":963,"position":2},"title":"Comerciantes presionan para eliminar feriados del 2017","author":"GB","date":"25\/10\/2016","format":false,"excerpt":"Siete de cada diez due\u00f1os de locales se\u00f1alan que sus ventas se reducen porque los consumidores viajan o se quedan en sus casas. El 71 por ciento de comerciantes cree que el gobierno de Mauricio Macri deber\u00eda \"reducir\" la cantidad de feriados a partir de 2017, a fin de evitar\u2026","rel":"","context":"En \u00abLocales\u00bb","block_context":{"text":"Locales","link":"https:\/\/www.24baires.com\/?cat=38"},"img":{"alt_text":"shoppings ventas","src":"https:\/\/i0.wp.com\/www.24baires.com\/wp-content\/uploads\/2013\/06\/shoppings-ventas-300x180.jpg?resize=350%2C200","width":350,"height":200},"classes":[]},{"id":92049,"url":"https:\/\/www.24baires.com\/?p=92049","url_meta":{"origin":963,"position":3},"title":"Oficializan que los feriados del 24 de marzo, 2 de abril y 20 de junio ser\u00e1n fijos","author":"AF","date":"01\/02\/2017","format":false,"excerpt":"El Poder Ejecutivo nacional oficializ\u00f3 la decisi\u00f3n de mantener el d\u00eda de los feriados nacionales del 24 de marzo -D\u00eda de la Memoria, por el golpe militar de 1976- 2 de abril -D\u00eda del veterano de Malvinas- y 20 de junio -D\u00eda de la Bandera-, al aceptar el reclamo de\u2026","rel":"","context":"En \u00abSociedad\u00bb","block_context":{"text":"Sociedad","link":"https:\/\/www.24baires.com\/?cat=1"},"img":{"alt_text":"","src":"https:\/\/i0.wp.com\/www.24baires.com\/wp-content\/uploads\/2017\/01\/feriado-calendario.jpg?resize=350%2C200","width":350,"height":200,"srcset":"https:\/\/i0.wp.com\/www.24baires.com\/wp-content\/uploads\/2017\/01\/feriado-calendario.jpg?resize=350%2C200 1x, https:\/\/i0.wp.com\/www.24baires.com\/wp-content\/uploads\/2017\/01\/feriado-calendario.jpg?resize=525%2C300 1.5x"},"classes":[]},{"id":112546,"url":"https:\/\/www.24baires.com\/?p=112546","url_meta":{"origin":963,"position":4},"title":"El gobierno anunci\u00f3 los feriados puente de 2020","author":"GB","date":"18\/10\/2019","format":false,"excerpt":"Los feriados puente en 2020 ser\u00e1n tres y \u00abdestinados a promover la actividad tur\u00edstica\u00bb, seg\u00fan lo confirm\u00f3 el Gobierno, a trav\u00e9s del Decreto 717\/2019 publicado este viernes en el Bolet\u00edn Oficial. El lunes 23 de marzo, el viernes 10 de julio y el lunes 7 de diciembre funcionar\u00e1n como puentes\u2026","rel":"","context":"En \u00abSociedad\u00bb","block_context":{"text":"Sociedad","link":"https:\/\/www.24baires.com\/?cat=1"},"img":{"alt_text":"","src":"https:\/\/i0.wp.com\/www.24baires.com\/wp-content\/uploads\/2017\/01\/feriado-calendario.jpg?resize=350%2C200","width":350,"height":200,"srcset":"https:\/\/i0.wp.com\/www.24baires.com\/wp-content\/uploads\/2017\/01\/feriado-calendario.jpg?resize=350%2C200 1x, https:\/\/i0.wp.com\/www.24baires.com\/wp-content\/uploads\/2017\/01\/feriado-calendario.jpg?resize=525%2C300 1.5x"},"classes":[]},{"id":97736,"url":"https:\/\/www.24baires.com\/?p=97736","url_meta":{"origin":963,"position":5},"title":"Desde el 2018 volver\u00e1n los feriados puente para fomentar la actividad tur\u00edstica","author":"GB","date":"28\/09\/2017","format":false,"excerpt":"El Senado de la Naci\u00f3n aprob\u00f3 por amplia mayor\u00eda el proyecto que establece que se podr\u00e1n fijar hasta tres feriados por a\u00f1o. Cambiemos los hab\u00eda eliminado a trav\u00e9s de un decreto. El Senado de la Naci\u00f3n convirti\u00f3 en ley por amplia mayor\u00eda, el proyecto que faculta al Poder Ejecutivo a\u2026","rel":"","context":"En \u00abTurismo\u00bb","block_context":{"text":"Turismo","link":"https:\/\/www.24baires.com\/?cat=69"},"img":{"alt_text":"","src":"https:\/\/i0.wp.com\/www.24baires.com\/wp-content\/uploads\/2017\/01\/feriado-calendario.jpg?resize=350%2C200","width":350,"height":200,"srcset":"https:\/\/i0.wp.com\/www.24baires.com\/wp-content\/uploads\/2017\/01\/feriado-calendario.jpg?resize=350%2C200 1x, https:\/\/i0.wp.com\/www.24baires.com\/wp-content\/uploads\/2017\/01\/feriado-calendario.jpg?resize=525%2C300 1.5x"},"classes":[]}],"jetpack_sharing_enabled":true,"jetpack_likes_enabled":true,"_links":{"self":[{"href":"https:\/\/www.24baires.com\/index.php?rest_route=\/wp\/v2\/posts\/963","targetHints":{"allow":["GET"]}}],"collection":[{"href":"https:\/\/www.24baires.com\/index.php?rest_route=\/wp\/v2\/posts"}],"about":[{"href":"https:\/\/www.24baires.com\/index.php?rest_route=\/wp\/v2\/types\/post"}],"author":[{"embeddable":true,"href":"https:\/\/www.24baires.com\/index.php?rest_route=\/wp\/v2\/users\/4"}],"replies":[{"embeddable":true,"href":"https:\/\/www.24baires.com\/index.php?rest_route=%2Fwp%2Fv2%2Fcomments&post=963"}],"version-history":[{"count":0,"href":"https:\/\/www.24baires.com\/index.php?rest_route=\/wp\/v2\/posts\/963\/revisions"}],"wp:attachment":[{"href":"https:\/\/www.24baires.com\/index.php?rest_route=%2Fwp%2Fv2%2Fmedia&parent=963"}],"wp:term":[{"taxonomy":"category","embeddable":true,"href":"https:\/\/www.24baires.com\/index.php?rest_route=%2Fwp%2Fv2%2Fcategories&post=963"},{"taxonomy":"post_tag","embeddable":true,"href":"https:\/\/www.24baires.com\/index.php?rest_route=%2Fwp%2Fv2%2Ftags&post=963"}],"curies":[{"name":"wp","href":"https:\/\/api.w.org\/{rel}","templated":true}]}}