{"id":9627,"date":"2012-12-18T14:24:30","date_gmt":"2012-12-18T17:24:30","guid":{"rendered":"http:\/\/www.24baires.com\/?p=9627"},"modified":"2012-12-18T14:24:30","modified_gmt":"2012-12-18T17:24:30","slug":"reale-las-provincias-apoyamos-la-puesta-en-marcha-del-centro-nacional-de-datos","status":"publish","type":"post","link":"https:\/\/www.24baires.com\/?p=9627","title":{"rendered":"Reale: \u201cLas provincias apoyamos la puesta en marcha del Centro Nacional de Datos\u201d"},"content":{"rendered":"<p>Lo asegur\u00f3 el coordinador de la Comisi\u00f3n de Gobierno Electr\u00f3nico y subsecretario para la Modernizaci\u00f3n del Estado de la provincia de Buenos Aires, \u00a0Roberto Reale, en la reuni\u00f3n de Comisi\u00f3n de Gobierno Electr\u00f3nico del Consejo Federal para la Funci\u00f3n P\u00fablica (COFEFUP), donde las provincias debatieron sobre los avances en la modernizaci\u00f3n del Estado.<!--more--><\/p>\n<p>En los acuerdos alcanzados por los representantes de las Provincias se encuentra el apoyo a la puesta en marcha del Centro Nacional de Datos que fuera realizada el mi\u00e9rcoles 13 de diciembre en las instalaciones de ARSAT por la Presidente Cristina Fernandez de Kirchner y el Ministro de Planificaci\u00f3n Julio De Vido, acompa\u00f1ados por el Gobernador Daniel Scioli y el intendente local, Sergio Massa.<\/p>\n<p>El coordinador de la Comisi\u00f3n de Gobierno Electr\u00f3nico y subsecretario para la Modernizaci\u00f3n del Estado de la provincia de Buenos Aires, Lic. Roberto Reale, afirm\u00f3 luego de la reuni\u00f3n de Comisi\u00f3n: \u201cLas provincias apoyamos la puesta en marcha del Centro Nacional de Datos. Es algo positivo para todos porque hoy cuidar la informaci\u00f3n es cuidar nuestra soberan\u00eda. En este caso se busca concentrar los datos de los argentinos en territorio argentino, en un centro que aspira a ser el m\u00e1s grande de Sudam\u00e9rica y el coraz\u00f3n de la Red Federal de Fibra \u00d3ptica al que llegar\u00e1n las comunicaciones provenientes de todo el pa\u00eds\u201d.<\/p>\n<p>Asimismo, Reale inform\u00f3 que se solicitar\u00e1 formalmente desde el COFEFUP, de acuerdo a lo establecido por los representantes de las Provincias de Buenos Aires, Catamarca, Mendoza, Salta, Misiones, La Rioja, Neuqu\u00e9n, Chaco y La Pampa, una visita informativa a las instalaciones del Centro Nacional de Datos que se encuentra f\u00edsicamente en la localidad de Benavidez, partido de Tigre.<\/p>\n","protected":false},"excerpt":{"rendered":"<p>Lo asegur\u00f3 el coordinador de la Comisi\u00f3n de Gobierno Electr\u00f3nico y subsecretario para la Modernizaci\u00f3n del Estado de la provincia de Buenos Aires, \u00a0Roberto Reale, en la reuni\u00f3n de Comisi\u00f3n de Gobierno Electr\u00f3nico del Consejo Federal para la Funci\u00f3n P\u00fablica (COFEFUP), donde las provincias debatieron sobre los avances en la modernizaci\u00f3n del Estado.<\/p>\n","protected":false},"author":4,"featured_media":0,"comment_status":"open","ping_status":"open","sticky":false,"template":"","format":"standard","meta":{"_jetpack_newsletter_access":"","_jetpack_dont_email_post_to_subs":false,"_jetpack_newsletter_tier_id":0,"_jetpack_memberships_contains_paywalled_content":false,"_jetpack_memberships_contains_paid_content":false,"footnotes":""},"categories":[1],"tags":[],"class_list":["post-9627","post","type-post","status-publish","format-standard","hentry","category-sociedad"],"jetpack_featured_media_url":"","jetpack_shortlink":"https:\/\/wp.me\/p2JWE0-2vh","jetpack-related-posts":[{"id":2201,"url":"https:\/\/www.24baires.com\/?p=2201","url_meta":{"origin":9627,"position":0},"title":"Avanza la modernizaci\u00f3n de los Concejos Deliberantes bonaerenses","author":"AF","date":"14\/10\/2012","format":false,"excerpt":"La Provincia de Buenos Aires, a trav\u00e9s del Instituto Provincial de la Administraci\u00f3n P\u00fablica (IPAP), capacitar\u00e1 a los concejos deliberantes de la segunda secci\u00f3n electoral a trav\u00e9s del taller \u201cT\u00e9cnicas Legislativas para la Elaboraci\u00f3n de Normas Municipales\u201d. El encuentro se realizar\u00e1 el pr\u00f3ximo 16 de octubre en el municipio de\u2026","rel":"","context":"En \u00abMunicipios\u00bb","block_context":{"text":"Municipios","link":"https:\/\/www.24baires.com\/?cat=44"},"img":{"alt_text":"","src":"","width":0,"height":0},"classes":[]},{"id":121570,"url":"https:\/\/www.24baires.com\/?p=121570","url_meta":{"origin":9627,"position":1},"title":"Diputado del Frente Renovador busca habilitar en la Provincia el uso de las Taser","author":"GB","date":"23\/08\/2024","format":false,"excerpt":"La propuesta de Carlos Puglelli pretende autorizar el uso de armas electr\u00f3nicas en la Polic\u00eda de la provincia de Buenos Aires. Hace d\u00edas el senador del PRO, Marcelo \"Chuby\" Leguizam\u00f3n, hizo un planteo en el mismo sentido. El legislador del Frente Renovador, Carlos Puglelli, present\u00f3 un proyecto de ley en\u2026","rel":"","context":"En \u00abProvincia\u00bb","block_context":{"text":"Provincia","link":"https:\/\/www.24baires.com\/?cat=40"},"img":{"alt_text":"","src":"https:\/\/i0.wp.com\/www.24baires.com\/wp-content\/uploads\/2019\/01\/pistola-taser.jpg?resize=350%2C200","width":350,"height":200,"srcset":"https:\/\/i0.wp.com\/www.24baires.com\/wp-content\/uploads\/2019\/01\/pistola-taser.jpg?resize=350%2C200 1x, https:\/\/i0.wp.com\/www.24baires.com\/wp-content\/uploads\/2019\/01\/pistola-taser.jpg?resize=525%2C300 1.5x, https:\/\/i0.wp.com\/www.24baires.com\/wp-content\/uploads\/2019\/01\/pistola-taser.jpg?resize=700%2C400 2x"},"classes":[]},{"id":100234,"url":"https:\/\/www.24baires.com\/?p=100234","url_meta":{"origin":9627,"position":2},"title":"Hospital Posadas: M\u00e9dicos van al paro y marchar\u00e1n hacia el Ministerio de Salud","author":"GB","date":"30\/01\/2018","format":false,"excerpt":"Los trabajadores de la salud nucleados en Cicop comenzaron este martes una nueva medida de fuerza en todo el territorio bonaerense. Exigen la reincorporaci\u00f3n de los 122 empleados despedidos por el gobierno nacional. Profesionales de la salud bonaerense enrolados en Cicop comenzaron este martes una jornada provincial de lucha en\u2026","rel":"","context":"En \u00abProvincia\u00bb","block_context":{"text":"Provincia","link":"https:\/\/www.24baires.com\/?cat=40"},"img":{"alt_text":"","src":"https:\/\/i0.wp.com\/www.24baires.com\/wp-content\/uploads\/2018\/01\/marcha-posadas-1.jpg?resize=350%2C200","width":350,"height":200,"srcset":"https:\/\/i0.wp.com\/www.24baires.com\/wp-content\/uploads\/2018\/01\/marcha-posadas-1.jpg?resize=350%2C200 1x, https:\/\/i0.wp.com\/www.24baires.com\/wp-content\/uploads\/2018\/01\/marcha-posadas-1.jpg?resize=525%2C300 1.5x"},"classes":[]},{"id":46976,"url":"https:\/\/www.24baires.com\/?p=46976","url_meta":{"origin":9627,"position":3},"title":"Scioli present\u00f3 la firma digital que va a permitir \u201cagilizar la funci\u00f3n administrativa\u201d","author":"GB","date":"29\/05\/2014","format":false,"excerpt":"El gobernador Daniel Scioli instruy\u00f3, junto al secretario General de la Gobernaci\u00f3n, Mart\u00edn Ferr\u00e9, la puesta en marcha de la Firma Digital en la Provincia con el objetivo de agilizar el ejercicio de la funci\u00f3n administrativa, se inform\u00f3 hoy oficialmente. \"Esta medida no s\u00f3lo abarca la incorporaci\u00f3n de tecnolog\u00eda, la\u2026","rel":"","context":"En \u00abProvincia\u00bb","block_context":{"text":"Provincia","link":"https:\/\/www.24baires.com\/?cat=40"},"img":{"alt_text":"scioli2","src":"https:\/\/i0.wp.com\/www.24baires.com\/wp-content\/uploads\/2014\/05\/scioli2.jpg?resize=350%2C200","width":350,"height":200,"srcset":"https:\/\/i0.wp.com\/www.24baires.com\/wp-content\/uploads\/2014\/05\/scioli2.jpg?resize=350%2C200 1x, https:\/\/i0.wp.com\/www.24baires.com\/wp-content\/uploads\/2014\/05\/scioli2.jpg?resize=525%2C300 1.5x"},"classes":[]},{"id":77530,"url":"https:\/\/www.24baires.com\/?p=77530","url_meta":{"origin":9627,"position":4},"title":"Ibarra anunci\u00f3 que PAMI publicar\u00e1 informaci\u00f3n sobre el manejo de sus fondos","author":"GB","date":"12\/01\/2016","format":false,"excerpt":"El ministro de Gesti\u00f3n y Modernizaci\u00f3n asegur\u00f3 que el organismo difundir\u00e1 \"la informaci\u00f3n sobre el manejo de sus fondos como compras y contrataciones, salarios y va en la direcci\u00f3n de una pol\u00edtica de gobierno abierto\". \"El objetivo esencial para nosotros es construir con decisi\u00f3n pol\u00edtica un gobierno moderno, eficiente, transparente,\u2026","rel":"","context":"En \u00abPol\u00edtica\u00bb","block_context":{"text":"Pol\u00edtica","link":"https:\/\/www.24baires.com\/?cat=51"},"img":{"alt_text":"","src":"","width":0,"height":0},"classes":[]},{"id":117974,"url":"https:\/\/www.24baires.com\/?p=117974","url_meta":{"origin":9627,"position":5},"title":"Kicillof present\u00f3 el programa Impulsar Oficios","author":"GB","date":"10\/08\/2021","format":false,"excerpt":"La iniciativa brinda apoyo econ\u00f3mico y t\u00e9cnico a egresados de los Centros de Formaci\u00f3n de la Provincia. El gobernador Axel Kicillof present\u00f3 el programa Impulsar Oficios, iniciativa que brinda apoyo econ\u00f3mico y t\u00e9cnico a las y los egresados de los Centros de Formaci\u00f3n de la Provincia con el objetivo de\u2026","rel":"","context":"En \u00abProvincia\u00bb","block_context":{"text":"Provincia","link":"https:\/\/www.24baires.com\/?cat=40"},"img":{"alt_text":"","src":"https:\/\/i0.wp.com\/www.24baires.com\/wp-content\/uploads\/2021\/08\/kicilof.jpg?resize=350%2C200","width":350,"height":200,"srcset":"https:\/\/i0.wp.com\/www.24baires.com\/wp-content\/uploads\/2021\/08\/kicilof.jpg?resize=350%2C200 1x, https:\/\/i0.wp.com\/www.24baires.com\/wp-content\/uploads\/2021\/08\/kicilof.jpg?resize=525%2C300 1.5x"},"classes":[]}],"jetpack_sharing_enabled":true,"jetpack_likes_enabled":true,"_links":{"self":[{"href":"https:\/\/www.24baires.com\/index.php?rest_route=\/wp\/v2\/posts\/9627","targetHints":{"allow":["GET"]}}],"collection":[{"href":"https:\/\/www.24baires.com\/index.php?rest_route=\/wp\/v2\/posts"}],"about":[{"href":"https:\/\/www.24baires.com\/index.php?rest_route=\/wp\/v2\/types\/post"}],"author":[{"embeddable":true,"href":"https:\/\/www.24baires.com\/index.php?rest_route=\/wp\/v2\/users\/4"}],"replies":[{"embeddable":true,"href":"https:\/\/www.24baires.com\/index.php?rest_route=%2Fwp%2Fv2%2Fcomments&post=9627"}],"version-history":[{"count":2,"href":"https:\/\/www.24baires.com\/index.php?rest_route=\/wp\/v2\/posts\/9627\/revisions"}],"predecessor-version":[{"id":9629,"href":"https:\/\/www.24baires.com\/index.php?rest_route=\/wp\/v2\/posts\/9627\/revisions\/9629"}],"wp:attachment":[{"href":"https:\/\/www.24baires.com\/index.php?rest_route=%2Fwp%2Fv2%2Fmedia&parent=9627"}],"wp:term":[{"taxonomy":"category","embeddable":true,"href":"https:\/\/www.24baires.com\/index.php?rest_route=%2Fwp%2Fv2%2Fcategories&post=9627"},{"taxonomy":"post_tag","embeddable":true,"href":"https:\/\/www.24baires.com\/index.php?rest_route=%2Fwp%2Fv2%2Ftags&post=9627"}],"curies":[{"name":"wp","href":"https:\/\/api.w.org\/{rel}","templated":true}]}}