{"id":9611,"date":"2012-12-18T09:24:50","date_gmt":"2012-12-18T12:24:50","guid":{"rendered":"http:\/\/www.24baires.com\/?p=9611"},"modified":"2012-12-18T13:32:12","modified_gmt":"2012-12-18T16:32:12","slug":"lanzan-convocatoria-a-artistas-para-revista-de-arte-contemporaneo","status":"publish","type":"post","link":"https:\/\/www.24baires.com\/?p=9611","title":{"rendered":"Lanzan convocatoria a artistas para revista de arte contempor\u00e1neo"},"content":{"rendered":"<p><a href=\"http:\/\/www.24baires.com\/sociedad\/9611-lanzan-convocatoria-a-artistas-para-revista-de-arte-contemporaneo\/attachment\/postal7600\/\" rel=\"attachment wp-att-9612\"><img data-recalc-dims=\"1\" loading=\"lazy\" decoding=\"async\" class=\"aligncenter size-full wp-image-9612\" alt=\"postal7600\" src=\"https:\/\/i0.wp.com\/www.24baires.com\/wp-content\/uploads\/2012\/12\/postal7600.jpg?resize=492%2C192\" width=\"492\" height=\"192\" srcset=\"https:\/\/i0.wp.com\/www.24baires.com\/wp-content\/uploads\/2012\/12\/postal7600.jpg?w=492&amp;ssl=1 492w, https:\/\/i0.wp.com\/www.24baires.com\/wp-content\/uploads\/2012\/12\/postal7600.jpg?resize=300%2C117&amp;ssl=1 300w\" sizes=\"auto, (max-width: 492px) 100vw, 492px\" \/><\/a><\/p>\n<p>La revista digital de arte contempor\u00e1neo Postal 7600 lanz\u00f3 una nueva convocatoria dirigida a artistas <strong>marplatenses<\/strong>, artistas <strong>argentinos<\/strong>, y artistas <strong>extranjeros<\/strong>.<!--more--><\/p>\n<p>La revista se edita mensualmente y cada n\u00famero est\u00e1 conformado por la obra de tres artistas locales (mar del plata), dos nacionales y uno internacional, con el fin de difundir de este modo el arte local y generar un intercambio a nivel mundial.<br \/>\nLa participaci\u00f3n es totalmente libre y gratuita. En caso de que surja la venta de alguna obra, el contacto y la misma se realizar\u00e1 directamente entre el artista y el interesado sin cobro de comisi\u00f3n alguna.<\/p>\n<p>Los interesados en participar deber\u00e1n enviar un mail a postal7600@gmail.com que incluya lo siguiente:<\/p>\n<p>a. De 9 a 6 im\u00e1genes en buena calidad<br \/>\nb. Datos de las obras (nombre, medidas, t\u00e9cnica)<br \/>\nc. Nombre del artista<br \/>\nd. Ciudad de nacimiento y ciudad donde trabaja actualmente (se considerar\u00e1 marplatense a aqu\u00e9l artista que est\u00e9 produciendo en esta ciudad incluso habiendo nacido en otra).<br \/>\ne. P\u00e1gina, blog, Flickr o cualquier link que remita a su obra y desee que figure en la revista.<br \/>\nf. Mail de contacto para ser contactado por el p\u00fablico.<\/p>\n","protected":false},"excerpt":{"rendered":"<p>La revista digital de arte contempor\u00e1neo Postal 7600 lanz\u00f3 una nueva convocatoria dirigida a artistas marplatenses, artistas argentinos, y artistas extranjeros.<\/p>\n","protected":false},"author":4,"featured_media":0,"comment_status":"open","ping_status":"open","sticky":false,"template":"","format":"standard","meta":{"_jetpack_newsletter_access":"","_jetpack_dont_email_post_to_subs":false,"_jetpack_newsletter_tier_id":0,"_jetpack_memberships_contains_paywalled_content":false,"_jetpack_memberships_contains_paid_content":false,"footnotes":""},"categories":[1],"tags":[],"class_list":["post-9611","post","type-post","status-publish","format-standard","hentry","category-sociedad"],"jetpack_featured_media_url":"","jetpack_shortlink":"https:\/\/wp.me\/p2JWE0-2v1","jetpack-related-posts":[{"id":5601,"url":"https:\/\/www.24baires.com\/?p=5601","url_meta":{"origin":9611,"position":0},"title":"Abren la convocatoria para la Bienal Nacional de Arte de Bah\u00eda Blanca 2013","author":"Grupo Sierra","date":"15\/11\/2012","format":false,"excerpt":"La gesti\u00f3n del MBA-MAC (Museo de Bellas Artes - Museo de Arte Contempor\u00e1neo de Bah\u00eda Blanca contin\u00faa dando el ejemplo, tanto a nivel provincial como nacional, con la apertura de la convocatoria para una nueva edici\u00f3n de la Bienal Nacional de Arte. Estos dos museos, nacido en 1931 el primero,\u2026","rel":"","context":"En \u00abArte &amp; Cultura\u00bb","block_context":{"text":"Arte &amp; Cultura","link":"https:\/\/www.24baires.com\/?cat=53"},"img":{"alt_text":"","src":"https:\/\/i0.wp.com\/www.24baires.com\/wp-content\/uploads\/2012\/11\/bienal-bb.jpg?resize=350%2C200","width":350,"height":200,"srcset":"https:\/\/i0.wp.com\/www.24baires.com\/wp-content\/uploads\/2012\/11\/bienal-bb.jpg?resize=350%2C200 1x, https:\/\/i0.wp.com\/www.24baires.com\/wp-content\/uploads\/2012\/11\/bienal-bb.jpg?resize=525%2C300 1.5x"},"classes":[]},{"id":28322,"url":"https:\/\/www.24baires.com\/?p=28322","url_meta":{"origin":9611,"position":1},"title":"Un proyecto de ley beneficiar\u00e1 a los artistas del interior del pa\u00eds","author":"Grupo Sierra","date":"15\/07\/2013","format":false,"excerpt":"Con el objetivo de beneficiar a los artistas del interior del pa\u00eds, fue presentado un proyecto para modificar la actual ley 24.633, la cual regula la importaci\u00f3n y exportaci\u00f3n de obras de arte de artistas vivos o fallecidos hasta 50 a\u00f1os a contar de la fecha del deceso del autor.\u2026","rel":"","context":"En \u00abSociedad\u00bb","block_context":{"text":"Sociedad","link":"https:\/\/www.24baires.com\/?cat=1"},"img":{"alt_text":"artistas interior","src":"https:\/\/i0.wp.com\/www.24baires.com\/wp-content\/uploads\/2013\/07\/artistas-interior.jpg?resize=350%2C200","width":350,"height":200,"srcset":"https:\/\/i0.wp.com\/www.24baires.com\/wp-content\/uploads\/2013\/07\/artistas-interior.jpg?resize=350%2C200 1x, https:\/\/i0.wp.com\/www.24baires.com\/wp-content\/uploads\/2013\/07\/artistas-interior.jpg?resize=525%2C300 1.5x"},"classes":[]},{"id":43778,"url":"https:\/\/www.24baires.com\/?p=43778","url_meta":{"origin":9611,"position":2},"title":"Artes visuales y mercado en Argentina: 3 reformas necesarias","author":"GB","date":"13\/04\/2014","format":false,"excerpt":"En la actualidad hay varios factores que hacen que la vida del artista vaya por el camino de la informalidad laboral y econ\u00f3mica. La actividad hace que el artista deba tranzar en ciertos principios que hacen a su auto-respeto (comisiones del 50%, galer\u00edas que venden en negro) si es que\u2026","rel":"","context":"En \u00abSociedad\u00bb","block_context":{"text":"Sociedad","link":"https:\/\/www.24baires.com\/?cat=1"},"img":{"alt_text":"pintura","src":"https:\/\/i0.wp.com\/www.24baires.com\/wp-content\/uploads\/2014\/04\/pintura.jpg?resize=350%2C200","width":350,"height":200,"srcset":"https:\/\/i0.wp.com\/www.24baires.com\/wp-content\/uploads\/2014\/04\/pintura.jpg?resize=350%2C200 1x, https:\/\/i0.wp.com\/www.24baires.com\/wp-content\/uploads\/2014\/04\/pintura.jpg?resize=525%2C300 1.5x"},"classes":[]},{"id":4831,"url":"https:\/\/www.24baires.com\/?p=4831","url_meta":{"origin":9611,"position":3},"title":"La Municipalidad de la Plata homenajea a Manuel Garc\u00eda Ferr\u00e9","author":"Grupo Sierra","date":"09\/11\/2012","format":false,"excerpt":"Este s\u00e1bado, a las 17, en la Rep\u00fablica de los Ni\u00f1os impondr\u00e1n su nombre al Paseo de la Historieta y colocar\u00e1n una escultura de los tradicionales personajes \u201cHijitus\u201d y \u201cPichichus\u201d. La Municipalidad de La Plata realizar\u00e1 en la Rep\u00fablica de los Ni\u00f1os un reconocimiento al artista pl\u00e1stico e historietista Manuel\u2026","rel":"","context":"En \u00abLocales\u00bb","block_context":{"text":"Locales","link":"https:\/\/www.24baires.com\/?cat=38"},"img":{"alt_text":"","src":"","width":0,"height":0},"classes":[]},{"id":37496,"url":"https:\/\/www.24baires.com\/?p=37496","url_meta":{"origin":9611,"position":4},"title":"Entre obras y figuritas, inauguran el Museo de Arte Contempor\u00e1neo en Mar del Plata","author":"Grupo Sierra","date":"27\/12\/2013","format":false,"excerpt":"Hoy a las 19, el gobernador de la provincia de Buenos Aires, Daniel Osvaldo Scioli, el titular del Instituto Cultural de la provincia de Buenos Aires, Jorge Alberto Telerman, y el intendente de la ciudad de Mar del Plata, Gustavo Arnaldo Pulti, dejar\u00e1n inaugurado el Museo de Arte Contempor\u00e1neo (MAR)\u2026","rel":"","context":"En \u00abLocales\u00bb","block_context":{"text":"Locales","link":"https:\/\/www.24baires.com\/?cat=38"},"img":{"alt_text":"Museo_de_Arte_Contemporaneo_de_Mar_del_Plata_full","src":"https:\/\/i0.wp.com\/www.24baires.com\/wp-content\/uploads\/2013\/12\/Museo_de_Arte_Contemporaneo_de_Mar_del_Plata_full.jpg?resize=350%2C200","width":350,"height":200,"srcset":"https:\/\/i0.wp.com\/www.24baires.com\/wp-content\/uploads\/2013\/12\/Museo_de_Arte_Contemporaneo_de_Mar_del_Plata_full.jpg?resize=350%2C200 1x, https:\/\/i0.wp.com\/www.24baires.com\/wp-content\/uploads\/2013\/12\/Museo_de_Arte_Contemporaneo_de_Mar_del_Plata_full.jpg?resize=525%2C300 1.5x"},"classes":[]},{"id":19973,"url":"https:\/\/www.24baires.com\/?p=19973","url_meta":{"origin":9611,"position":5},"title":"Convocan a alumnos bonaerenses a concurso sobre relatos de la Dictadura","author":"AF","date":"02\/04\/2013","format":false,"excerpt":"La participaci\u00f3n es de car\u00e1cter individual y el argumento debe abarcar en cualquiera de sus variantes los temas relacionados a derechos humanos y gobierno de facto. Los trabajos se recibir\u00e1n hasta el 28 de junio v\u00eda correo electr\u00f3nico. La Direcci\u00f3n General de Cultura y Educaci\u00f3n lanz\u00f3 el concurso de Microrrelatos\u2026","rel":"","context":"En \u00abMemoria\u00bb","block_context":{"text":"Memoria","link":"https:\/\/www.24baires.com\/?cat=50"},"img":{"alt_text":"nunca m\u00e1s perfil","src":"https:\/\/i0.wp.com\/www.24baires.com\/wp-content\/uploads\/2013\/04\/nunca-m%C3%A1s-perfil.jpg?resize=350%2C200","width":350,"height":200,"srcset":"https:\/\/i0.wp.com\/www.24baires.com\/wp-content\/uploads\/2013\/04\/nunca-m%C3%A1s-perfil.jpg?resize=350%2C200 1x, https:\/\/i0.wp.com\/www.24baires.com\/wp-content\/uploads\/2013\/04\/nunca-m%C3%A1s-perfil.jpg?resize=525%2C300 1.5x"},"classes":[]}],"jetpack_sharing_enabled":true,"jetpack_likes_enabled":true,"_links":{"self":[{"href":"https:\/\/www.24baires.com\/index.php?rest_route=\/wp\/v2\/posts\/9611","targetHints":{"allow":["GET"]}}],"collection":[{"href":"https:\/\/www.24baires.com\/index.php?rest_route=\/wp\/v2\/posts"}],"about":[{"href":"https:\/\/www.24baires.com\/index.php?rest_route=\/wp\/v2\/types\/post"}],"author":[{"embeddable":true,"href":"https:\/\/www.24baires.com\/index.php?rest_route=\/wp\/v2\/users\/4"}],"replies":[{"embeddable":true,"href":"https:\/\/www.24baires.com\/index.php?rest_route=%2Fwp%2Fv2%2Fcomments&post=9611"}],"version-history":[{"count":4,"href":"https:\/\/www.24baires.com\/index.php?rest_route=\/wp\/v2\/posts\/9611\/revisions"}],"predecessor-version":[{"id":9616,"href":"https:\/\/www.24baires.com\/index.php?rest_route=\/wp\/v2\/posts\/9611\/revisions\/9616"}],"wp:attachment":[{"href":"https:\/\/www.24baires.com\/index.php?rest_route=%2Fwp%2Fv2%2Fmedia&parent=9611"}],"wp:term":[{"taxonomy":"category","embeddable":true,"href":"https:\/\/www.24baires.com\/index.php?rest_route=%2Fwp%2Fv2%2Fcategories&post=9611"},{"taxonomy":"post_tag","embeddable":true,"href":"https:\/\/www.24baires.com\/index.php?rest_route=%2Fwp%2Fv2%2Ftags&post=9611"}],"curies":[{"name":"wp","href":"https:\/\/api.w.org\/{rel}","templated":true}]}}