{"id":96102,"date":"2017-07-23T13:18:39","date_gmt":"2017-07-23T16:18:39","guid":{"rendered":"http:\/\/www.24baires.com\/?p=96102"},"modified":"2017-07-23T13:18:39","modified_gmt":"2017-07-23T16:18:39","slug":"es-la-patente-de-un-funcionario-de-grindetti-la-que-aparece-en-el-video-del-polaquito","status":"publish","type":"post","link":"https:\/\/www.24baires.com\/?p=96102","title":{"rendered":"Es la patente de un funcionario de Grindetti la que aparece en el video del &#8216;Polaquito&#8217;"},"content":{"rendered":"<p><img data-recalc-dims=\"1\" loading=\"lazy\" decoding=\"async\" class=\"aligncenter\" src=\"https:\/\/i0.wp.com\/images.pagina12.com.ar\/styles\/width470\/public\/2017-07\/na03fo01_21.jpg?resize=557%2C313&#038;ssl=1\" width=\"557\" height=\"313\" \/>Tal como sostuvo la organizaci\u00f3n que denunci\u00f3 al programa que realiz\u00f3 la entrevista con el ni\u00f1o, ahora se descubri\u00f3 que la patente que aparece en el video del informe pertenece al sub secretario de seguridad del Intendente N\u00e9stor Grindetti de\u00a0<strong>Lan\u00fas<\/strong>, vinculado al narcotr\u00e1fico por la propia Elisa Carri\u00f3. Creen que el chico fue amenazado previamente para prestarse a la entrevista.<br \/>\n<!--more--><\/p>\n<p>Posterior a que el dirigente de la Central de Trabajadores de la Econom\u00eda Popular (CTEP), Juan Grabois, exponga a Jorge Lanata y su producci\u00f3n de haber violado los derechos de los ni\u00f1os durante el informe que canal 13 difundi\u00f3 a partir de la entrevista con el \u201cPolaquito\u201d, nuevas pruebas revelan que la patente de la camioneta que aparec\u00eda en el video se trata de un ex polic\u00eda bonaerense ligado al narcotr\u00e1fico y la trata de personas.<\/p>\n<p>La denuncia que present\u00f3 la organizaci\u00f3n social a la productora de \u201cPeriodismo Para Todos\u201d, afirmaba que el ni\u00f1o hab\u00eda sido amenazado previamente para que se prestara a la entrevista, desmitificando que no se trataba de un hecho \u201cespontaneo\u201d como afirmaron desde el canal ligado al grupo Clar\u00edn.<\/p>\n<p>Ahora, una nueva prueba comienza a darles la raz\u00f3n: la patente de la camioneta que se ve en el video pertenece a Daniel Alberto Villoldo, ex comisario inspector y actual sub secretario de seguridad en Lan\u00fas, debajo del pol\u00e9mico secretario Diego Kravetz. <em><strong>Villoldo fue denunciado hace poco por la propia Diputada Elisa Carri\u00f3, al se\u00f1alarlo como un \u201cactor central\u201d de una red de delitos que integraba sectores policiales, judiciales y pol\u00edticos ligados al narcotr\u00e1fico en Lomas de Zamora y Lan\u00fas.<\/strong><\/em><\/p>\n<p>Si bien esto no prueba completamente la posible amenaza que el ni\u00f1o habr\u00eda sufrido un d\u00eda previo a la entrevista, no deja de ser un dato que expone a\u00fan m\u00e1s a los realizadores del informe, quienes fueron denunciados judicialmente por la organizaci\u00f3n MTE por \u201cinfringir alevosamente las leyes 26.522, 26.061 y Pactos Internacionales sobre Protecci\u00f3n Integral de los Derechos de las Ni\u00f1as, Ni\u00f1os y Adolescentes\u201d.<\/p>\n<p>\u201cTenemos elementos suficientes para sostener que existi\u00f3 participaci\u00f3n en los hechos parte de un grupo parapolicial que opera en Lan\u00fas bajo cierta fachada institucional. Este grupo est\u00e1 liderado por el oficial de la bonaerense exonerado Daniel Alberto Villoldo, a quien esta organizaci\u00f3n denunci\u00f3 en 2010 por comandar una red de trata y que tiene un largo prontuario en casos de corrupci\u00f3n y delincuencia organizada\u201d, destac\u00f3 el comunicado.<\/p>\n<p>A partir de una colaboraci\u00f3n que realizaron estudiantes de periodismo, la organizaci\u00f3n pudo vincular la imagen de la patenta de la camioneta que se observa en el video, con su propietario.<\/p>\n<p>\u201cLa presencia de una camioneta VW Amarok JQW 419 en el escenario del interrogatorio, propiedad de Villoldo, es claramente visible durante la nota. Sobre ella se apoya el interrogador durante la filmaci\u00f3n. Villoldo es un personaje oscuro que quiere \u201crecolonizar el territorio\u201d con sus negocios ilegales. Este siniestro personaje fue tambi\u00e9n denunciado el 17 de mayo por la Diputada Nacional Elisa Carri\u00f3, por su participaci\u00f3n en el entramado de corrupci\u00f3n de La Salada y su implicaci\u00f3n en el narcotr\u00e1fico, el proxenetismo y la pirater\u00eda del asfalto\u201d, exponen desde la organizaci\u00f3n.<\/p>\n<p>&nbsp;<\/p>\n<p>&nbsp;<\/p>\n<p>&nbsp;<\/p>\n","protected":false},"excerpt":{"rendered":"<p>Tal como sostuvo la organizaci\u00f3n que denunci\u00f3 al programa que realiz\u00f3 la entrevista con el ni\u00f1o, ahora se descubri\u00f3 que la patente que aparece en el video del informe pertenece al sub secretario de seguridad del Intendente N\u00e9stor Grindetti de\u00a0Lan\u00fas, vinculado al narcotr\u00e1fico por la propia Elisa Carri\u00f3. Creen que el chico fue amenazado previamente para prestarse a la entrevista.<\/p>\n","protected":false},"author":11,"featured_media":0,"comment_status":"open","ping_status":"open","sticky":false,"template":"","format":"standard","meta":{"_jetpack_newsletter_access":"","_jetpack_dont_email_post_to_subs":false,"_jetpack_newsletter_tier_id":0,"_jetpack_memberships_contains_paywalled_content":false,"_jetpack_memberships_contains_paid_content":false,"footnotes":""},"categories":[54],"tags":[],"class_list":["post-96102","post","type-post","status-publish","format-standard","hentry","category-medios"],"jetpack_featured_media_url":"","jetpack_shortlink":"https:\/\/wp.me\/p2JWE0-p02","jetpack-related-posts":[{"id":96197,"url":"https:\/\/www.24baires.com\/?p=96197","url_meta":{"origin":96102,"position":0},"title":"Piden la destituci\u00f3n de Kravetz por la entrevista a \u00abEl Polaquito\u00bb","author":"AF","date":"26\/07\/2017","format":false,"excerpt":"La Comisi\u00f3n Provincial por la Memoria (CPM) solicit\u00f3 al intendente de Lan\u00fas, N\u00e9stor Grindetti, que aparte del cargo a su secretario de Seguridad, Diego Kravetz, por su responsabilidad como funcionario p\u00fablico en las acciones que permitieron a la producci\u00f3n del programa televisivo Periodismo para Todos realizar una entrevista a un\u2026","rel":"","context":"En \u00abSociedad\u00bb","block_context":{"text":"Sociedad","link":"https:\/\/www.24baires.com\/?cat=1"},"img":{"alt_text":"","src":"https:\/\/i0.wp.com\/www.24baires.com\/wp-content\/uploads\/2017\/07\/polaquito.jpg?resize=350%2C200","width":350,"height":200,"srcset":"https:\/\/i0.wp.com\/www.24baires.com\/wp-content\/uploads\/2017\/07\/polaquito.jpg?resize=350%2C200 1x, https:\/\/i0.wp.com\/www.24baires.com\/wp-content\/uploads\/2017\/07\/polaquito.jpg?resize=525%2C300 1.5x"},"classes":[]},{"id":81859,"url":"https:\/\/www.24baires.com\/?p=81859","url_meta":{"origin":96102,"position":1},"title":"Aseguran que ya se levant\u00f3 la orden de captura de Interpol contra Grindetti","author":"AF","date":"25\/04\/2016","format":false,"excerpt":"Tras el esc\u00e1ndalo de Panam\u00e1 Papers, se conoci\u00f3 ahora que el intendente de Lan\u00fas por el Pro, N\u00e9stor Grindetti, aparece en la lista de personas buscadas en Interpol, aunque desde su entorno aclararon que un juez argentina ya pidi\u00f3 que se levantara ese pedido del organismo. En la circular emitida\u2026","rel":"","context":"En \u00abPol\u00edtica\u00bb","block_context":{"text":"Pol\u00edtica","link":"https:\/\/www.24baires.com\/?cat=51"},"img":{"alt_text":"grindetti","src":"https:\/\/i0.wp.com\/www.24baires.com\/wp-content\/uploads\/2016\/04\/grindetti.jpg?resize=350%2C200","width":350,"height":200,"srcset":"https:\/\/i0.wp.com\/www.24baires.com\/wp-content\/uploads\/2016\/04\/grindetti.jpg?resize=350%2C200 1x, https:\/\/i0.wp.com\/www.24baires.com\/wp-content\/uploads\/2016\/04\/grindetti.jpg?resize=525%2C300 1.5x"},"classes":[]},{"id":86633,"url":"https:\/\/www.24baires.com\/?p=86633","url_meta":{"origin":96102,"position":2},"title":"Lan\u00fas: denuncian que Grindetti cerr\u00f3 dos programas sociales","author":"GB","date":"23\/08\/2016","format":false,"excerpt":"Trabajadores del Municipio de Lan\u00fas denunciaron hoy las rescisiones de sus contratos a fin de mes. Con ello, se cerrar\u00edan dos programas dependientes de la Secretar\u00eda de Ni\u00f1ez local a la que asisten unos 105 j\u00f3venes de distintos barrios. Desde el Ejecutivo desmintieron esta realidad y dijeron que los proyectos\u2026","rel":"","context":"En \u00abLocales\u00bb","block_context":{"text":"Locales","link":"https:\/\/www.24baires.com\/?cat=38"},"img":{"alt_text":"social","src":"https:\/\/i0.wp.com\/www.24baires.com\/wp-content\/uploads\/2016\/08\/social.jpg?resize=350%2C200","width":350,"height":200,"srcset":"https:\/\/i0.wp.com\/www.24baires.com\/wp-content\/uploads\/2016\/08\/social.jpg?resize=350%2C200 1x, https:\/\/i0.wp.com\/www.24baires.com\/wp-content\/uploads\/2016\/08\/social.jpg?resize=525%2C300 1.5x"},"classes":[]},{"id":96638,"url":"https:\/\/www.24baires.com\/?p=96638","url_meta":{"origin":96102,"position":3},"title":"Ferraresi denunci\u00f3 sobreprecios en la obra p\u00fablica de Vidal y Grindetti","author":"GB","date":"11\/08\/2017","format":false,"excerpt":"El intendente de Avellaneda asegur\u00f3 que la gobernadora bonaerense gasta m\u00e1s dinero que su distrito para pavimentar las calles y que el jefe comunal PRO de Lan\u00fas paga casi el doble que el municipio encabezado por el dirigente kirchnerista en alumbrado p\u00fablico. A poco de las PASO en que se\u2026","rel":"","context":"En \u00abSociedad\u00bb","block_context":{"text":"Sociedad","link":"https:\/\/www.24baires.com\/?cat=1"},"img":{"alt_text":"","src":"https:\/\/i0.wp.com\/www.24baires.com\/wp-content\/uploads\/2017\/08\/ferraresi.jpg?resize=350%2C200","width":350,"height":200,"srcset":"https:\/\/i0.wp.com\/www.24baires.com\/wp-content\/uploads\/2017\/08\/ferraresi.jpg?resize=350%2C200 1x, https:\/\/i0.wp.com\/www.24baires.com\/wp-content\/uploads\/2017\/08\/ferraresi.jpg?resize=525%2C300 1.5x"},"classes":[]},{"id":87410,"url":"https:\/\/www.24baires.com\/?p=87410","url_meta":{"origin":96102,"position":4},"title":"Mar del Plata: \u201cEs un golpe muy fuerte al bolsillo del narcotr\u00e1fico\u201d","author":"GB","date":"09\/09\/2016","format":false,"excerpt":"Ese fue el resultado del megaoperativo que implic\u00f3 unos 40 allanamientos. La ministra de Seguridad, Patricia Bullrich, vino a la ciudad para dar detalles del procedimiento y destac\u00f3 los avances en la lucha contra el narcotr\u00e1fico. Tras el desarrollo de unos 40 allanamientos, y en el marco de una serie\u2026","rel":"","context":"En \u00abPoliciales\u00bb","block_context":{"text":"Policiales","link":"https:\/\/www.24baires.com\/?cat=49"},"img":{"alt_text":"operativo-lavado-total","src":"https:\/\/i0.wp.com\/www.24baires.com\/wp-content\/uploads\/2016\/09\/operativo-lavado-total.jpg?resize=350%2C200","width":350,"height":200,"srcset":"https:\/\/i0.wp.com\/www.24baires.com\/wp-content\/uploads\/2016\/09\/operativo-lavado-total.jpg?resize=350%2C200 1x, https:\/\/i0.wp.com\/www.24baires.com\/wp-content\/uploads\/2016\/09\/operativo-lavado-total.jpg?resize=525%2C300 1.5x"},"classes":[]},{"id":84488,"url":"https:\/\/www.24baires.com\/?p=84488","url_meta":{"origin":96102,"position":5},"title":"Lan\u00fas: renunci\u00f3 funcionario de Grindetti acusado de proteger a redes de trata","author":"GB","date":"01\/07\/2016","format":false,"excerpt":"El intendente de Lan\u00fas, envuelto en el esc\u00e1ndalo por los Panam\u00e1 Papers, hab\u00eda desatado la pol\u00e9mica apenas asumi\u00f3 al nombrar a Rub\u00e9n Baca a cargo de la formaci\u00f3n de la polic\u00eda local. Ante la presi\u00f3n popular el cuestionado funcionario debi\u00f3 dar un paso al costado. El juez en lo correccional\u2026","rel":"","context":"En \u00abLocales\u00bb","block_context":{"text":"Locales","link":"https:\/\/www.24baires.com\/?cat=38"},"img":{"alt_text":"","src":"","width":0,"height":0},"classes":[]}],"jetpack_sharing_enabled":true,"jetpack_likes_enabled":true,"_links":{"self":[{"href":"https:\/\/www.24baires.com\/index.php?rest_route=\/wp\/v2\/posts\/96102","targetHints":{"allow":["GET"]}}],"collection":[{"href":"https:\/\/www.24baires.com\/index.php?rest_route=\/wp\/v2\/posts"}],"about":[{"href":"https:\/\/www.24baires.com\/index.php?rest_route=\/wp\/v2\/types\/post"}],"author":[{"embeddable":true,"href":"https:\/\/www.24baires.com\/index.php?rest_route=\/wp\/v2\/users\/11"}],"replies":[{"embeddable":true,"href":"https:\/\/www.24baires.com\/index.php?rest_route=%2Fwp%2Fv2%2Fcomments&post=96102"}],"version-history":[{"count":2,"href":"https:\/\/www.24baires.com\/index.php?rest_route=\/wp\/v2\/posts\/96102\/revisions"}],"predecessor-version":[{"id":96104,"href":"https:\/\/www.24baires.com\/index.php?rest_route=\/wp\/v2\/posts\/96102\/revisions\/96104"}],"wp:attachment":[{"href":"https:\/\/www.24baires.com\/index.php?rest_route=%2Fwp%2Fv2%2Fmedia&parent=96102"}],"wp:term":[{"taxonomy":"category","embeddable":true,"href":"https:\/\/www.24baires.com\/index.php?rest_route=%2Fwp%2Fv2%2Fcategories&post=96102"},{"taxonomy":"post_tag","embeddable":true,"href":"https:\/\/www.24baires.com\/index.php?rest_route=%2Fwp%2Fv2%2Ftags&post=96102"}],"curies":[{"name":"wp","href":"https:\/\/api.w.org\/{rel}","templated":true}]}}