{"id":9605,"date":"2012-12-18T13:02:57","date_gmt":"2012-12-18T16:02:57","guid":{"rendered":"http:\/\/www.24baires.com\/?p=9605"},"modified":"2012-12-19T12:51:24","modified_gmt":"2012-12-19T15:51:24","slug":"imputan-a-jueces-y-consejeros-por-delitos-durante-la-designacion-de-jueces-subrogantes","status":"publish","type":"post","link":"https:\/\/www.24baires.com\/?p=9605","title":{"rendered":"Imputan a jueces y consejeros por delitos durante la designaci\u00f3n de jueces subrogantes"},"content":{"rendered":"<p>La decisi\u00f3n fue tomada por el fiscal Gerardo Di Masi, en el marco de una denuncia formulada por el gobierno por presuntos delitos durante el proceso de designaci\u00f3n de jueces subrogantes y por bloquear un concurso para designar nuevos titulares en los juzgados vacantes.<!--more--><\/p>\n<p>El fiscal Gerardo Di Masi imput\u00f3 hoy a los jueces de la C\u00e1mara en lo Civil y Comercial e integrantes del Consejo de la Magistratura que hab\u00edan sido denunciados penalmente por el gobierno por abuso de autoridad e incumplimiento de los deberes de funcionario p\u00fablico.<\/p>\n<p>La denuncia contra los consejeros -firmada por el jefe de Gabinete, Juan Manuel Abal Medina, y la procuradora del Tesoro, Angelina Abbona y presentada por la Procuraci\u00f3n General de la Naci\u00f3n, a cargo de Alejandra Gils Carb\u00f3, ante los tribunales federales de Comodoro Py- fue porque se negaron a aprobar el concurso para cubrir los juzgados vacantes en el fuero y a los camaristas por las irregularidades en la designaci\u00f3n de jueces subrogantes.<\/p>\n<p>La acusaci\u00f3n, seg\u00fan informa Infonews, alcanza a los cinco consejeros opositores los radicales Oscar Aguad y Mario Cimadevilla, los abogados Alejandro Fargosi y Daniel Ostropolsky y el juez Ricardo Recondo. Y tambi\u00e9n a los camaristas que eligieron el sistema de elecci\u00f3n del juez subrogante que tendr\u00eda a cargo evaluar la constitucionalidad del art\u00edculo 161 de la Ley de Medios, por considerar que el m\u00e9todo permiti\u00f3 digitar el proceso (en lugar de utilizar el software para evitar manipulaciones, optaron por el sistema manual).<\/p>\n<p>Todos fueron imputados por Di Masi, que requiri\u00f3 abrir la investigaci\u00f3n. El juez Luis Rodr\u00edguez ya cumpli\u00f3 las primeras medidas de prueba: tiene informes que le pidi\u00f3 al Consejo de la Magistratura y la C\u00e1mara sobre los antecedentes del caso. Adem\u00e1s, la Corte le envi\u00f3 el r\u00e9gimen de subrogancias.<\/p>\n<p>&nbsp;<\/p>\n<p>&nbsp;<\/p>\n<p>&nbsp;<\/p>\n<p>&nbsp;<\/p>\n<p>&nbsp;<\/p>\n<p>&nbsp;<\/p>\n<p>&nbsp;<\/p>\n<p>&nbsp;<\/p>\n<p>&nbsp;<\/p>\n<p>&nbsp;<\/p>\n<p>&nbsp;<\/p>\n<p>&nbsp;<\/p>\n<p>&nbsp;<\/p>\n<p>&nbsp;<\/p>\n<p>&nbsp;<\/p>\n<p>&nbsp;<\/p>\n<p>&nbsp;<\/p>\n","protected":false},"excerpt":{"rendered":"<p>La decisi\u00f3n fue tomada por el fiscal Gerardo Di Masi, en el marco de una denuncia formulada por el gobierno por presuntos delitos durante el proceso de designaci\u00f3n de jueces subrogantes y por bloquear un concurso para designar nuevos titulares en los juzgados vacantes.<\/p>\n","protected":false},"author":4,"featured_media":0,"comment_status":"open","ping_status":"open","sticky":false,"template":"","format":"standard","meta":{"_jetpack_newsletter_access":"","_jetpack_dont_email_post_to_subs":false,"_jetpack_newsletter_tier_id":0,"_jetpack_memberships_contains_paywalled_content":false,"_jetpack_memberships_contains_paid_content":false,"footnotes":""},"categories":[54],"tags":[],"class_list":["post-9605","post","type-post","status-publish","format-standard","hentry","category-medios"],"jetpack_featured_media_url":"","jetpack_shortlink":"https:\/\/wp.me\/p2JWE0-2uV","jetpack-related-posts":[{"id":2364,"url":"https:\/\/www.24baires.com\/?p=2364","url_meta":{"origin":9605,"position":0},"title":"Denunciaron penalmente a consejeros opositores y camaristas del Consejo de la Magistratura","author":"Grupo Sierra","date":"16\/10\/2012","format":false,"excerpt":"Cinco integrantes opositores del Consejo y dos de la C\u00e1mara Civil y Comercial porte\u00f1a fueron denunciados por la maniobra para impugnar el concurso del juez que debe fallar sobre la Ley de Medios.\u00a0Tanto los consejeros como los camaristas fueron tambi\u00e9n denunciados por designar jueces subrogantes. La denuncia fue hecha por\u2026","rel":"","context":"En \u00abPol\u00edtica\u00bb","block_context":{"text":"Pol\u00edtica","link":"https:\/\/www.24baires.com\/?cat=51"},"img":{"alt_text":"","src":"","width":0,"height":0},"classes":[]},{"id":67756,"url":"https:\/\/www.24baires.com\/?p=67756","url_meta":{"origin":9605,"position":1},"title":"Piden rechazar la designaci\u00f3n de dos jueces de Bah\u00eda Blanca","author":"AF","date":"18\/06\/2015","format":false,"excerpt":"Organizaciones de derechos humanos se movilizar\u00e1n a la sesi\u00f3n del Consejo de la Magistratura que tratar\u00e1 la subrogancia del Juzgado Federal, a cargo las causas por delitos de lesa humanidad. Pedir\u00e1n que los jueces Santiago Ulpiano Mart\u00ednez y Claudio Pontet sean rechazados por \u201cmaniobras de obstaculizaci\u00f3n y par\u00e1lisis\u201d en causas\u2026","rel":"","context":"En \u00abJUDICIALES\u00bb","block_context":{"text":"JUDICIALES","link":"https:\/\/www.24baires.com\/?cat=68"},"img":{"alt_text":"","src":"","width":0,"height":0},"classes":[]},{"id":1102,"url":"https:\/\/www.24baires.com\/?p=1102","url_meta":{"origin":9605,"position":2},"title":"Alak denunci\u00f3 maniobras \u00abfuncionales al Grupo Clar\u00edn\u00bb contra la vigencia plena de la Ley de Medios","author":"Grupo Sierra","date":"05\/10\/2012","format":false,"excerpt":"El ministro de Justicia se\u00a0refiri\u00f3\u00a0a la decisi\u00f3n de cinco integrantes de la Magistratura de bloquear la designaci\u00f3n del juez titular que deber\u00e1 fallar sobre la cl\u00e1usula que obliga al grupo Clar\u00edn a desinvertir. Alak advirti\u00f3 sobre una \"maniobra que apunta a tener en suspenso el art\u00edculo 161 de la ley\u2026","rel":"","context":"En \u00abMedios\u00bb","block_context":{"text":"Medios","link":"https:\/\/www.24baires.com\/?cat=54"},"img":{"alt_text":"","src":"","width":0,"height":0},"classes":[]},{"id":1757,"url":"https:\/\/www.24baires.com\/?p=1757","url_meta":{"origin":9605,"position":3},"title":"Alak pide \u00abjueces naturales\u00bb y cuestion\u00f3 a los miembros de la oposici\u00f3n en la Magistratura","author":"Grupo Sierra","date":"12\/10\/2012","format":false,"excerpt":"El ministro de Justicia, Julio Alak, cuestion\u00f3 a los miembros de la oposici\u00f3n en el Consejo de la Magistratura y los acus\u00f3 de \"privar a los argentinos de tener un juez natural\". Los cuestionamientos fueron dirigidos a los miembros de la oposici\u00f3n en el Consejo de la Magistratura que ayer\u2026","rel":"","context":"En \u00abMedios\u00bb","block_context":{"text":"Medios","link":"https:\/\/www.24baires.com\/?cat=54"},"img":{"alt_text":"","src":"https:\/\/i0.wp.com\/www.24baires.com\/wp-content\/uploads\/2012\/10\/alak.jpg?resize=350%2C200","width":350,"height":200,"srcset":"https:\/\/i0.wp.com\/www.24baires.com\/wp-content\/uploads\/2012\/10\/alak.jpg?resize=350%2C200 1x, https:\/\/i0.wp.com\/www.24baires.com\/wp-content\/uploads\/2012\/10\/alak.jpg?resize=525%2C300 1.5x"},"classes":[]},{"id":62646,"url":"https:\/\/www.24baires.com\/?p=62646","url_meta":{"origin":9605,"position":4},"title":"Rafecas concedi\u00f3 a Pollicita la apelaci\u00f3n","author":"Grupo Sierra","date":"04\/03\/2015","format":false,"excerpt":"El juez federal le confirm\u00f3 que le dio el visto bueno a la presentaci\u00f3n del fiscal para que la C\u00e1mara federal analice el fallo que desestim\u00f3 la denuncia contra la presidenta Cristina Fern\u00e1ndez. Ahora ser\u00e1 la C\u00e1mara Nacional de Apelaciones en lo Criminal y Correccional Federal la que analice el\u2026","rel":"","context":"En \u00abJUDICIALES\u00bb","block_context":{"text":"JUDICIALES","link":"https:\/\/www.24baires.com\/?cat=68"},"img":{"alt_text":"rafecas","src":"https:\/\/i0.wp.com\/www.24baires.com\/wp-content\/uploads\/2015\/02\/rafecas.png?resize=350%2C200","width":350,"height":200,"srcset":"https:\/\/i0.wp.com\/www.24baires.com\/wp-content\/uploads\/2015\/02\/rafecas.png?resize=350%2C200 1x, https:\/\/i0.wp.com\/www.24baires.com\/wp-content\/uploads\/2015\/02\/rafecas.png?resize=525%2C300 1.5x"},"classes":[]},{"id":44706,"url":"https:\/\/www.24baires.com\/?p=44706","url_meta":{"origin":9605,"position":5},"title":"Comenzaron las ternas para designar cargos en el Consejo de la Magistratura","author":"Grupo Sierra","date":"25\/04\/2014","format":false,"excerpt":"Durante la reuni\u00f3n plenaria del organismo se trataron 14 puntos. Se debatieron y aprobaron concursos que impulsan la creaci\u00f3n de ternas para seleccionar y designar cargos. Dos ternas ya se enviaron al Ejecutivo: son para cubrir puestos en General Roca y Goya. Y se designaron jueces subrogantes en Casaci\u00f3n y\u2026","rel":"","context":"En \u00abGeneral\u00bb","block_context":{"text":"General","link":"https:\/\/www.24baires.com\/?cat=67"},"img":{"alt_text":"consejo magistratura","src":"https:\/\/i0.wp.com\/www.24baires.com\/wp-content\/uploads\/2012\/10\/consejo-magistratura.jpg?resize=350%2C200","width":350,"height":200,"srcset":"https:\/\/i0.wp.com\/www.24baires.com\/wp-content\/uploads\/2012\/10\/consejo-magistratura.jpg?resize=350%2C200 1x, https:\/\/i0.wp.com\/www.24baires.com\/wp-content\/uploads\/2012\/10\/consejo-magistratura.jpg?resize=525%2C300 1.5x"},"classes":[]}],"jetpack_sharing_enabled":true,"jetpack_likes_enabled":true,"_links":{"self":[{"href":"https:\/\/www.24baires.com\/index.php?rest_route=\/wp\/v2\/posts\/9605","targetHints":{"allow":["GET"]}}],"collection":[{"href":"https:\/\/www.24baires.com\/index.php?rest_route=\/wp\/v2\/posts"}],"about":[{"href":"https:\/\/www.24baires.com\/index.php?rest_route=\/wp\/v2\/types\/post"}],"author":[{"embeddable":true,"href":"https:\/\/www.24baires.com\/index.php?rest_route=\/wp\/v2\/users\/4"}],"replies":[{"embeddable":true,"href":"https:\/\/www.24baires.com\/index.php?rest_route=%2Fwp%2Fv2%2Fcomments&post=9605"}],"version-history":[{"count":3,"href":"https:\/\/www.24baires.com\/index.php?rest_route=\/wp\/v2\/posts\/9605\/revisions"}],"predecessor-version":[{"id":9709,"href":"https:\/\/www.24baires.com\/index.php?rest_route=\/wp\/v2\/posts\/9605\/revisions\/9709"}],"wp:attachment":[{"href":"https:\/\/www.24baires.com\/index.php?rest_route=%2Fwp%2Fv2%2Fmedia&parent=9605"}],"wp:term":[{"taxonomy":"category","embeddable":true,"href":"https:\/\/www.24baires.com\/index.php?rest_route=%2Fwp%2Fv2%2Fcategories&post=9605"},{"taxonomy":"post_tag","embeddable":true,"href":"https:\/\/www.24baires.com\/index.php?rest_route=%2Fwp%2Fv2%2Ftags&post=9605"}],"curies":[{"name":"wp","href":"https:\/\/api.w.org\/{rel}","templated":true}]}}