{"id":9599,"date":"2012-12-18T11:02:03","date_gmt":"2012-12-18T14:02:03","guid":{"rendered":"http:\/\/www.24baires.com\/?p=9599"},"modified":"2012-12-18T12:53:25","modified_gmt":"2012-12-18T15:53:25","slug":"barreda-dejara-de-recibir-asistencia-psicologica","status":"publish","type":"post","link":"https:\/\/www.24baires.com\/?p=9599","title":{"rendered":"Barreda dejar\u00e1 de recibir asistencia psicol\u00f3gica"},"content":{"rendered":"<p><a href=\"http:\/\/www.24baires.com\/sociedad\/9599-barreda-dejara-de-recibir-asistencia-psicologica\/attachment\/barreda\/\" rel=\"attachment wp-att-9601\"><img data-recalc-dims=\"1\" loading=\"lazy\" decoding=\"async\" class=\"alignleft size-full wp-image-9601\" alt=\"barreda\" src=\"https:\/\/i0.wp.com\/www.24baires.com\/wp-content\/uploads\/2012\/12\/barreda.jpg?resize=259%2C194\" width=\"259\" height=\"194\" \/><\/a>El odont\u00f3logo platense Ricardo Barreda, quien hace 20 a\u00f1os mat\u00f3 a su esposa, su suegra y sus dos hijas, dejar\u00e1 de recibir asistencia psicol\u00f3gica por decisi\u00f3n de la Justicia, a pesar de que era uno de los requisitos impuestos para concederle la libertad condicional.<!--more--><\/p>\n<p>Fuentes judiciales aseguraron que la semana pasada, Barreda hab\u00eda solicitado ser eximido de seguir con asistencia psicol\u00f3gica, argumentando que ya no la necesitaba y que los propios psic\u00f3logos que lo trataban en Capital Federal, donde reside, coincid\u00edan en que no es necesario que siguiera recibiendo esa asistencia.<\/p>\n<p>Finalmente, el camarista de la sala I de la C\u00e1mara Penal platense, Ra\u00fal Dalto, que oficia de juez de Ejecuci\u00f3n, resolvi\u00f3 ayer hacer lugar al pedido, en base a los informes m\u00e9dicos, y hacer cesar esa obligatoriedad.<\/p>\n<p>\u00abLa situaci\u00f3n de pareja de Barreda y la se\u00f1ora Berta Andr\u00e9 ha mejorado ostensiblemente, no presentando situaciones conflictivas que hicieran temer por manifestaciones de violencia entre ambos, tal como suced\u00eda cuando ese Tribunal estableci\u00f3, preventivamente en abril de 2009 (la obligatoriedad del tratamiento psicol\u00f3gico)\u201d, detalla el informe de los psic\u00f3logos.<\/p>\n<p>En su informe, los psic\u00f3logos precisan que durante la terapia recibida por Barreda \u00abse ha podido ir trabajando dificultosamente con recuerdos que le resultan dolorosos y que est\u00e1n referidos al hecho traum\u00e1tico que pas\u00f3 en el momento de ejecutar el acto del homicidio de su esposa, sus dos hijas y su suegra\u201d.<\/p>\n<p>\u201cPero as\u00ed acuden tambi\u00e9n a su memoria momentos gratificantes que tuvo en relaci\u00f3n a sus dos hijas y su mujer\u201d, sostiene el informe.<\/p>\n<p>Para los profesionales, \u00abBarreda ha tomado conciencia de la gravedad de su conducta, que se muestra a trav\u00e9s de distintas expresiones del mismo en sus sesiones terap\u00e9uticas. Esto le provoca sentimientos depresivos que han venido siendo trabajados en su tratamiento, sobre todo la conciencia de que estos sentimientos lo acompa\u00f1ar\u00e1n de por vida\u201d.<\/p>\n<p>Remarcan que el odont\u00f3logo \u00abse ha mantenido psiqui\u00e1trica y psicol\u00f3gicamente compensado, no requiriendo la utilizaci\u00f3n de tratamiento psicofarmacol\u00f3gico\u201d.<\/p>\n<p>Dalto, en base a estos informes, resolvi\u00f3 hacer lugar al pedido de Barreda y eximirlo de la obligatoriedad de asistencia psicol\u00f3gica, aunque sigue la obligatoriedad de presentarse peri\u00f3dicamente al Patronato, fijar domicilio y abstenerse de consumir bebidas alcoh\u00f3licas o drogas.<\/p>\n<p>En noviembre de 1992, Ricardo Barreda mat\u00f3 a escopetazos a su esposa, su suegra y sus dos hijas, hecho por el que fue condenado en 1995 a reclusi\u00f3n perpetua, pero a fines de marzo del a\u00f1o pasado obtuvo la libertad condicional.<\/p>\n<p>A fines de mayo \u00faltimo, agrupaciones feministas pintaron la casa de Barreda de violeta, el color que identifica al feminismo.<\/p>\n<p>Tras pintar el frente, las feministas escribieron con pintura amarilla la leyenda \u00abBarreda asesino de mujeres. La sociedad te condena\u00bb.<\/p>\n<p>&nbsp;<\/p>\n<p>&nbsp;<\/p>\n<p>&nbsp;<\/p>\n<p>&nbsp;<\/p>\n<p>&nbsp;<\/p>\n<p>&nbsp;<\/p>\n<p>&nbsp;<\/p>\n<p>&nbsp;<\/p>\n<p>&nbsp;<\/p>\n<p>&nbsp;<\/p>\n<p>&nbsp;<\/p>\n<p>&nbsp;<\/p>\n<p>&nbsp;<\/p>\n<p>&nbsp;<\/p>\n<p>&nbsp;<\/p>\n<p>&nbsp;<\/p>\n<p>&nbsp;<\/p>\n<p>&nbsp;<\/p>\n<p>&nbsp;<\/p>\n<p>&nbsp;<\/p>\n<p>&nbsp;<\/p>\n<p>&nbsp;<\/p>\n","protected":false},"excerpt":{"rendered":"<p>El odont\u00f3logo platense Ricardo Barreda, quien hace 20 a\u00f1os mat\u00f3 a su esposa, su suegra y sus dos hijas, dejar\u00e1 de recibir asistencia psicol\u00f3gica por decisi\u00f3n de la Justicia, a pesar de que era uno de los requisitos impuestos para concederle la libertad condicional.<\/p>\n","protected":false},"author":4,"featured_media":0,"comment_status":"open","ping_status":"open","sticky":false,"template":"","format":"standard","meta":{"_jetpack_newsletter_access":"","_jetpack_dont_email_post_to_subs":false,"_jetpack_newsletter_tier_id":0,"_jetpack_memberships_contains_paywalled_content":false,"_jetpack_memberships_contains_paid_content":false,"footnotes":""},"categories":[1],"tags":[],"class_list":["post-9599","post","type-post","status-publish","format-standard","hentry","category-sociedad"],"jetpack_featured_media_url":"","jetpack_shortlink":"https:\/\/wp.me\/p2JWE0-2uP","jetpack-related-posts":[{"id":58500,"url":"https:\/\/www.24baires.com\/?p=58500","url_meta":{"origin":9599,"position":0},"title":"Barreda dice que no tiene problemas con su mujer","author":"Grupo Sierra","date":"11\/12\/2014","format":false,"excerpt":"El odont\u00f3logo platense y su actual pareja afirmaron querer seguir viviendo juntos en el departamento que comparten en Belgrano, despu\u00e9s de que lo citara la Justicia. Barreda, actualmente en libertad condicional tras haber matado en 1992 a toda su familia, y su actual pareja, Berta Andr\u00e9, afirmaron hoy que no\u2026","rel":"","context":"En \u00abJUDICIALES\u00bb","block_context":{"text":"JUDICIALES","link":"https:\/\/www.24baires.com\/?cat=68"},"img":{"alt_text":"barreda casa","src":"https:\/\/i0.wp.com\/www.24baires.com\/wp-content\/uploads\/2014\/11\/barreda-casa.jpg?resize=350%2C200","width":350,"height":200,"srcset":"https:\/\/i0.wp.com\/www.24baires.com\/wp-content\/uploads\/2014\/11\/barreda-casa.jpg?resize=350%2C200 1x, https:\/\/i0.wp.com\/www.24baires.com\/wp-content\/uploads\/2014\/11\/barreda-casa.jpg?resize=525%2C300 1.5x"},"classes":[]},{"id":59059,"url":"https:\/\/www.24baires.com\/?p=59059","url_meta":{"origin":9599,"position":1},"title":"Barreda, desde la c\u00e1rcel com\u00fan, dice estar \u00abpreocupado por Berta\u00bb, su novia","author":"AF","date":"23\/12\/2014","format":false,"excerpt":"Lo asegur\u00f3 el abogado del odont\u00f3logo condenado a prisi\u00f3n perpetua por haber asesinado a su esposa, su suegra y sus dos hijas, y quien ayer regres\u00f3 a prisi\u00f3n tras gozar de m\u00e1s de tres a\u00f1os y medio de libertad condicional. Tambi\u00e9n asegur\u00f3 hoy que su cliente est\u00e1 \"sorprendido\" por la\u2026","rel":"","context":"En \u00abSociedad\u00bb","block_context":{"text":"Sociedad","link":"https:\/\/www.24baires.com\/?cat=1"},"img":{"alt_text":"barreda casa","src":"https:\/\/i0.wp.com\/www.24baires.com\/wp-content\/uploads\/2014\/11\/barreda-casa.jpg?resize=350%2C200","width":350,"height":200,"srcset":"https:\/\/i0.wp.com\/www.24baires.com\/wp-content\/uploads\/2014\/11\/barreda-casa.jpg?resize=350%2C200 1x, https:\/\/i0.wp.com\/www.24baires.com\/wp-content\/uploads\/2014\/11\/barreda-casa.jpg?resize=525%2C300 1.5x"},"classes":[]},{"id":58609,"url":"https:\/\/www.24baires.com\/?p=58609","url_meta":{"origin":9599,"position":2},"title":"Berta Barreda: \u201c\u00c9l es muy gru\u00f1\u00f3n, vuela una mosca y se enoja\u201d","author":"AF","date":"14\/12\/2014","format":false,"excerpt":"\u201cNo pasan cosas graves entre nosotros, son s\u00f3lo peleas de convivencia\u201d, cont\u00f3 la mujer a ra\u00edz del informe que realiz\u00f3 un psic\u00f3logo en el que advert\u00eda sobre \u201cproblemas en el v\u00ednculo\u201d entre ellos. La mujer asegura que el odont\u00f3logo no la maltrata aunque est\u00e1 \u201cun poco desilusionada\u201d con la relaci\u00f3n.\u2026","rel":"","context":"En \u00abSociedad\u00bb","block_context":{"text":"Sociedad","link":"https:\/\/www.24baires.com\/?cat=1"},"img":{"alt_text":"berta y barreda","src":"https:\/\/i0.wp.com\/www.24baires.com\/wp-content\/uploads\/2014\/12\/berta-y-barreda.jpg?resize=350%2C200","width":350,"height":200,"srcset":"https:\/\/i0.wp.com\/www.24baires.com\/wp-content\/uploads\/2014\/12\/berta-y-barreda.jpg?resize=350%2C200 1x, https:\/\/i0.wp.com\/www.24baires.com\/wp-content\/uploads\/2014\/12\/berta-y-barreda.jpg?resize=525%2C300 1.5x"},"classes":[]},{"id":4657,"url":"https:\/\/www.24baires.com\/?p=4657","url_meta":{"origin":9599,"position":3},"title":"La casa de Barreda podr\u00eda convertirse en un centro de asistencia para v\u00edctimas de violencia de g\u00e9nero","author":"AF","date":"07\/11\/2012","format":false,"excerpt":"El Senado de la provincia de Buenos Aires podr\u00eda aprobar la semana que viene el proyecto de ley que establece la expropiaci\u00f3n de la casa de Ricardo Barreda, el odont\u00f3logo platense que asesin\u00f3 a sus dos hijas, a su esposa y a su suegra en noviembre de 1992, en su\u2026","rel":"","context":"En \u00abSociedad\u00bb","block_context":{"text":"Sociedad","link":"https:\/\/www.24baires.com\/?cat=1"},"img":{"alt_text":"","src":"https:\/\/i0.wp.com\/www.24baires.com\/wp-content\/uploads\/2012\/11\/casa-barreda.png?resize=350%2C200","width":350,"height":200},"classes":[]},{"id":62210,"url":"https:\/\/www.24baires.com\/?p=62210","url_meta":{"origin":9599,"position":4},"title":"La Justicia orden\u00f3 nuevas pericias a Barreda","author":"GB","date":"24\/02\/2015","format":false,"excerpt":"La medida la pidi\u00f3 el juez Ra\u00fal Dalto para determinar si le permite al dentista que mat\u00f3 a su mujer, su suegra y sus dos hijas en 1992 a salir de la carcel durante el d\u00eda. Fuentes judiciales confirmaron a la agencia T\u00e9lam que Barreda, quien permanece alojado en el\u2026","rel":"","context":"En \u00abJUDICIALES\u00bb","block_context":{"text":"JUDICIALES","link":"https:\/\/www.24baires.com\/?cat=68"},"img":{"alt_text":"Barreda","src":"https:\/\/i0.wp.com\/www.24baires.com\/wp-content\/uploads\/2014\/04\/Barreda.jpg?resize=350%2C200","width":350,"height":200},"classes":[]},{"id":59311,"url":"https:\/\/www.24baires.com\/?p=59311","url_meta":{"origin":9599,"position":5},"title":"Ricardo Barreda, elegido por un sitio como personaje destacado","author":"Grupo Sierra","date":"29\/12\/2014","format":false,"excerpt":"El sitio \"Museo de lo Cotidiano-La Plata\" despert\u00f3 una lluvia de cr\u00edticas por el perfil que hizo de su figura. Usuarios de Facebook repudiaron la publicaci\u00f3n en un sitio de esa red social dedicado a la difusi\u00f3n de fotos de lugares y referencias t\u00edpicas de la ciudad de La Plata,\u2026","rel":"","context":"En \u00abSociedad\u00bb","block_context":{"text":"Sociedad","link":"https:\/\/www.24baires.com\/?cat=1"},"img":{"alt_text":"barreda casa","src":"https:\/\/i0.wp.com\/www.24baires.com\/wp-content\/uploads\/2014\/11\/barreda-casa.jpg?resize=350%2C200","width":350,"height":200,"srcset":"https:\/\/i0.wp.com\/www.24baires.com\/wp-content\/uploads\/2014\/11\/barreda-casa.jpg?resize=350%2C200 1x, https:\/\/i0.wp.com\/www.24baires.com\/wp-content\/uploads\/2014\/11\/barreda-casa.jpg?resize=525%2C300 1.5x"},"classes":[]}],"jetpack_sharing_enabled":true,"jetpack_likes_enabled":true,"_links":{"self":[{"href":"https:\/\/www.24baires.com\/index.php?rest_route=\/wp\/v2\/posts\/9599","targetHints":{"allow":["GET"]}}],"collection":[{"href":"https:\/\/www.24baires.com\/index.php?rest_route=\/wp\/v2\/posts"}],"about":[{"href":"https:\/\/www.24baires.com\/index.php?rest_route=\/wp\/v2\/types\/post"}],"author":[{"embeddable":true,"href":"https:\/\/www.24baires.com\/index.php?rest_route=\/wp\/v2\/users\/4"}],"replies":[{"embeddable":true,"href":"https:\/\/www.24baires.com\/index.php?rest_route=%2Fwp%2Fv2%2Fcomments&post=9599"}],"version-history":[{"count":3,"href":"https:\/\/www.24baires.com\/index.php?rest_route=\/wp\/v2\/posts\/9599\/revisions"}],"predecessor-version":[{"id":9604,"href":"https:\/\/www.24baires.com\/index.php?rest_route=\/wp\/v2\/posts\/9599\/revisions\/9604"}],"wp:attachment":[{"href":"https:\/\/www.24baires.com\/index.php?rest_route=%2Fwp%2Fv2%2Fmedia&parent=9599"}],"wp:term":[{"taxonomy":"category","embeddable":true,"href":"https:\/\/www.24baires.com\/index.php?rest_route=%2Fwp%2Fv2%2Fcategories&post=9599"},{"taxonomy":"post_tag","embeddable":true,"href":"https:\/\/www.24baires.com\/index.php?rest_route=%2Fwp%2Fv2%2Ftags&post=9599"}],"curies":[{"name":"wp","href":"https:\/\/api.w.org\/{rel}","templated":true}]}}