{"id":9584,"date":"2012-12-18T11:47:39","date_gmt":"2012-12-18T14:47:39","guid":{"rendered":"http:\/\/www.24baires.com\/?p=9584"},"modified":"2012-12-19T12:51:35","modified_gmt":"2012-12-19T15:51:35","slug":"aceptaron-la-apelacion-de-clarin-y-seguira-vigente-la-medida-cautelar-que-impide-la-plena-aplicacion-de-la-ley-de-medios","status":"publish","type":"post","link":"https:\/\/www.24baires.com\/?p=9584","title":{"rendered":"Ley de Medios: el juez Alfonso acept\u00f3 la apelaci\u00f3n de Clar\u00edn"},"content":{"rendered":"<p><a href=\"http:\/\/www.24baires.com\/medios\/9584-aceptaron-la-apelacion-de-clarin-y-seguira-vigente-la-medida-cautelar-que-impide-la-plena-aplicacion-de-la-ley-de-medios\/attachment\/alfonso-juez\/\" rel=\"attachment wp-att-9585\"><img data-recalc-dims=\"1\" loading=\"lazy\" decoding=\"async\" class=\"alignleft size-medium wp-image-9585\" alt=\"alfonso juez\" src=\"https:\/\/i0.wp.com\/www.24baires.com\/wp-content\/uploads\/2012\/12\/alfonso-juez.jpg?resize=300%2C224\" width=\"300\" height=\"224\" srcset=\"https:\/\/i0.wp.com\/www.24baires.com\/wp-content\/uploads\/2012\/12\/alfonso-juez.jpg?resize=300%2C224&amp;ssl=1 300w, https:\/\/i0.wp.com\/www.24baires.com\/wp-content\/uploads\/2012\/12\/alfonso-juez.jpg?w=538&amp;ssl=1 538w\" sizes=\"auto, (max-width: 300px) 100vw, 300px\" \/><\/a>El juez subrogante de primera instancia en lo Civil y Comercial, <strong>Horacio Alfonso,<\/strong> acept\u00f3 este martes la apelaci\u00f3n del Grupo Clar\u00edn respecto del fallo que sosten\u00eda la constitucionalidad de los art\u00edculos 161 y 45 de la ley de Servicios de Comunicaci\u00f3n Audiovisual.<!--more--><\/p>\n<p>La C\u00e1mara Nacional de Apelaciones en lo Civil y Comercial Federal ser\u00e1 el tribunal encargado de resolver el planteo, con el antecedente de que ese \u00f3rgano fue el que hab\u00eda extendido la suspensi\u00f3n de la ley m\u00e1s all\u00e1 del pasado 7 de diciembre, a pesar de la recomendaci\u00f3n de la Corte Suprema de Justicia. Adem\u00e1s, muchos de sus miembros fueron recusados por el gobierno.<\/p>\n<p>&nbsp;<\/p>\n<p>&nbsp;<\/p>\n<p>&nbsp;<\/p>\n<p>&nbsp;<\/p>\n<p>&nbsp;<\/p>\n<p>&nbsp;<\/p>\n<p>&nbsp;<\/p>\n<p>&nbsp;<\/p>\n<p>&nbsp;<\/p>\n<p>&nbsp;<\/p>\n<p>&nbsp;<\/p>\n<p>&nbsp;<\/p>\n<p>&nbsp;<\/p>\n<p>&nbsp;<\/p>\n<p>&nbsp;<\/p>\n<p>&nbsp;<\/p>\n<p>&nbsp;<\/p>\n<p>&nbsp;<\/p>\n<p>&nbsp;<\/p>\n<p>&nbsp;<\/p>\n<p>&nbsp;<\/p>\n<p>&nbsp;<\/p>\n","protected":false},"excerpt":{"rendered":"<p>El juez subrogante de primera instancia en lo Civil y Comercial, Horacio Alfonso, acept\u00f3 este martes la apelaci\u00f3n del Grupo Clar\u00edn respecto del fallo que sosten\u00eda la constitucionalidad de los art\u00edculos 161 y 45 de la ley de Servicios de Comunicaci\u00f3n Audiovisual.<\/p>\n","protected":false},"author":4,"featured_media":0,"comment_status":"open","ping_status":"open","sticky":false,"template":"","format":"standard","meta":{"_jetpack_newsletter_access":"","_jetpack_dont_email_post_to_subs":false,"_jetpack_newsletter_tier_id":0,"_jetpack_memberships_contains_paywalled_content":false,"_jetpack_memberships_contains_paid_content":false,"footnotes":""},"categories":[54],"tags":[],"class_list":["post-9584","post","type-post","status-publish","format-standard","hentry","category-medios"],"jetpack_featured_media_url":"","jetpack_shortlink":"https:\/\/wp.me\/p2JWE0-2uA","jetpack-related-posts":[{"id":10904,"url":"https:\/\/www.24baires.com\/?p=10904","url_meta":{"origin":9584,"position":0},"title":"El Gobierno solicitar\u00e1 la habilitaci\u00f3n de la feria judicial para tratar la Ley de Medios","author":"AF","date":"01\/01\/2013","format":false,"excerpt":"El gobierno pedir\u00e1 este mi\u00e9rcoles, en el primer d\u00eda h\u00e1bil del a\u00f1o, que la C\u00e1mara Federal Civil y Comercial Federal habilite la feria judicial de enero para resolver con \u201cceleridad\u201d la causa planteada por el grupo Clar\u00edn contra la Ley de Medios. La presentaci\u00f3n la har\u00e1 a primera hora la\u2026","rel":"","context":"En \u00abMedios\u00bb","block_context":{"text":"Medios","link":"https:\/\/www.24baires.com\/?cat=54"},"img":{"alt_text":"","src":"","width":0,"height":0},"classes":[]},{"id":58462,"url":"https:\/\/www.24baires.com\/?p=58462","url_meta":{"origin":9584,"position":1},"title":"Un juez fren\u00f3 la adecuaci\u00f3n de oficio de Clar\u00edn","author":"AF","date":"11\/12\/2014","format":false,"excerpt":"El juez civil Horacio Alfonso dict\u00f3 una medida cautelar en favor del multimedios. Se\u00f1al\u00f3 \"aparentes deficiencias\" en la decisi\u00f3n del directorio de AFSCA. La autoridad de aplicaci\u00f3n apelar\u00e1 la medida. El juez civil Horacio Alfonso concedi\u00f3 una nueva medida cautelar en favor del Grupo Clar\u00edn, para detener el proceso de\u2026","rel":"","context":"En \u00abJUDICIALES\u00bb","block_context":{"text":"JUDICIALES","link":"https:\/\/www.24baires.com\/?cat=68"},"img":{"alt_text":"clar\u00edn","src":"https:\/\/i0.wp.com\/www.24baires.com\/wp-content\/uploads\/2014\/10\/clar%C3%ADn.jpg?resize=350%2C200","width":350,"height":200,"srcset":"https:\/\/i0.wp.com\/www.24baires.com\/wp-content\/uploads\/2014\/10\/clar%C3%ADn.jpg?resize=350%2C200 1x, https:\/\/i0.wp.com\/www.24baires.com\/wp-content\/uploads\/2014\/10\/clar%C3%ADn.jpg?resize=525%2C300 1.5x"},"classes":[]},{"id":8627,"url":"https:\/\/www.24baires.com\/?p=8627","url_meta":{"origin":9584,"position":2},"title":"La Corte Suprema rechaz\u00f3 el per saltum","author":"Grupo Sierra","date":"10\/12\/2012","format":false,"excerpt":"El m\u00e1ximo tribunal resolvi\u00f3 no hacer uso de ese recurso, solicitado por el Gobierno para revisar el fallo de la C\u00e1mara que hab\u00eda extendido la cautelar del Grupo Clar\u00edn en contra de la aplicaci\u00f3n de la Ley de Medios. Se deber\u00e1 esperar el fallo del Juez Alfonso. AMPLIAREMOS La Corte\u2026","rel":"","context":"En \u00abMedios\u00bb","block_context":{"text":"Medios","link":"https:\/\/www.24baires.com\/?cat=54"},"img":{"alt_text":"","src":"","width":0,"height":0},"classes":[]},{"id":16877,"url":"https:\/\/www.24baires.com\/?p=16877","url_meta":{"origin":9584,"position":3},"title":"Avalan la constitucionalidad de la Ley de Medios: el fiscal se expidi\u00f3 a su favor","author":"AF","date":"27\/02\/2013","format":false,"excerpt":"De esta manera, Jos\u00e9 Mar\u00eda Medrano recomend\u00f3 la confirmaci\u00f3n del fallo del juez de primera instancia del juzgado federal en lo Civil y Comercial N\u00famero 1, Horacio Alfonso, que el 14 de diciembre resolvi\u00f3 rechazar la demanda del Grupo Clar\u00edn. El Fiscal de la C\u00e1mara Federal, Jos\u00e9 Mar\u00eda Medrano, se\u2026","rel":"","context":"En \u00abMedios\u00bb","block_context":{"text":"Medios","link":"https:\/\/www.24baires.com\/?cat=54"},"img":{"alt_text":"","src":"","width":0,"height":0},"classes":[]},{"id":13129,"url":"https:\/\/www.24baires.com\/?p=13129","url_meta":{"origin":9584,"position":4},"title":"Tanto el Gobierno como Clar\u00edn presentaron fundamentos de las apelaciones","author":"AF","date":"22\/01\/2013","format":false,"excerpt":"Se trata de los fundamentos de las apelaciones que hicieron el mes pasado contra el fallo del juez civil y comercial federal Horacio Alfonso, quien se pronunci\u00f3 en favor de la constitucionalidad de los art\u00edculos de la ley de medios. Se trata del fallo de primera instancia del juez Horacio\u2026","rel":"","context":"En \u00abMedios\u00bb","block_context":{"text":"Medios","link":"https:\/\/www.24baires.com\/?cat=54"},"img":{"alt_text":"","src":"","width":0,"height":0},"classes":[]},{"id":21263,"url":"https:\/\/www.24baires.com\/?p=21263","url_meta":{"origin":9584,"position":5},"title":"Ley de medios: para la C\u00e1mara Federal dos art\u00edculos son constitucionales y dos no","author":"Grupo Sierra","date":"17\/04\/2013","format":false,"excerpt":"Los camaristas dictaron como constitucionales los art\u00edculos 161 (desinversi\u00f3n) y el 41. Y declararon que parte del art\u00edculo 45 (cantidad de licencias) y el 48 son inconstitucionales. El pr\u00f3ximo y \u00faltimo paso ser\u00e1 la Corte Suprema de la Naci\u00f3n. El juez de primera instancia y el fiscal a cargo se\u2026","rel":"","context":"En \u00abMedios\u00bb","block_context":{"text":"Medios","link":"https:\/\/www.24baires.com\/?cat=54"},"img":{"alt_text":"","src":"","width":0,"height":0},"classes":[]}],"jetpack_sharing_enabled":true,"jetpack_likes_enabled":true,"_links":{"self":[{"href":"https:\/\/www.24baires.com\/index.php?rest_route=\/wp\/v2\/posts\/9584","targetHints":{"allow":["GET"]}}],"collection":[{"href":"https:\/\/www.24baires.com\/index.php?rest_route=\/wp\/v2\/posts"}],"about":[{"href":"https:\/\/www.24baires.com\/index.php?rest_route=\/wp\/v2\/types\/post"}],"author":[{"embeddable":true,"href":"https:\/\/www.24baires.com\/index.php?rest_route=\/wp\/v2\/users\/4"}],"replies":[{"embeddable":true,"href":"https:\/\/www.24baires.com\/index.php?rest_route=%2Fwp%2Fv2%2Fcomments&post=9584"}],"version-history":[{"count":4,"href":"https:\/\/www.24baires.com\/index.php?rest_route=\/wp\/v2\/posts\/9584\/revisions"}],"predecessor-version":[{"id":9710,"href":"https:\/\/www.24baires.com\/index.php?rest_route=\/wp\/v2\/posts\/9584\/revisions\/9710"}],"wp:attachment":[{"href":"https:\/\/www.24baires.com\/index.php?rest_route=%2Fwp%2Fv2%2Fmedia&parent=9584"}],"wp:term":[{"taxonomy":"category","embeddable":true,"href":"https:\/\/www.24baires.com\/index.php?rest_route=%2Fwp%2Fv2%2Fcategories&post=9584"},{"taxonomy":"post_tag","embeddable":true,"href":"https:\/\/www.24baires.com\/index.php?rest_route=%2Fwp%2Fv2%2Ftags&post=9584"}],"curies":[{"name":"wp","href":"https:\/\/api.w.org\/{rel}","templated":true}]}}