{"id":95820,"date":"2017-07-11T19:40:37","date_gmt":"2017-07-11T22:40:37","guid":{"rendered":"http:\/\/www.24baires.com\/?p=95820"},"modified":"2017-07-11T19:12:32","modified_gmt":"2017-07-11T22:12:32","slug":"escandalo-echaron-a-un-trabajador-de-telam-por-hacerle-una-pregunta-incomoda-a-larreta","status":"publish","type":"post","link":"https:\/\/www.24baires.com\/?p=95820","title":{"rendered":"Esc\u00e1ndalo: echaron a un trabajador de T\u00e9lam por hacerle una pregunta \u201cinc\u00f3moda\u201d a Larreta"},"content":{"rendered":"<p><img data-recalc-dims=\"1\" loading=\"lazy\" decoding=\"async\" src=\"https:\/\/i0.wp.com\/www.24baires.com\/wp-content\/uploads\/2017\/01\/telam.jpg?resize=560%2C342\" alt=\"\" width=\"560\" height=\"342\" class=\"aligncenter size-full wp-image-91653\" srcset=\"https:\/\/i0.wp.com\/www.24baires.com\/wp-content\/uploads\/2017\/01\/telam.jpg?w=560&amp;ssl=1 560w, https:\/\/i0.wp.com\/www.24baires.com\/wp-content\/uploads\/2017\/01\/telam.jpg?resize=300%2C183&amp;ssl=1 300w\" sizes=\"auto, (max-width: 560px) 100vw, 560px\" \/>El empleado indag\u00f3 al jefe de gobierno porte\u00f1o sobre denuncias por sobreprecios en la obra p\u00fablica. La agencia, bajo la \u00f3rbita de Lombardi, ya lleva tres desvinculaciones en los \u00faltimos meses. En este caso, desde la comisi\u00f3n interna impulsaron un paro por los \u00abdespidos arbitrarios, la falta de respuestas sobre la recomposici\u00f3n salarial y el proyecto de achicar el \u00e1rea publicitaria\u00bb.<!--more--><\/p>\n<p>A contramano del discurso de campa\u00f1a que el presidente Mauricio Macri vendi\u00f3 en 2015 para llegar a la Casa Rosada acerca de \u00abla libertad de expresi\u00f3n\u00bb y de \u00abterminar con la persecusi\u00f3n del que piensa distinto\u00bb, siguen los esc\u00e1ndalos en T\u00e9lam, la agencia oficial que se encuentra bajo el comando de Hern\u00e1n Lombardi, el titular del Sistema Federal de Medios P\u00fablicos. <\/p>\n<p>En este caso, la conducci\u00f3n de la agencia, que encabezan Rodolfo Pous\u00e1 y Ricardo Carpena, decidi\u00f3 echar a dos trabajadores del sector Audiovisual, los periodistas Enzo Moreira y Alejandro Ledesma, con el escandaloso agravante de que en el caso de Moreira, lo despidieron por haberle hecho una pregunta \u201cinc\u00f3moda\u201d al jefe de Gobierno de la Ciudad de Buenos Aires, Horacio Rodr\u00edguez Larreta. <\/p>\n<p>Es que en el marco de la cobertura del anuncio de la demolici\u00f3n del \u00abElefante Blanco\u00bb, el edificio del barrio de Lugano donde desde hace d\u00e9cadas se estableci\u00f3 un barrio popular, Moreira le pregunt\u00f3 a Rodr\u00edguez Larreta sobre la existencia de denuncias por sobreprecios en la obra p\u00fablica.<\/p>\n<p>\u00ab\u00bfPor qu\u00e9 preguntaste eso?\u00bb, fue la primera consecuencia que recibi\u00f3 el periodista de parte de algunos de sus jefes y autoridades al regresar al edificio de la agencia, ubicado en Av. Belgrano 347. Al d\u00eda siguiente, la subgerenta de Nuevas Tecnolog\u00edas, Magdalena Cash, autoridad del \u00e1rea audiovisual, le inform\u00f3 que no se le renovar\u00eda su contrato por \u201crazones presupuestarias\u201d, utilizando como argumento que tanto Moreira como Ledesma fueron contratados sin planta permanente durante la propia gesti\u00f3n PRO. <\/p>\n","protected":false},"excerpt":{"rendered":"<p>El empleado indag\u00f3 al jefe de gobierno porte\u00f1o sobre denuncias por sobreprecios en la obra p\u00fablica. La agencia, bajo la \u00f3rbita de Lombardi, ya lleva tres desvinculaciones en los \u00faltimos meses. En este caso, desde la comisi\u00f3n interna impulsaron un paro por los \u00abdespidos arbitrarios, la falta de respuestas sobre la recomposici\u00f3n salarial y el proyecto de achicar el \u00e1rea [&#8230;]<\/p>\n","protected":false},"author":8,"featured_media":0,"comment_status":"open","ping_status":"open","sticky":false,"template":"","format":"standard","meta":{"_jetpack_newsletter_access":"","_jetpack_dont_email_post_to_subs":false,"_jetpack_newsletter_tier_id":0,"_jetpack_memberships_contains_paywalled_content":false,"_jetpack_memberships_contains_paid_content":false,"footnotes":""},"categories":[54],"tags":[],"class_list":["post-95820","post","type-post","status-publish","format-standard","hentry","category-medios"],"jetpack_featured_media_url":"","jetpack_shortlink":"https:\/\/wp.me\/p2JWE0-oVu","jetpack-related-posts":[{"id":103133,"url":"https:\/\/www.24baires.com\/?p=103133","url_meta":{"origin":95820,"position":0},"title":"Lombardi no dar\u00e1 explicaciones en Diputados y denunci\u00f3 a los despedidos de T\u00e9lam","author":"AF","date":"03\/07\/2018","format":false,"excerpt":"Total impunidad. Escondido, el oscuro funcionario nacional avis\u00f3 a trav\u00e9s de una nota. La nueva avanzada contra los trabajadores. El cada d\u00eda m\u00e1s cuestionado titular del Sistema Federal de Medios P\u00fablicos, Hern\u00e1n Lombardi, falta una vez m\u00e1s a su palabra y avis\u00f3 a trav\u00e9s de una nota que no concurrir\u00e1\u2026","rel":"","context":"En \u00abPol\u00edtica\u00bb","block_context":{"text":"Pol\u00edtica","link":"https:\/\/www.24baires.com\/?cat=51"},"img":{"alt_text":"","src":"https:\/\/i0.wp.com\/www.24baires.com\/wp-content\/uploads\/2018\/06\/telam.jpeg?resize=350%2C200","width":350,"height":200,"srcset":"https:\/\/i0.wp.com\/www.24baires.com\/wp-content\/uploads\/2018\/06\/telam.jpeg?resize=350%2C200 1x, https:\/\/i0.wp.com\/www.24baires.com\/wp-content\/uploads\/2018\/06\/telam.jpeg?resize=525%2C300 1.5x"},"classes":[]},{"id":110976,"url":"https:\/\/www.24baires.com\/?p=110976","url_meta":{"origin":95820,"position":1},"title":"La Justicia orden\u00f3 la reincorporaci\u00f3n definitiva de 68 despedidos de T\u00e9lam","author":"AF","date":"27\/06\/2019","format":false,"excerpt":"El mi\u00e9rcoles se cumpli\u00f3 un a\u00f1o de los 357 despidos ordenados por el titular del sistema de medios p\u00fablicos, Hern\u00e1n Lombardi. Los trabajadores seguir\u00e1n la lucha para lograr todas las reincorporaciones. La Justicia del Trabaj\u00f3 orden\u00f3 este jueves la reincorporaci\u00f3n definitiva de 68 trabajadores de la Agencia de Noticias T\u00e9lam.\u2026","rel":"","context":"En \u00abSociedad\u00bb","block_context":{"text":"Sociedad","link":"https:\/\/www.24baires.com\/?cat=1"},"img":{"alt_text":"","src":"https:\/\/i0.wp.com\/www.24baires.com\/wp-content\/uploads\/2018\/07\/t%C3%A9lam.jpeg?resize=350%2C200","width":350,"height":200,"srcset":"https:\/\/i0.wp.com\/www.24baires.com\/wp-content\/uploads\/2018\/07\/t%C3%A9lam.jpeg?resize=350%2C200 1x, https:\/\/i0.wp.com\/www.24baires.com\/wp-content\/uploads\/2018\/07\/t%C3%A9lam.jpeg?resize=525%2C300 1.5x"},"classes":[]},{"id":110982,"url":"https:\/\/www.24baires.com\/?p=110982","url_meta":{"origin":95820,"position":2},"title":"La Justicia orden\u00f3 la reincorporaci\u00f3n definitiva de 68 despedidos de T\u00e9lam","author":"GB","date":"28\/06\/2019","format":false,"excerpt":"El mi\u00e9rcoles se cumpli\u00f3 un a\u00f1o de los 357 despidos ordenados por el titular del sistema de medios p\u00fablicos, Hern\u00e1n Lombardi. Los trabajadores seguir\u00e1n la lucha para lograr todas las reincorporaciones. La Justicia del Trabaj\u00f3 orden\u00f3 este jueves la reincorporaci\u00f3n definitiva de 68 trabajadores de la Agencia de Noticias T\u00e9lam.\u2026","rel":"","context":"En \u00abPol\u00edtica\u00bb","block_context":{"text":"Pol\u00edtica","link":"https:\/\/www.24baires.com\/?cat=51"},"img":{"alt_text":"","src":"https:\/\/i0.wp.com\/www.24baires.com\/wp-content\/uploads\/2018\/07\/t%C3%A9lam.jpeg?resize=350%2C200","width":350,"height":200,"srcset":"https:\/\/i0.wp.com\/www.24baires.com\/wp-content\/uploads\/2018\/07\/t%C3%A9lam.jpeg?resize=350%2C200 1x, https:\/\/i0.wp.com\/www.24baires.com\/wp-content\/uploads\/2018\/07\/t%C3%A9lam.jpeg?resize=525%2C300 1.5x"},"classes":[]},{"id":105000,"url":"https:\/\/www.24baires.com\/?p=105000","url_meta":{"origin":95820,"position":3},"title":"La Justicia orden\u00f3 reincorporar a los despedidos de T\u00e9lam","author":"AF","date":"18\/10\/2018","format":false,"excerpt":"Se resolvi\u00f3 la restituci\u00f3n laboral de 138 trabajadores con lo que se acumularon m\u00e1s de 260 sentencias condenatorias contra los despidos ordenados por Hern\u00e1n Lombardi hace 115 d\u00edas. La Justicia resolvi\u00f3 este jueves la reincorporaci\u00f3n, a trav\u00e9s de ocho medidas cautelares, de 138 trabajadores de la agencia period\u00edstica y publicitaria\u2026","rel":"","context":"En \u00abSociedad\u00bb","block_context":{"text":"Sociedad","link":"https:\/\/www.24baires.com\/?cat=1"},"img":{"alt_text":"","src":"https:\/\/i0.wp.com\/www.24baires.com\/wp-content\/uploads\/2018\/06\/telam.jpeg?resize=350%2C200","width":350,"height":200,"srcset":"https:\/\/i0.wp.com\/www.24baires.com\/wp-content\/uploads\/2018\/06\/telam.jpeg?resize=350%2C200 1x, https:\/\/i0.wp.com\/www.24baires.com\/wp-content\/uploads\/2018\/06\/telam.jpeg?resize=525%2C300 1.5x"},"classes":[]},{"id":103028,"url":"https:\/\/www.24baires.com\/?p=103028","url_meta":{"origin":95820,"position":4},"title":"Hebe de Bonafini: \u201cNo es T\u00e9lam, le cierran la boca al pa\u00eds\u201d","author":"AF","date":"27\/06\/2018","format":false,"excerpt":"En medio de la toma de los dos edificios de la agencia contra los m\u00e1s de 350 despidos, la titular de Madres de Plaza de Mayo analiz\u00f3 el significado del desguace que encabeza el titular de los medios p\u00fablicos, Hern\u00e1n Lombardi. La titular de Madres de Plaza de Mayo, Hebe\u2026","rel":"","context":"En \u00abSociedad\u00bb","block_context":{"text":"Sociedad","link":"https:\/\/www.24baires.com\/?cat=1"},"img":{"alt_text":"","src":"https:\/\/i0.wp.com\/www.24baires.com\/wp-content\/uploads\/2018\/06\/bonafini-telam.jpg?resize=350%2C200","width":350,"height":200,"srcset":"https:\/\/i0.wp.com\/www.24baires.com\/wp-content\/uploads\/2018\/06\/bonafini-telam.jpg?resize=350%2C200 1x, https:\/\/i0.wp.com\/www.24baires.com\/wp-content\/uploads\/2018\/06\/bonafini-telam.jpg?resize=525%2C300 1.5x"},"classes":[]},{"id":103286,"url":"https:\/\/www.24baires.com\/?p=103286","url_meta":{"origin":95820,"position":5},"title":"La Justicia desestim\u00f3 reincorporar a los trabajadores despedidos de T\u00e9lam","author":"AF","date":"11\/07\/2018","format":false,"excerpt":"El juez Santiago Sarza no hizo lugar al planteo del fiscal, quien hab\u00eda emitido dictamen para que los 354 trabajadores volvieran a la agencia. El juez Santiago Zarza que subroga el Juzgado Nacional de 1\u00b0 Instancia del Trabajo n\u00b071 desestim\u00f3 este mi\u00e9rcoles interponer una medida cautelar para dejar sin efecto\u2026","rel":"","context":"En \u00abJUDICIALES\u00bb","block_context":{"text":"JUDICIALES","link":"https:\/\/www.24baires.com\/?cat=68"},"img":{"alt_text":"","src":"https:\/\/i0.wp.com\/www.24baires.com\/wp-content\/uploads\/2018\/07\/t%C3%A9lam.jpg?resize=350%2C200","width":350,"height":200,"srcset":"https:\/\/i0.wp.com\/www.24baires.com\/wp-content\/uploads\/2018\/07\/t%C3%A9lam.jpg?resize=350%2C200 1x, https:\/\/i0.wp.com\/www.24baires.com\/wp-content\/uploads\/2018\/07\/t%C3%A9lam.jpg?resize=525%2C300 1.5x"},"classes":[]}],"jetpack_sharing_enabled":true,"jetpack_likes_enabled":true,"_links":{"self":[{"href":"https:\/\/www.24baires.com\/index.php?rest_route=\/wp\/v2\/posts\/95820","targetHints":{"allow":["GET"]}}],"collection":[{"href":"https:\/\/www.24baires.com\/index.php?rest_route=\/wp\/v2\/posts"}],"about":[{"href":"https:\/\/www.24baires.com\/index.php?rest_route=\/wp\/v2\/types\/post"}],"author":[{"embeddable":true,"href":"https:\/\/www.24baires.com\/index.php?rest_route=\/wp\/v2\/users\/8"}],"replies":[{"embeddable":true,"href":"https:\/\/www.24baires.com\/index.php?rest_route=%2Fwp%2Fv2%2Fcomments&post=95820"}],"version-history":[{"count":1,"href":"https:\/\/www.24baires.com\/index.php?rest_route=\/wp\/v2\/posts\/95820\/revisions"}],"predecessor-version":[{"id":95821,"href":"https:\/\/www.24baires.com\/index.php?rest_route=\/wp\/v2\/posts\/95820\/revisions\/95821"}],"wp:attachment":[{"href":"https:\/\/www.24baires.com\/index.php?rest_route=%2Fwp%2Fv2%2Fmedia&parent=95820"}],"wp:term":[{"taxonomy":"category","embeddable":true,"href":"https:\/\/www.24baires.com\/index.php?rest_route=%2Fwp%2Fv2%2Fcategories&post=95820"},{"taxonomy":"post_tag","embeddable":true,"href":"https:\/\/www.24baires.com\/index.php?rest_route=%2Fwp%2Fv2%2Ftags&post=95820"}],"curies":[{"name":"wp","href":"https:\/\/api.w.org\/{rel}","templated":true}]}}