{"id":958,"date":"2012-10-04T10:33:43","date_gmt":"2012-10-04T13:33:43","guid":{"rendered":"http:\/\/www.24baires.com\/?p=958"},"modified":"2012-10-04T12:27:33","modified_gmt":"2012-10-04T15:27:33","slug":"gendarmes-siguen-su-protesta-aunque-aclaran-no-los-estamos-desprotegiendo","status":"publish","type":"post","link":"https:\/\/www.24baires.com\/?p=958","title":{"rendered":"Gendarmes siguen su protesta, aunque aclaran: \u00abNo los estamos desprotegiendo\u00bb"},"content":{"rendered":"<p><img data-recalc-dims=\"1\" loading=\"lazy\" decoding=\"async\" class=\"alignleft size-medium wp-image-980\" title=\"gendarmeriaprotesta\" src=\"https:\/\/i0.wp.com\/www.24baires.com\/wp-content\/uploads\/2012\/10\/gendarmeriaprotesta.jpg?resize=300%2C179\" alt=\"\" width=\"300\" height=\"179\" srcset=\"https:\/\/i0.wp.com\/www.24baires.com\/wp-content\/uploads\/2012\/10\/gendarmeriaprotesta.jpg?resize=300%2C179&amp;ssl=1 300w, https:\/\/i0.wp.com\/www.24baires.com\/wp-content\/uploads\/2012\/10\/gendarmeriaprotesta.jpg?w=560&amp;ssl=1 560w\" sizes=\"auto, (max-width: 300px) 100vw, 300px\" \/>Los efectivos de Gendarmer\u00eda Nacional, que mantienen una protesta en la puerta del Edificio Centinela por reclamos salariales, aguardan una respuesta a sus pedidos por parte del ministerio de Seguridad para levantar la medida.<br \/>\n\u00abQueremos que el ministerio de Seguridad y el Poder Ejecutivo nos den una respuesta inmediata al petitorio para levantar la medida, que nos den la aprobaci\u00f3n por escrito\u00bb, dijo el gendarme Ra\u00fal Maza, uno de los voceros de la protesta, en declaraciones en la puerta del Centinela, en el barrio de Retiro.<!--more--><br \/>\nDurante la madrugada, representantes de Gendarmer\u00eda y de la Prefectura Naval Argentina se reunieron con el secretario de Seguridad, Sergio Berni, a quien le entregaron un petitorio con una serie de reclamos.<br \/>\nEntre los pedidos se encuentra la implementaci\u00f3n de una nueva escala salarial -con un piso de 7 mil pesos de bolsillo- y la garant\u00eda de que no se adoptar\u00e1n medidas administrativas discplinarias o judiciales contra los manfiestantes.<br \/>\nLos integrantes de Gendarmer\u00eda, en particular, reclaman adem\u00e1s por la \u00abincorporaci\u00f3n del personal a una Aseguradora de Riesgos del Trabajo (ART) y la libre elecci\u00f3n de una obra social\u00bb, seg\u00fan indica el petitorio.<br \/>\nEn tanto, Maza convoc\u00f3 a todos los efectivos de Gendarmer\u00eda a participar de la protesta, aunque aclar\u00f3 que \u00ablas guardias en los puestos fronterizos van a seguir estando\u00bb y agreg\u00f3: \u00abno los estamos desprotegiendo\u00bb.<\/p>\n","protected":false},"excerpt":{"rendered":"<p>Los efectivos de Gendarmer\u00eda Nacional, que mantienen una protesta en la puerta del Edificio Centinela por reclamos salariales, aguardan una respuesta a sus pedidos por parte del ministerio de Seguridad para levantar la medida. \u00abQueremos que el ministerio de Seguridad y el Poder Ejecutivo nos den una respuesta inmediata al petitorio para levantar la medida, que nos den la aprobaci\u00f3n [&#8230;]<\/p>\n","protected":false},"author":4,"featured_media":0,"comment_status":"open","ping_status":"open","sticky":false,"template":"","format":"standard","meta":{"_jetpack_newsletter_access":"","_jetpack_dont_email_post_to_subs":false,"_jetpack_newsletter_tier_id":0,"_jetpack_memberships_contains_paywalled_content":false,"_jetpack_memberships_contains_paid_content":false,"footnotes":""},"categories":[1],"tags":[],"class_list":["post-958","post","type-post","status-publish","format-standard","hentry","category-sociedad"],"jetpack_featured_media_url":"","jetpack_shortlink":"https:\/\/wp.me\/p2JWE0-fs","jetpack-related-posts":[{"id":120223,"url":"https:\/\/www.24baires.com\/?p=120223","url_meta":{"origin":958,"position":0},"title":"El Presidente recibi\u00f3 a representantes de comunidades originarias de Jujuy","author":"AF","date":"27\/06\/2023","format":false,"excerpt":"Desde las organizaciones informaron que presentaron un escrito en el que fijan posici\u00f3n sobre lo sucedido en la provincia y elevaron petitorio. El presidente Alberto Fern\u00e1ndez recibi\u00f3 a representantes de comunidades originarias de Jujuy para interiorizarse sobre la situaci\u00f3n en esa provincia tras la reforma constitucional impulsada por el gobierno\u2026","rel":"","context":"En \u00abSociedad\u00bb","block_context":{"text":"Sociedad","link":"https:\/\/www.24baires.com\/?cat=1"},"img":{"alt_text":"","src":"https:\/\/i0.wp.com\/www.24baires.com\/wp-content\/uploads\/2023\/06\/WhatsApp-Image-2023-06-27-at-18.33.42.jpeg?resize=350%2C200","width":350,"height":200,"srcset":"https:\/\/i0.wp.com\/www.24baires.com\/wp-content\/uploads\/2023\/06\/WhatsApp-Image-2023-06-27-at-18.33.42.jpeg?resize=350%2C200 1x, https:\/\/i0.wp.com\/www.24baires.com\/wp-content\/uploads\/2023\/06\/WhatsApp-Image-2023-06-27-at-18.33.42.jpeg?resize=525%2C300 1.5x, https:\/\/i0.wp.com\/www.24baires.com\/wp-content\/uploads\/2023\/06\/WhatsApp-Image-2023-06-27-at-18.33.42.jpeg?resize=700%2C400 2x"},"classes":[]},{"id":111203,"url":"https:\/\/www.24baires.com\/?p=111203","url_meta":{"origin":958,"position":1},"title":"Opositores y organismos de derechos humanos cuestionaron la colimba macrista","author":"AF","date":"16\/07\/2019","format":false,"excerpt":"Desde el Frente de Todos y el FIT repudiaron el intento de enviar a los j\u00f3venes a los cuarteles de Gendarmer\u00eda. Tambi\u00e9n protestaron Adolfo P\u00e9rez Esquivel y Mar\u00eda del Carmen Verd\u00fa. La colimba macrista no cay\u00f3 bien. Distintos sectores del arco pol\u00edtico rechazaron la implementaci\u00f3n por decreto del Servicio C\u00edvico\u2026","rel":"","context":"En \u00abLocales\u00bb","block_context":{"text":"Locales","link":"https:\/\/www.24baires.com\/?cat=38"},"img":{"alt_text":"Resultado de imagen para bullrich","src":"https:\/\/i0.wp.com\/infocielo.com\/uploads\/noticias\/imagenes\/a\/2019\/05\/20190524101935_bullrich-infobae.jpg?resize=350%2C200&ssl=1","width":350,"height":200,"srcset":"https:\/\/i0.wp.com\/infocielo.com\/uploads\/noticias\/imagenes\/a\/2019\/05\/20190524101935_bullrich-infobae.jpg?resize=350%2C200&ssl=1 1x, https:\/\/i0.wp.com\/infocielo.com\/uploads\/noticias\/imagenes\/a\/2019\/05\/20190524101935_bullrich-infobae.jpg?resize=525%2C300&ssl=1 1.5x"},"classes":[]},{"id":76735,"url":"https:\/\/www.24baires.com\/?p=76735","url_meta":{"origin":958,"position":2},"title":"Gendarmer\u00eda desaloj\u00f3 con incidentes un corte de trabajadores de Cresta Roja","author":"AF","date":"22\/12\/2015","format":false,"excerpt":"Gendarmer\u00eda desaloj\u00f3 esta ma\u00f1ana con incidentes a los trabajadores de Cresta Roja que realizaban su quinta jornada de protesta para reclamar por el pago de salarios y exigir la continuidad de sus puestos de trabajo. Los efectivos avanzaron cerca de las 9.10 cuando conformaron un cord\u00f3n y con sus escudos\u2026","rel":"","context":"En \u00abSociedad\u00bb","block_context":{"text":"Sociedad","link":"https:\/\/www.24baires.com\/?cat=1"},"img":{"alt_text":"corte cresta roja ezeiza","src":"https:\/\/i0.wp.com\/www.24baires.com\/wp-content\/uploads\/2015\/12\/corte-cresta-roja-ezeiza-300x199.jpg?resize=350%2C200","width":350,"height":200},"classes":[]},{"id":105792,"url":"https:\/\/www.24baires.com\/?p=105792","url_meta":{"origin":958,"position":3},"title":"Empresarios PYMES marcharon al Congreso para reclamar \u00abmedidas urgentes\u00bb","author":"AF","date":"06\/12\/2018","format":false,"excerpt":"M\u00e1s de 20 c\u00e1maras y entidades marcharon al Parlamento para persuadir a los diputados y senadores de avanzar con una ley que beneficie al sector. Se quejan por las importaciones, impuestos y falta de cr\u00e9dito barato. Peque\u00f1os y medianos empresarios entregaron a legisladores de la oposici\u00f3n en el Congreso un\u2026","rel":"","context":"En \u00abSociedad\u00bb","block_context":{"text":"Sociedad","link":"https:\/\/www.24baires.com\/?cat=1"},"img":{"alt_text":"","src":"https:\/\/i0.wp.com\/www.24baires.com\/wp-content\/uploads\/2018\/12\/pyme.jpeg?resize=350%2C200","width":350,"height":200,"srcset":"https:\/\/i0.wp.com\/www.24baires.com\/wp-content\/uploads\/2018\/12\/pyme.jpeg?resize=350%2C200 1x, https:\/\/i0.wp.com\/www.24baires.com\/wp-content\/uploads\/2018\/12\/pyme.jpeg?resize=525%2C300 1.5x"},"classes":[]},{"id":111972,"url":"https:\/\/www.24baires.com\/?p=111972","url_meta":{"origin":958,"position":4},"title":"C\u00f3rdoba: detenidos y heridos en brutal represi\u00f3n a trabajadores","author":"AF","date":"06\/09\/2019","format":false,"excerpt":"\"Ese es el gobierno reaccionario de Schiaretti, amigo de Macri. Los medios le echan la culpa a los laburantes, sin destacar la justeza de los reclamos y que la Polic\u00eda empez\u00f3 a tirar con balas de goma\", explicaron los trabajadores del gremio. Nueve personas fueron detenidas y varias sufrieron heridas\u2026","rel":"","context":"En \u00abSociedad\u00bb","block_context":{"text":"Sociedad","link":"https:\/\/www.24baires.com\/?cat=1"},"img":{"alt_text":"","src":"https:\/\/i0.wp.com\/www.24baires.com\/wp-content\/uploads\/2019\/09\/represi%C3%B3n-c%C3%B3rdoba.jpg?resize=350%2C200","width":350,"height":200,"srcset":"https:\/\/i0.wp.com\/www.24baires.com\/wp-content\/uploads\/2019\/09\/represi%C3%B3n-c%C3%B3rdoba.jpg?resize=350%2C200 1x, https:\/\/i0.wp.com\/www.24baires.com\/wp-content\/uploads\/2019\/09\/represi%C3%B3n-c%C3%B3rdoba.jpg?resize=525%2C300 1.5x"},"classes":[]},{"id":924,"url":"https:\/\/www.24baires.com\/?p=924","url_meta":{"origin":958,"position":5},"title":"Garr\u00e9 anunci\u00f3 el pase a retiro de la c\u00fapula de la Prefectura y de la Gendarmer\u00eda","author":"AF","date":"03\/10\/2012","format":false,"excerpt":"La ministra de Seguridad anunci\u00f3 que se determin\u00f3 \"el pase a retiro\" de 10 prefectos generales de la Prefectura Naval y 10 comandantes generales de la Gendarmer\u00eda. Garr\u00e9 anunci\u00f3 que a cargo de Gendarmer\u00eda fue nombrado el comandante general Enrique Zach en reemplazo de H\u00e9ctor Schenone, y en Prefectura fue\u2026","rel":"","context":"En \u00abSociedad\u00bb","block_context":{"text":"Sociedad","link":"https:\/\/www.24baires.com\/?cat=1"},"img":{"alt_text":"","src":"","width":0,"height":0},"classes":[]}],"jetpack_sharing_enabled":true,"jetpack_likes_enabled":true,"_links":{"self":[{"href":"https:\/\/www.24baires.com\/index.php?rest_route=\/wp\/v2\/posts\/958","targetHints":{"allow":["GET"]}}],"collection":[{"href":"https:\/\/www.24baires.com\/index.php?rest_route=\/wp\/v2\/posts"}],"about":[{"href":"https:\/\/www.24baires.com\/index.php?rest_route=\/wp\/v2\/types\/post"}],"author":[{"embeddable":true,"href":"https:\/\/www.24baires.com\/index.php?rest_route=\/wp\/v2\/users\/4"}],"replies":[{"embeddable":true,"href":"https:\/\/www.24baires.com\/index.php?rest_route=%2Fwp%2Fv2%2Fcomments&post=958"}],"version-history":[{"count":0,"href":"https:\/\/www.24baires.com\/index.php?rest_route=\/wp\/v2\/posts\/958\/revisions"}],"wp:attachment":[{"href":"https:\/\/www.24baires.com\/index.php?rest_route=%2Fwp%2Fv2%2Fmedia&parent=958"}],"wp:term":[{"taxonomy":"category","embeddable":true,"href":"https:\/\/www.24baires.com\/index.php?rest_route=%2Fwp%2Fv2%2Fcategories&post=958"},{"taxonomy":"post_tag","embeddable":true,"href":"https:\/\/www.24baires.com\/index.php?rest_route=%2Fwp%2Fv2%2Ftags&post=958"}],"curies":[{"name":"wp","href":"https:\/\/api.w.org\/{rel}","templated":true}]}}