{"id":954,"date":"2012-10-04T10:05:42","date_gmt":"2012-10-04T13:05:42","guid":{"rendered":"http:\/\/www.24baires.com\/?p=954"},"modified":"2012-10-04T12:38:47","modified_gmt":"2012-10-04T15:38:47","slug":"miramar-sede-mundial","status":"publish","type":"post","link":"https:\/\/www.24baires.com\/?p=954","title":{"rendered":"Miramar sede mundial"},"content":{"rendered":"<p>Entre el 27 de octubre y el 3 de noviembre Miramar ser\u00e1 sede del Campeonato Mundial de Arquer\u00eda en Campo.\u00a0Con la colaboraci\u00f3n de la Municipalidad de General Alvarado, el Mundial -organizado por la International Field Archery Association (IFAA) y la Asociaci\u00f3n Argentina de Tiradores con Arco (AATA)- se llevar\u00e1 a cabo en el Bosque Vivero Municipal \u201cFlorentino Ameghino\u201d de la ciudad donde competir\u00e1n m\u00e1s de 20 pa\u00edses representados por sus tiradores, en todas las categor\u00edas y edades.<\/p>\n","protected":false},"excerpt":{"rendered":"<p>Entre el 27 de octubre y el 3 de noviembre Miramar ser\u00e1 sede del Campeonato Mundial de Arquer\u00eda en Campo.\u00a0Con la colaboraci\u00f3n de la Municipalidad de General Alvarado, el Mundial -organizado por la International Field Archery Association (IFAA) y la Asociaci\u00f3n Argentina de Tiradores con Arco (AATA)- se llevar\u00e1 a cabo en el Bosque Vivero Municipal \u201cFlorentino Ameghino\u201d de la [&#8230;]<\/p>\n","protected":false},"author":4,"featured_media":0,"comment_status":"open","ping_status":"open","sticky":false,"template":"","format":"standard","meta":{"_jetpack_newsletter_access":"","_jetpack_dont_email_post_to_subs":false,"_jetpack_newsletter_tier_id":0,"_jetpack_memberships_contains_paywalled_content":false,"_jetpack_memberships_contains_paid_content":false,"footnotes":""},"categories":[1],"tags":[],"class_list":["post-954","post","type-post","status-publish","format-standard","hentry","category-sociedad"],"jetpack_featured_media_url":"","jetpack_shortlink":"https:\/\/wp.me\/p2JWE0-fo","jetpack-related-posts":[{"id":106672,"url":"https:\/\/www.24baires.com\/?p=106672","url_meta":{"origin":954,"position":0},"title":"Miramar: muri\u00f3 un nene de dos a\u00f1os luego de que se le cayera un TV encima","author":"AF","date":"04\/02\/2019","format":false,"excerpt":"Un nene de 2 a\u00f1os que estaba internado en grave estado en el hospital Materno Infantil de Mar del Plata muri\u00f3 esta tarde a ra\u00edz de las heridas que sufri\u00f3 luego que se le cayera un televisor encima en su vivienda de la localidad bonaerense de Miramar. El hecho ocurri\u00f3\u2026","rel":"","context":"En \u00abLocales\u00bb","block_context":{"text":"Locales","link":"https:\/\/www.24baires.com\/?cat=38"},"img":{"alt_text":"","src":"https:\/\/i0.wp.com\/www.24baires.com\/wp-content\/uploads\/2016\/06\/materno.jpg?resize=350%2C200","width":350,"height":200,"srcset":"https:\/\/i0.wp.com\/www.24baires.com\/wp-content\/uploads\/2016\/06\/materno.jpg?resize=350%2C200 1x, https:\/\/i0.wp.com\/www.24baires.com\/wp-content\/uploads\/2016\/06\/materno.jpg?resize=525%2C300 1.5x"},"classes":[]},{"id":14705,"url":"https:\/\/www.24baires.com\/?p=14705","url_meta":{"origin":954,"position":1},"title":"En Olavarr\u00eda volvieron a marchar por los femicidios ocurridos","author":"AF","date":"05\/02\/2013","format":false,"excerpt":"M\u00e1s de 1500 personas acompa\u00f1aron a los familiares de v\u00edctimas de violencia de g\u00e9nero en otra convocatoria como la que se llev\u00f3 a cabo hace dos semanas. Los hijos de Graciela Tirador exigieron la \u201cprisi\u00f3n preventiva y la condena perpetua\u201d para su ex pareja, adem\u00e1s de apuntar contra el juez\u2026","rel":"","context":"En \u00abLocales\u00bb","block_context":{"text":"Locales","link":"https:\/\/www.24baires.com\/?cat=38"},"img":{"alt_text":"marcha no violencia olav","src":"https:\/\/i0.wp.com\/www.24baires.com\/wp-content\/uploads\/2013\/02\/marcha-no-violencia-olav-300x198.jpg?resize=350%2C200","width":350,"height":200},"classes":[]},{"id":12112,"url":"https:\/\/www.24baires.com\/?p=12112","url_meta":{"origin":954,"position":2},"title":"Confes\u00f3 el ex marido de la mujer asesinada en Olavarr\u00eda: la mat\u00f3 de un fierrazo en la cabeza","author":"AF","date":"14\/01\/2013","format":false,"excerpt":"Seg\u00fan se pudo saber, los golpes en la cabeza \u201ccon un fierro\u201d fueron los que causaron la muerte a la mujer. A su ex pareja, Luis Pablo Barbato, se lo vio pasar en moto y con una escalera a las 5 de la ma\u00f1ana por Trabajadores y Brown y qued\u00f3\u2026","rel":"","context":"En \u00abPoliciales\u00bb","block_context":{"text":"Policiales","link":"https:\/\/www.24baires.com\/?cat=49"},"img":{"alt_text":"","src":"","width":0,"height":0},"classes":[]},{"id":11269,"url":"https:\/\/www.24baires.com\/?p=11269","url_meta":{"origin":954,"position":3},"title":"Lleg\u00f3 a Miramar la primera formaci\u00f3n del tren desde Constituci\u00f3n","author":"AF","date":"05\/01\/2013","format":false,"excerpt":"Tras el anuncio de reactivar el servicio de tren Mar del Plata \u2013 Miramar, que llevaba m\u00e1s de dos a\u00f1os inactivo, el pasado viernes lleg\u00f3 a la ciudad balnearia a las 16:15 la primera formaci\u00f3n (1305). Los tres coches trasladaron a los 120 pasajeros. En el arribo estuvieron presentes el\u2026","rel":"","context":"En \u00abSociedad\u00bb","block_context":{"text":"Sociedad","link":"https:\/\/www.24baires.com\/?cat=1"},"img":{"alt_text":"tren en miramar","src":"https:\/\/i0.wp.com\/www.24baires.com\/wp-content\/uploads\/2013\/01\/tren-en-miramar.jpg?resize=350%2C200","width":350,"height":200,"srcset":"https:\/\/i0.wp.com\/www.24baires.com\/wp-content\/uploads\/2013\/01\/tren-en-miramar.jpg?resize=350%2C200 1x, https:\/\/i0.wp.com\/www.24baires.com\/wp-content\/uploads\/2013\/01\/tren-en-miramar.jpg?resize=525%2C300 1.5x"},"classes":[]},{"id":54304,"url":"https:\/\/www.24baires.com\/?p=54304","url_meta":{"origin":954,"position":4},"title":"Protesta y represi\u00f3n a trabajadores de ATE en Miramar","author":"Grupo Sierra","date":"25\/09\/2014","format":false,"excerpt":"Los manifestantes reclamaban la reincorporaci\u00f3n de una enfermera despedida del Hospital Municipal y la polic\u00eda interrumpi\u00f3. En un comunicado, los representantes de la Asociaci\u00f3n Trabajadores del Estado, seccional Mar del Plata, delegaci\u00f3n Gral.Alvarado, informaron sobre la represi\u00f3n sufrida: \"Todo se dio en las puertas del edificio municipal del partido de\u2026","rel":"","context":"En \u00abLocales\u00bb","block_context":{"text":"Locales","link":"https:\/\/www.24baires.com\/?cat=38"},"img":{"alt_text":"ate miramar represi\u00f3n","src":"https:\/\/i0.wp.com\/www.24baires.com\/wp-content\/uploads\/2014\/09\/ate-miramar-represi%C3%B3n-300x168.png?resize=350%2C200","width":350,"height":200},"classes":[]},{"id":8545,"url":"https:\/\/www.24baires.com\/?p=8545","url_meta":{"origin":954,"position":5},"title":"Miramar larg\u00f3 la temporada de verano","author":"AF","date":"10\/12\/2012","format":false,"excerpt":"Con un festival en la Plaza Islas Malvinas, el intendente Patricio Hogan y el funcionario provincial Eduardo Aparicio inauguraron \u201clo que ser\u00e1 una muy buena temporada\u201d. Particip\u00f3 la banda de los hermanos Patronelli, campeones del Dakar en cuatriciclos, y tambi\u00e9n \"La Mosca\". La ciudad bonaerense de Miramar inaugur\u00f3 anoche su\u2026","rel":"","context":"En \u00abLocales\u00bb","block_context":{"text":"Locales","link":"https:\/\/www.24baires.com\/?cat=38"},"img":{"alt_text":"","src":"https:\/\/i0.wp.com\/www.24baires.com\/wp-content\/uploads\/2012\/12\/mirAMAR-300x225.jpg?resize=350%2C200","width":350,"height":200},"classes":[]}],"jetpack_sharing_enabled":true,"jetpack_likes_enabled":true,"_links":{"self":[{"href":"https:\/\/www.24baires.com\/index.php?rest_route=\/wp\/v2\/posts\/954","targetHints":{"allow":["GET"]}}],"collection":[{"href":"https:\/\/www.24baires.com\/index.php?rest_route=\/wp\/v2\/posts"}],"about":[{"href":"https:\/\/www.24baires.com\/index.php?rest_route=\/wp\/v2\/types\/post"}],"author":[{"embeddable":true,"href":"https:\/\/www.24baires.com\/index.php?rest_route=\/wp\/v2\/users\/4"}],"replies":[{"embeddable":true,"href":"https:\/\/www.24baires.com\/index.php?rest_route=%2Fwp%2Fv2%2Fcomments&post=954"}],"version-history":[{"count":0,"href":"https:\/\/www.24baires.com\/index.php?rest_route=\/wp\/v2\/posts\/954\/revisions"}],"wp:attachment":[{"href":"https:\/\/www.24baires.com\/index.php?rest_route=%2Fwp%2Fv2%2Fmedia&parent=954"}],"wp:term":[{"taxonomy":"category","embeddable":true,"href":"https:\/\/www.24baires.com\/index.php?rest_route=%2Fwp%2Fv2%2Fcategories&post=954"},{"taxonomy":"post_tag","embeddable":true,"href":"https:\/\/www.24baires.com\/index.php?rest_route=%2Fwp%2Fv2%2Ftags&post=954"}],"curies":[{"name":"wp","href":"https:\/\/api.w.org\/{rel}","templated":true}]}}