{"id":95263,"date":"2017-06-16T18:50:17","date_gmt":"2017-06-16T21:50:17","guid":{"rendered":"http:\/\/www.24baires.com\/?p=95263"},"modified":"2017-06-16T18:50:17","modified_gmt":"2017-06-16T21:50:17","slug":"finalmente-la-renga-tocara-en-huracan","status":"publish","type":"post","link":"https:\/\/www.24baires.com\/?p=95263","title":{"rendered":"Finalmente, La Renga tocar\u00e1 en Hurac\u00e1n"},"content":{"rendered":"<p><img data-recalc-dims=\"1\" loading=\"lazy\" decoding=\"async\" src=\"https:\/\/i0.wp.com\/www.24baires.com\/wp-content\/uploads\/2017\/03\/la-renga.jpg?resize=560%2C285\" alt=\"\" width=\"560\" height=\"285\" class=\"aligncenter size-full wp-image-93500\" srcset=\"https:\/\/i0.wp.com\/www.24baires.com\/wp-content\/uploads\/2017\/03\/la-renga.jpg?w=560&amp;ssl=1 560w, https:\/\/i0.wp.com\/www.24baires.com\/wp-content\/uploads\/2017\/03\/la-renga.jpg?resize=300%2C153&amp;ssl=1 300w\" sizes=\"auto, (max-width: 560px) 100vw, 560px\" \/>Despu\u00e9s de idas y vueltas, y una primera negativa oficial, Defensa Civil autoriz\u00f3 a la banda de Mataderos a tocar en la Ciudad de Buenos Aires despu\u00e9s de 10 a\u00f1os. <!--more--><\/p>\n<p>Diez a\u00f1os despu\u00e9s, y a pesar de la \u00faltima negativa oficial, La Renga volver\u00e1 a tocar en la Ciudad Aut\u00f3noma de Buenos Aires. Defensa Civil autoriz\u00f3 a la banda de Mataderos a realizar 6 shows en el estadio del Club Atl\u00e9tico Hurac\u00e1n, las fechas no est\u00e1n confirmadas pero los recitales son un hecho. <\/p>\n<p>Las fechas originales que hab\u00eda pedido La Renga para realizar sus shows en Parque Patricios eran el 28 de junio y el 1, 5, 8, 12 y 15 de julio, pero ante la primera negativa por parte del gobierno porte\u00f1o y el retraso en la confirmaci\u00f3n deber\u00e1n buscar otras alternativas. Seg\u00fan supo Pol\u00edtica Argentina, los recitales se llevar\u00edan a cabo entre fines de julio y principios de agosto. <\/p>\n<p>En un primer momento, desde la Ciudad de Buenos Aires denegaron el pedido argumentando, entre otras cosas, que el plan de evacuaci\u00f3n no era apropiado para un espect\u00e1culo al que pod\u00edan asistir 40.000 personas y que la polic\u00eda hab\u00eda recomendado no realizar el show a fin de evitar \u00abllegar a los trist\u00edsimos resultados del evento realizado en La Colmena\u00bb, donde en marzo se present\u00f3 el Indio Solari, y hubo dos muertos y varios heridos. Ahora, la autorizaci\u00f3n es para 38.800 asistentes. <\/p>\n<p>Esta decisi\u00f3n despert\u00f3 un gran enojo popular que deriv\u00f3 en un multitudinario banderazo convocado para el \u00faltimo s\u00e1bado. Ante esto, en la noche anterior a la protesta  el propio Horacio Rodr\u00edguez Larreta se meti\u00f3 de lleno en el asunto y sugiri\u00f3 desde su cuenta de Twitter que los shows finalmente podr\u00edan realizarse. <\/p>\n","protected":false},"excerpt":{"rendered":"<p>Despu\u00e9s de idas y vueltas, y una primera negativa oficial, Defensa Civil autoriz\u00f3 a la banda de Mataderos a tocar en la Ciudad de Buenos Aires despu\u00e9s de 10 a\u00f1os.<\/p>\n","protected":false},"author":8,"featured_media":0,"comment_status":"open","ping_status":"open","sticky":false,"template":"","format":"standard","meta":{"_jetpack_newsletter_access":"","_jetpack_dont_email_post_to_subs":false,"_jetpack_newsletter_tier_id":0,"_jetpack_memberships_contains_paywalled_content":false,"_jetpack_memberships_contains_paid_content":false,"footnotes":""},"categories":[41],"tags":[],"class_list":["post-95263","post","type-post","status-publish","format-standard","hentry","category-espectaculos"],"jetpack_featured_media_url":"","jetpack_shortlink":"https:\/\/wp.me\/p2JWE0-oMv","jetpack-related-posts":[{"id":101218,"url":"https:\/\/www.24baires.com\/?p=101218","url_meta":{"origin":95263,"position":0},"title":"A tan solo 16 d\u00edas del show, suspenden el recital de La Renga en Mar del Plata","author":"GB","date":"22\/03\/2018","format":false,"excerpt":"Con m\u00e1s de 36 mil entradas vendidas del show previsto para el pr\u00f3ximo 7 de abril en el estadio Jos\u00e9 Mar\u00eda Minella, la productora de la banda de Matadero anunci\u00f3 su suspensi\u00f3n y que el show se realizar\u00e1 en la provincia de San Luis. C\u00f3mo y d\u00f3nde recuperar las entradas,\u2026","rel":"","context":"En \u00abEspectaculos\u00bb","block_context":{"text":"Espectaculos","link":"https:\/\/www.24baires.com\/?cat=41"},"img":{"alt_text":"","src":"https:\/\/i0.wp.com\/www.24baires.com\/wp-content\/uploads\/2018\/03\/recital-la-renga.jpg?resize=350%2C200","width":350,"height":200,"srcset":"https:\/\/i0.wp.com\/www.24baires.com\/wp-content\/uploads\/2018\/03\/recital-la-renga.jpg?resize=350%2C200 1x, https:\/\/i0.wp.com\/www.24baires.com\/wp-content\/uploads\/2018\/03\/recital-la-renga.jpg?resize=525%2C300 1.5x"},"classes":[]},{"id":93499,"url":"https:\/\/www.24baires.com\/?p=93499","url_meta":{"origin":95263,"position":1},"title":"La Renga denunci\u00f3 \u00abodio y discriminaci\u00f3n\u00bb tras la suspensi\u00f3n de su show","author":"GB","date":"31\/03\/2017","format":false,"excerpt":"En un comunicado, el grupo de rock La Renga denunci\u00f3 \"las propias inseguridades (del gobierno sanjuanino) alimentadas por el odio y la desinformaci\u00f3n\" tras la suspensi\u00f3n del recital que iban a realizar en esa provincia el 29 de abril. El convocante grupo rockero argentino La Renga consider\u00f3 que la decisi\u00f3n\u2026","rel":"","context":"En \u00abEspectaculos\u00bb","block_context":{"text":"Espectaculos","link":"https:\/\/www.24baires.com\/?cat=41"},"img":{"alt_text":"","src":"https:\/\/i0.wp.com\/www.24baires.com\/wp-content\/uploads\/2017\/03\/la-renga.jpg?resize=350%2C200","width":350,"height":200,"srcset":"https:\/\/i0.wp.com\/www.24baires.com\/wp-content\/uploads\/2017\/03\/la-renga.jpg?resize=350%2C200 1x, https:\/\/i0.wp.com\/www.24baires.com\/wp-content\/uploads\/2017\/03\/la-renga.jpg?resize=525%2C300 1.5x"},"classes":[]},{"id":101161,"url":"https:\/\/www.24baires.com\/?p=101161","url_meta":{"origin":95263,"position":2},"title":"La Renga: el Concejo reclama a la Provincia que garantice el operativo de seguridad","author":"GB","date":"20\/03\/2018","format":false,"excerpt":"MAR DEL PLATA-El pedido fue elevado por los presidentes de los bloques de concejales a trav\u00e9s de un proyecto de comunicaci\u00f3n El Concejo Deliberante reclam\u00f3 al Ministerio de Seguridad bonaerense que garantice el operativo de seguridad para que se realice el recital de la banda de rock La Renga, previsto\u2026","rel":"","context":"En \u00abMunicipios\u00bb","block_context":{"text":"Municipios","link":"https:\/\/www.24baires.com\/?cat=44"},"img":{"alt_text":"","src":"https:\/\/i0.wp.com\/www.24baires.com\/wp-content\/uploads\/2018\/03\/recital-la-renga.jpg?resize=350%2C200","width":350,"height":200,"srcset":"https:\/\/i0.wp.com\/www.24baires.com\/wp-content\/uploads\/2018\/03\/recital-la-renga.jpg?resize=350%2C200 1x, https:\/\/i0.wp.com\/www.24baires.com\/wp-content\/uploads\/2018\/03\/recital-la-renga.jpg?resize=525%2C300 1.5x"},"classes":[]},{"id":100946,"url":"https:\/\/www.24baires.com\/?p=100946","url_meta":{"origin":95263,"position":3},"title":"Arroyo puso en duda el recital de La Renga","author":"GB","date":"09\/03\/2018","format":false,"excerpt":"El concierto de la banda de Mataderos est\u00e1 previsto para el 7 de abril en Mar del Plata pero el intendente de esa localidad no asegur\u00f3 que se podr\u00e1 llevar a cabo. Cit\u00f3 el ejemplo del tr\u00e1gico episodio en el \u00faltimo show que brind\u00f3 el Indio Solari. El intendente de\u2026","rel":"","context":"En \u00abEspectaculos\u00bb","block_context":{"text":"Espectaculos","link":"https:\/\/www.24baires.com\/?cat=41"},"img":{"alt_text":"","src":"https:\/\/i0.wp.com\/www.24baires.com\/wp-content\/uploads\/2018\/03\/recital-la-renga.jpg?resize=350%2C200","width":350,"height":200,"srcset":"https:\/\/i0.wp.com\/www.24baires.com\/wp-content\/uploads\/2018\/03\/recital-la-renga.jpg?resize=350%2C200 1x, https:\/\/i0.wp.com\/www.24baires.com\/wp-content\/uploads\/2018\/03\/recital-la-renga.jpg?resize=525%2C300 1.5x"},"classes":[]},{"id":101225,"url":"https:\/\/www.24baires.com\/?p=101225","url_meta":{"origin":95263,"position":4},"title":"La Renga debi\u00f3 cancelar su show en Mar del Plata","author":"AF","date":"22\/03\/2018","format":false,"excerpt":"Finalmente la puja entre los productores y el Gobierno de la Provincia, quienes desde un primer momento pusieron trabas para que no se realice el espect\u00e1culo, decant\u00f3 en que la banda no pueda presentarse en 'La Feliz'. Seg\u00fan pudo averiguar el Suplemento NO SE, la fecha se mantiene y se\u2026","rel":"","context":"En \u00abSociedad\u00bb","block_context":{"text":"Sociedad","link":"https:\/\/www.24baires.com\/?cat=1"},"img":{"alt_text":"","src":"https:\/\/i0.wp.com\/www.24baires.com\/wp-content\/uploads\/2018\/03\/renga.jpg?resize=350%2C200","width":350,"height":200,"srcset":"https:\/\/i0.wp.com\/www.24baires.com\/wp-content\/uploads\/2018\/03\/renga.jpg?resize=350%2C200 1x, https:\/\/i0.wp.com\/www.24baires.com\/wp-content\/uploads\/2018\/03\/renga.jpg?resize=525%2C300 1.5x"},"classes":[]},{"id":24559,"url":"https:\/\/www.24baires.com\/?p=24559","url_meta":{"origin":95263,"position":5},"title":"Un joven que fue a ver un recital apareci\u00f3 muerto junto a la ruta","author":"Grupo Sierra","date":"28\/05\/2013","format":false,"excerpt":"PERGAMINO.- Un joven de 21 a\u00f1os que hab\u00eda asistido a un recital de La Renga en Pergamino fue hallado a un costado de la ruta provincial 32 con un golpe en la pelvis y un severo grado de hipotermia por lo que fue trasladado al Hospital San Jos\u00e9 donde falleci\u00f3.\u2026","rel":"","context":"En \u00abPoliciales\u00bb","block_context":{"text":"Policiales","link":"https:\/\/www.24baires.com\/?cat=49"},"img":{"alt_text":"joven renga muerto","src":"https:\/\/i0.wp.com\/www.24baires.com\/wp-content\/uploads\/2013\/05\/joven-renga-muerto-300x180.jpg?resize=350%2C200","width":350,"height":200},"classes":[]}],"jetpack_sharing_enabled":true,"jetpack_likes_enabled":true,"_links":{"self":[{"href":"https:\/\/www.24baires.com\/index.php?rest_route=\/wp\/v2\/posts\/95263","targetHints":{"allow":["GET"]}}],"collection":[{"href":"https:\/\/www.24baires.com\/index.php?rest_route=\/wp\/v2\/posts"}],"about":[{"href":"https:\/\/www.24baires.com\/index.php?rest_route=\/wp\/v2\/types\/post"}],"author":[{"embeddable":true,"href":"https:\/\/www.24baires.com\/index.php?rest_route=\/wp\/v2\/users\/8"}],"replies":[{"embeddable":true,"href":"https:\/\/www.24baires.com\/index.php?rest_route=%2Fwp%2Fv2%2Fcomments&post=95263"}],"version-history":[{"count":1,"href":"https:\/\/www.24baires.com\/index.php?rest_route=\/wp\/v2\/posts\/95263\/revisions"}],"predecessor-version":[{"id":95264,"href":"https:\/\/www.24baires.com\/index.php?rest_route=\/wp\/v2\/posts\/95263\/revisions\/95264"}],"wp:attachment":[{"href":"https:\/\/www.24baires.com\/index.php?rest_route=%2Fwp%2Fv2%2Fmedia&parent=95263"}],"wp:term":[{"taxonomy":"category","embeddable":true,"href":"https:\/\/www.24baires.com\/index.php?rest_route=%2Fwp%2Fv2%2Fcategories&post=95263"},{"taxonomy":"post_tag","embeddable":true,"href":"https:\/\/www.24baires.com\/index.php?rest_route=%2Fwp%2Fv2%2Ftags&post=95263"}],"curies":[{"name":"wp","href":"https:\/\/api.w.org\/{rel}","templated":true}]}}