{"id":9524,"date":"2012-12-17T20:02:13","date_gmt":"2012-12-17T23:02:13","guid":{"rendered":"http:\/\/www.24baires.com\/?p=9524"},"modified":"2012-12-17T20:02:19","modified_gmt":"2012-12-17T23:02:19","slug":"casal-nego-que-la-salida-del-jefe-policial-fuera-a-pedido-de-la-comision-candela-del-senado","status":"publish","type":"post","link":"https:\/\/www.24baires.com\/?p=9524","title":{"rendered":"Casal neg\u00f3 que la salida del Jefe Policial fuera a pedido de la Comisi\u00f3n Candela del Senado"},"content":{"rendered":"<p><a href=\"http:\/\/www.24baires.com\/provincia\/9524-casal-nego-que-la-salida-del-jefe-policial-fuera-a-pedido-de-la-comision-candela-del-senado\/attachment\/casal-24-baires\/\" rel=\"attachment wp-att-9527\"><img data-recalc-dims=\"1\" loading=\"lazy\" decoding=\"async\" class=\"aligncenter size-full wp-image-9527\" alt=\"CASAL 24 BAIRES\" src=\"https:\/\/i0.wp.com\/www.24baires.com\/wp-content\/uploads\/2012\/12\/CASAL-24-BAIRES.jpg?resize=560%2C341\" width=\"560\" height=\"341\" srcset=\"https:\/\/i0.wp.com\/www.24baires.com\/wp-content\/uploads\/2012\/12\/CASAL-24-BAIRES.jpg?w=560&amp;ssl=1 560w, https:\/\/i0.wp.com\/www.24baires.com\/wp-content\/uploads\/2012\/12\/CASAL-24-BAIRES.jpg?resize=300%2C182&amp;ssl=1 300w\" sizes=\"auto, (max-width: 560px) 100vw, 560px\" \/><\/a><\/p>\n<p><strong>LA PLATA-<\/strong> El ministro de Justicia y Seguridad bonaerense, en compa\u00f1\u00eda del Gobernador Daniel Scioli encabez\u00f3 el acto de egreso de 367 oficiales penitenciarios que trabajar\u00e1n en las 59 instituciones penales de la provincia. Neg\u00f3 que la salida de Castronuovo haya sido por pedido de la Comisi\u00f3n Candela del Senado. \u201cEste a\u00f1o cambi\u00e9 ochos cargos\u201d dijo.<!--more--><\/p>\n<p>Minutos antes de ingresar al hall principal del Pasaje Dardo Rocha de la capital provincial, interrogado sobre el rol de la Jefa del Servicio Penitenciario Bonaerense, Mar\u00eda Florencia Piermarini, el funcionario asegur\u00f3 que \u201ctiene instrucciones precisas de trabajar en la capacitaci\u00f3n, por eso este a\u00f1o de incorpor\u00f3 el Consejo Acad\u00e9mico, compuesto por jueces y universitarios para mejorar la curr\u00edcula, hacer un seguimiento, monitorear y que tenga impacto en los alumnos\u201d.<\/p>\n<p>Consultado sobre los cambios realizados la semana pasada en la c\u00fapula de la polic\u00eda, tuvieron que ver con un pedido de la Comisi\u00f3n Candela, Casal neg\u00f3 esta versi\u00f3n y asever\u00f3 que \u201csiempre hay cambios. Este a\u00f1o he cambiado ocho cargos de la c\u00fapula\u201d.<\/p>\n<p>\u201cTanto la c\u00fapula, como el resto de las autoridades policiales, ellos saben bien que esto es una tarea muy din\u00e1mica y donde vamos permanente cambiando para poner nuevas estrategias. Se debieron a una estrategia de gesti\u00f3n para ir actualizando y dinamizando las autoridades policiales\u201d, prosigui\u00f3.<\/p>\n<p>\u201cEn cuanto recibimos el informe de la Comisi\u00f3n del caso Candela, desde Washington, donde me encontraba en la Organizaci\u00f3n de Estados Americanos (OEA) orden\u00e9 abrir todas las actuaciones que est\u00e1n en este momento en tr\u00e1mite\u201d, explic\u00f3 el ministro.<\/p>\n<p>\u201cSon dos temas distintos, uno es la gesti\u00f3n y el otro son las actuaciones. Sobre las actuaciones queda a cargo de Asuntos Internos. Lo que es gesti\u00f3n, como ministro, dispongo los cambios que considero necesarios para fortalecer el trabajo policial.<br \/>\nSiempre hay cambios en la c\u00fapula, ya cambi\u00e9 tres, las cambio siempre\u201d, concluy\u00f3 Casal.<\/p>\n<p>D\u00edas atr\u00e1s, el ministro Casal desplaz\u00f3 de sus cargos alsuperintendente de Seguridad Siniestral, Roberto Castronuovo; al de Delitos Complejos y Crimen Organizado, Walter Carballo; y al de Seguridad Interior Norte-Oeste, Sergio Zudaire.<\/p>\n<p>&nbsp;<\/p>\n","protected":false},"excerpt":{"rendered":"<p>LA PLATA- El ministro de Justicia y Seguridad bonaerense, en compa\u00f1\u00eda del Gobernador Daniel Scioli encabez\u00f3 el acto de egreso de 367 oficiales penitenciarios que trabajar\u00e1n en las 59 instituciones penales de la provincia. Neg\u00f3 que la salida de Castronuovo haya sido por pedido de la Comisi\u00f3n Candela del Senado. \u201cEste a\u00f1o cambi\u00e9 ochos cargos\u201d dijo.<\/p>\n","protected":false},"author":11,"featured_media":0,"comment_status":"open","ping_status":"open","sticky":false,"template":"","format":"standard","meta":{"_jetpack_newsletter_access":"","_jetpack_dont_email_post_to_subs":false,"_jetpack_newsletter_tier_id":0,"_jetpack_memberships_contains_paywalled_content":false,"_jetpack_memberships_contains_paid_content":false,"footnotes":""},"categories":[40],"tags":[],"class_list":["post-9524","post","type-post","status-publish","format-standard","hentry","category-provincia"],"jetpack_featured_media_url":"","jetpack_shortlink":"https:\/\/wp.me\/p2JWE0-2tC","jetpack-related-posts":[{"id":429,"url":"https:\/\/www.24baires.com\/?p=429","url_meta":{"origin":9524,"position":0},"title":"Ahora Casal dice que investigar\u00e1 a los polic\u00edas involucrados en el crimen de Candela","author":"Grupo Sierra","date":"25\/09\/2012","format":false,"excerpt":"El ministro de Justicia y Seguridad inform\u00f3 que intervendr\u00e1 Asuntos Internos para \"iniciar los sumarios e investigaciones sumariales a cada uno de los funcionarios sindicados\u201d en el informe de la Comisi\u00f3n Candela del Senado, incluido el jefe de la Bonaerense, Hugo Matzkin. Aunque el gobernador Daniel Scioli sigue sin pronunciarse\u2026","rel":"","context":"En \u00abProvincia\u00bb","block_context":{"text":"Provincia","link":"https:\/\/www.24baires.com\/?cat=40"},"img":{"alt_text":"","src":"https:\/\/i0.wp.com\/www.24baires.com\/wp-content\/uploads\/2012\/09\/casal-ricardo.jpg?resize=350%2C200","width":350,"height":200,"srcset":"https:\/\/i0.wp.com\/www.24baires.com\/wp-content\/uploads\/2012\/09\/casal-ricardo.jpg?resize=350%2C200 1x, https:\/\/i0.wp.com\/www.24baires.com\/wp-content\/uploads\/2012\/09\/casal-ricardo.jpg?resize=525%2C300 1.5x"},"classes":[]},{"id":941,"url":"https:\/\/www.24baires.com\/?p=941","url_meta":{"origin":9524,"position":1},"title":"Segundo pedido de Juicio Pol\u00edtico para Casal por el caso Candela","author":"AF","date":"03\/10\/2012","format":false,"excerpt":"La presentaci\u00f3n fue hecha hoy en la Legislatura por Marcelo Mazzeo, que representa a Gladys Cabrera, una de las acusadas del secuestro y posterior asesinato de Candela Sol Rodr\u00edguez. \u201cEl ministro Casal no puede hacerse el tonto y decir que desconoce que la Polic\u00eda tiene v\u00ednculos con el narcotr\u00e1fico, que\u2026","rel":"","context":"En \u00abPol\u00edtica\u00bb","block_context":{"text":"Pol\u00edtica","link":"https:\/\/www.24baires.com\/?cat=51"},"img":{"alt_text":"","src":"https:\/\/i0.wp.com\/www.24baires.com\/wp-content\/uploads\/2012\/10\/Casal-248x300.jpg?resize=350%2C200","width":350,"height":200},"classes":[]},{"id":22305,"url":"https:\/\/www.24baires.com\/?p=22305","url_meta":{"origin":9524,"position":2},"title":"Mariotto presidi\u00f3 la &#8216;Comisi\u00f3n Candela&#8217; y dijo no estar \u00abfrustrado\u00bb por la falta de apoyo del Ejecutivo","author":"Grupo Sierra","date":"30\/04\/2013","format":false,"excerpt":"El vicegobernador abri\u00f3 la primera reuni\u00f3n de los integrantes de la Comisi\u00f3n de Acompa\u00f1amiento para el Esclarecimiento del Asesinato de Candela Sol Rodr\u00edguez, tras la dudosa muerte del testigo Roberto An\u00edbal. El cuerpo tambi\u00e9n analizar\u00e1 las denuncias recabadas por Mariotto en Jun\u00edn, que comprometen a la Polic\u00eda Bonaerense, al poder\u2026","rel":"","context":"En \u00abProvincia\u00bb","block_context":{"text":"Provincia","link":"https:\/\/www.24baires.com\/?cat=40"},"img":{"alt_text":"mariotto candela","src":"https:\/\/i0.wp.com\/www.24baires.com\/wp-content\/uploads\/2013\/04\/mariotto-candela-300x182.jpg?resize=350%2C200","width":350,"height":200},"classes":[]},{"id":16556,"url":"https:\/\/www.24baires.com\/?p=16556","url_meta":{"origin":9524,"position":3},"title":"Plenario de Pol\u00edticas P\u00fablicas: el caso Candela ser\u00e1 uno de los ejes centrales","author":"AF","date":"23\/02\/2013","format":false,"excerpt":"La secretaria de la Comisi\u00f3n Especial creada en el Senado bonaerense, Marta Arriola, llam\u00f3 a \"seguir aprendiendo y trabajando en la construcci\u00f3n de un nuevo modelo de seguridad provincial\u201d. Adem\u00e1s, destac\u00f3 la gesti\u00f3n del vicegobernador Gabriel Mariotto por \u201cgenerar pol\u00edticas p\u00fablicas desde la participaci\u00f3n popular\u201d. La Comisi\u00f3n de Seguridad del\u2026","rel":"","context":"En \u00abProvincia\u00bb","block_context":{"text":"Provincia","link":"https:\/\/www.24baires.com\/?cat=40"},"img":{"alt_text":"candela","src":"https:\/\/i0.wp.com\/www.24baires.com\/wp-content\/uploads\/2012\/10\/candela-300x188.jpg?resize=350%2C200","width":350,"height":200},"classes":[]},{"id":22189,"url":"https:\/\/www.24baires.com\/?p=22189","url_meta":{"origin":9524,"position":4},"title":"\u00abNi el Ejecutivo ni el Judicial tuvieron en cuenta las recomendaciones de la Comisi\u00f3n Candela\u00bb","author":"AF","date":"29\/04\/2013","format":false,"excerpt":"Lo dijo la senadora Mar\u00eda Isabel Gainza, quien integra la Comisi\u00f3n Candela del Senado bonaerense que ma\u00f1ana a las 14 volver\u00e1 reunirse tras la sospechosa muerte del testigo Roberto An\u00edbal. En ese sentido, calific\u00f3 el hecho como \u201cmuy grave\u201d y asegur\u00f3 que el hombre \u201cfue muy claro en su denuncia\u2026","rel":"","context":"En \u00abSociedad\u00bb","block_context":{"text":"Sociedad","link":"https:\/\/www.24baires.com\/?cat=1"},"img":{"alt_text":"candela 2","src":"https:\/\/i0.wp.com\/www.24baires.com\/wp-content\/uploads\/2013\/04\/candela-2-300x187.jpg?resize=350%2C200","width":350,"height":200},"classes":[]},{"id":328,"url":"https:\/\/www.24baires.com\/?p=328","url_meta":{"origin":9524,"position":5},"title":"Caso Candela: Piden Juicio Pol\u00edtico a Casal","author":"Grupo Sierra","date":"24\/09\/2012","format":false,"excerpt":"La solicitud fue presentada la semana pasada por el presidente del bloque de diputados de la CC-ARI, Walter Martello. Afirm\u00f3 que la Corte les \"pregunt\u00f3\u201d a los senadores si efectuaron las denuncias penales que est\u00e1n obligados a realizar por las graves irregularidades detectadas por la comisi\u00f3n investigadora. Luego de las\u2026","rel":"","context":"En \u00abPol\u00edtica\u00bb","block_context":{"text":"Pol\u00edtica","link":"https:\/\/www.24baires.com\/?cat=51"},"img":{"alt_text":"","src":"https:\/\/i0.wp.com\/www.24baires.com\/wp-content\/uploads\/2012\/09\/Candela-300x300.jpg?resize=350%2C200","width":350,"height":200},"classes":[]}],"jetpack_sharing_enabled":true,"jetpack_likes_enabled":true,"_links":{"self":[{"href":"https:\/\/www.24baires.com\/index.php?rest_route=\/wp\/v2\/posts\/9524","targetHints":{"allow":["GET"]}}],"collection":[{"href":"https:\/\/www.24baires.com\/index.php?rest_route=\/wp\/v2\/posts"}],"about":[{"href":"https:\/\/www.24baires.com\/index.php?rest_route=\/wp\/v2\/types\/post"}],"author":[{"embeddable":true,"href":"https:\/\/www.24baires.com\/index.php?rest_route=\/wp\/v2\/users\/11"}],"replies":[{"embeddable":true,"href":"https:\/\/www.24baires.com\/index.php?rest_route=%2Fwp%2Fv2%2Fcomments&post=9524"}],"version-history":[{"count":4,"href":"https:\/\/www.24baires.com\/index.php?rest_route=\/wp\/v2\/posts\/9524\/revisions"}],"predecessor-version":[{"id":9531,"href":"https:\/\/www.24baires.com\/index.php?rest_route=\/wp\/v2\/posts\/9524\/revisions\/9531"}],"wp:attachment":[{"href":"https:\/\/www.24baires.com\/index.php?rest_route=%2Fwp%2Fv2%2Fmedia&parent=9524"}],"wp:term":[{"taxonomy":"category","embeddable":true,"href":"https:\/\/www.24baires.com\/index.php?rest_route=%2Fwp%2Fv2%2Fcategories&post=9524"},{"taxonomy":"post_tag","embeddable":true,"href":"https:\/\/www.24baires.com\/index.php?rest_route=%2Fwp%2Fv2%2Ftags&post=9524"}],"curies":[{"name":"wp","href":"https:\/\/api.w.org\/{rel}","templated":true}]}}